{"id":11495,"date":"2021-06-05T23:28:43","date_gmt":"2021-06-05T21:28:43","guid":{"rendered":"http:\/\/startitkbs.org\/?p=11495"},"modified":"2021-06-07T09:57:07","modified_gmt":"2021-06-07T07:57:07","slug":"a-20-minutes-de-paris-une-ancienne-ferme-va-faire-vivre-votre-mois-de-juillet","status":"publish","type":"post","link":"http:\/\/startitkbs.org\/index.php\/2021\/06\/05\/a-20-minutes-de-paris-une-ancienne-ferme-va-faire-vivre-votre-mois-de-juillet\/","title":{"rendered":"\u00c0 20 minutes de Paris, une ancienne ferme va faire vivre votre mois de juillet"},"content":{"rendered":"\n<p><em>C&#8217;est la Ferme du Buisson situ\u00e9e dans le 77 qui va vous accueillir ce mois de juillet. Avec plus de 2600 m2 de jardin, l&#8217;ambiance sera DJ sets avec \u00e0 boire et \u00e0 manger tout en profitant de projections et tout cela, sans t\u00e9l\u00e9phone afin de se d\u00e9connecter un maximum. <\/em><\/p>\n\n\n\n<p>Situ\u00e9 \u00e0 Noisiel, cet endroit n&#8217;est qu&#8217;\u00e0 20 minutes de Paris, et il y en aura pour tous les \u00e2ges avec des jeux, du sport pour les plus d\u00e9termin\u00e9s, du cin\u00e9ma et des drags show. <strong>Plein Soleil<\/strong>, <strong>Bleue Nuit<\/strong>,&nbsp;<strong>Sarcus<\/strong>&nbsp;et&nbsp;<strong>Make it Deep<\/strong> sont \u00e0 l&#8217;origine du projet et c&#8217;est eux que nous devons remercier. Simon Hamel, cofondateur de <strong>Bleue Nuit<\/strong>, aborde la fa\u00e7on dont le lieu a \u00e9t\u00e9 con\u00e7u : \u00ab&nbsp;<em>Je dirais que c\u2019est le point fort de l\u2019\u00e9v\u00e8nement. Il y a ces grandes halles qui surplombent tous ces espaces verts sublimes, c\u2019est d\u00e9paysant !<\/em>&nbsp;\u00bb, afin de nous donner l&#8217;eau \u00e0 la bouche. <\/p>\n\n\n\n<figure class=\"wp-block-image is-style-default\"><img src=\"https:\/\/trxprds3.s3.amazonaws.com\/uploads\/2021\/05\/imgp7209-1200x798.jpg\" alt=\"\"\/><\/figure>\n\n\n\n<p>Vous vous demanderez tr\u00e8s certainement le programme de ce mois rempli de folies, il y aura 32 rendez-vous et les week-ends seront investis par 11 organisations ext\u00e9rieures au projet <\/p>\n\n\n\n<ul><li>3 juillet : Badaboum et le Rex Club<\/li><li>4 juillet : Dure Vie<\/li><li>10 juillet : Club Trax<\/li><li>11 juillet : La Mona<\/li><li>17 juillet : TBA<\/li><li>18 juillet : Nodd Club<\/li><li>24 juillet : Automatic Writing<\/li><li>25 juillet : Microclimat&nbsp;<\/li><li>31 juillet : Yoyaku<\/li><li>1er ao\u00fbt : Monticule&nbsp;<\/li><\/ul>\n\n\n\n<p>\u00ab&nbsp;<em>On est tr\u00e8s heureux de cette programmation qui repr\u00e9sente bien la diversit\u00e9 du paysage fran\u00e7ais<\/em>&nbsp;\u00bb, commente No\u00e9 Thoraval, cofondateur de <strong>Bleue Nuit<\/strong>.<\/p>\n\n\n\n<p>Au-del\u00e0 de la cr\u00e9ation des \u00e9v\u00e9nements, Plein Soleil a la volont\u00e9 de cr\u00e9er un monde et une communaut\u00e9 durable. Tout d&#8217;abord, en faisant appel \u00e0 des producteurs situ\u00e9s au maximum \u00e0 150\u2009km. De plus, les t\u00e9l\u00e9phones devront \u00eatre d\u00e9pos\u00e9s \u00e0 l&#8217;entr\u00e9e pour pouvoir r\u00e9ellement se d\u00e9connecter : \u00ab&nbsp;<em>Les notifications, \u00e9crans et r\u00e9seaux sociaux ont complexifi\u00e9 de fa\u00e7on paradoxale notre capacit\u00e9 \u00e0 vivre-ensemble, \u00e0 communiquer et \u00e0 nous exprimer<\/em>&nbsp;\u00bb, pr\u00e9cise l&#8217;\u00e9quipe en charge de l&#8217;open air. \u00ab<em>&nbsp;Apr\u00e8s une ann\u00e9e de pand\u00e9mie o\u00f9 les relations sociales non digitales ont \u00e9t\u00e9 dramatiquement restreintes, le besoin de d\u00e9connexion est partag\u00e9 par une majorit\u00e9.<\/em>&nbsp;\u00bb<\/p>\n\n\n\n<p>Enjoy &amp; Stay Tuned.<\/p>\n","protected":false},"excerpt":{"rendered":"<p>C&#8217;est la Ferme du Buisson situ\u00e9e dans le 77 qui va vous accueillir ce mois de juillet. Avec plus de 2600 m2 de jardin, l&#8217;ambiance sera DJ sets avec \u00e0 boire et \u00e0 manger tout en profitant de projections et tout cela, sans t\u00e9l\u00e9phone afin de se d\u00e9connecter un maximum. Situ\u00e9 \u00e0 Noisiel, cet endroit &#8230; <a title=\"\u00c0 20 minutes de Paris, une ancienne ferme va faire vivre votre mois de juillet\" class=\"read-more\" href=\"http:\/\/startitkbs.org\/index.php\/2021\/06\/05\/a-20-minutes-de-paris-une-ancienne-ferme-va-faire-vivre-votre-mois-de-juillet\/\">Lire la suite <span class=\"screen-reader-text\">\u00c0 20 minutes de Paris, une ancienne ferme va faire vivre votre mois de juillet<\/span><\/a><\/p>\n","protected":false},"author":1,"featured_media":11498,"comment_status":"open","ping_status":"open","sticky":false,"template":"","format":"standard","meta":{"_mi_skip_tracking":false,"cybocfi_hide_featured_image":""},"categories":[829],"tags":[],"yoast_head":"<!-- This site is optimized with the Yoast SEO plugin v18.0 - https:\/\/yoast.com\/wordpress\/plugins\/seo\/ -->\n<title>\u00c0 20 minutes de Paris, une ancienne ferme va faire vivre votre mois de juillet - Start It<\/title>\n<meta name=\"robots\" content=\"index, follow, max-snippet:-1, max-image-preview:large, max-video-preview:-1\" \/>\n<link rel=\"canonical\" href=\"http:\/\/startitkbs.org\/index.php\/2021\/06\/05\/a-20-minutes-de-paris-une-ancienne-ferme-va-faire-vivre-votre-mois-de-juillet\/\" \/>\n<meta property=\"og:locale\" content=\"fr_FR\" \/>\n<meta property=\"og:type\" content=\"article\" \/>\n<meta property=\"og:title\" content=\"\u00c0 20 minutes de Paris, une ancienne ferme va faire vivre votre mois de juillet - Start It\" \/>\n<meta property=\"og:description\" content=\"C&#8217;est la Ferme du Buisson situ\u00e9e dans le 77 qui va vous accueillir ce mois de juillet. Avec plus de 2600 m2 de jardin, l&#8217;ambiance sera DJ sets avec \u00e0 boire et \u00e0 manger tout en profitant de projections et tout cela, sans t\u00e9l\u00e9phone afin de se d\u00e9connecter un maximum. Situ\u00e9 \u00e0 Noisiel, cet endroit ... Lire la suite \u00c0 20 minutes de Paris, une ancienne ferme va faire vivre votre mois de juillet\" \/>\n<meta property=\"og:url\" content=\"http:\/\/startitkbs.org\/index.php\/2021\/06\/05\/a-20-minutes-de-paris-une-ancienne-ferme-va-faire-vivre-votre-mois-de-juillet\/\" \/>\n<meta property=\"og:site_name\" content=\"Start It\" \/>\n<meta property=\"article:publisher\" content=\"https:\/\/www.facebook.com\/startitkedgebs\/?ref=br_rs\" \/>\n<meta property=\"article:published_time\" content=\"2021-06-05T21:28:43+00:00\" \/>\n<meta property=\"article:modified_time\" content=\"2021-06-07T07:57:07+00:00\" \/>\n<meta property=\"og:image\" content=\"http:\/\/startitkbs.org\/wp-content\/uploads\/2021\/06\/chalet-de-la-porte-jaune-9-1200x675-1.jpeg\" \/>\n\t<meta property=\"og:image:width\" content=\"1200\" \/>\n\t<meta property=\"og:image:height\" content=\"675\" \/>\n\t<meta property=\"og:image:type\" content=\"image\/jpeg\" \/>\n<meta name=\"twitter:card\" content=\"summary_large_image\" \/>\n<meta name=\"twitter:label1\" content=\"\u00c9crit par\" \/>\n\t<meta name=\"twitter:data1\" content=\"admin2897\" \/>\n\t<meta name=\"twitter:label2\" content=\"Dur\u00e9e de lecture estim\u00e9e\" \/>\n\t<meta name=\"twitter:data2\" content=\"2 minutes\" \/>\n<script type=\"application\/ld+json\" class=\"yoast-schema-graph\">{\"@context\":\"https:\/\/schema.org\",\"@graph\":[{\"@type\":\"WebSite\",\"@id\":\"https:\/\/startitkbs.org\/#website\",\"url\":\"https:\/\/startitkbs.org\/\",\"name\":\"Start It\",\"description\":\"Association musicale Bordelaise\",\"potentialAction\":[{\"@type\":\"SearchAction\",\"target\":{\"@type\":\"EntryPoint\",\"urlTemplate\":\"https:\/\/startitkbs.org\/?s={search_term_string}\"},\"query-input\":\"required name=search_term_string\"}],\"inLanguage\":\"fr-FR\"},{\"@type\":\"ImageObject\",\"@id\":\"http:\/\/startitkbs.org\/index.php\/2021\/06\/05\/a-20-minutes-de-paris-une-ancienne-ferme-va-faire-vivre-votre-mois-de-juillet\/#primaryimage\",\"inLanguage\":\"fr-FR\",\"url\":\"http:\/\/startitkbs.org\/wp-content\/uploads\/2021\/06\/chalet-de-la-porte-jaune-9-1200x675-1.jpeg\",\"contentUrl\":\"http:\/\/startitkbs.org\/wp-content\/uploads\/2021\/06\/chalet-de-la-porte-jaune-9-1200x675-1.jpeg\",\"width\":1200,\"height\":675},{\"@type\":\"WebPage\",\"@id\":\"http:\/\/startitkbs.org\/index.php\/2021\/06\/05\/a-20-minutes-de-paris-une-ancienne-ferme-va-faire-vivre-votre-mois-de-juillet\/#webpage\",\"url\":\"http:\/\/startitkbs.org\/index.php\/2021\/06\/05\/a-20-minutes-de-paris-une-ancienne-ferme-va-faire-vivre-votre-mois-de-juillet\/\",\"name\":\"\u00c0 20 minutes de Paris, une ancienne ferme va faire vivre votre mois de juillet - Start It\",\"isPartOf\":{\"@id\":\"https:\/\/startitkbs.org\/#website\"},\"primaryImageOfPage\":{\"@id\":\"http:\/\/startitkbs.org\/index.php\/2021\/06\/05\/a-20-minutes-de-paris-une-ancienne-ferme-va-faire-vivre-votre-mois-de-juillet\/#primaryimage\"},\"datePublished\":\"2021-06-05T21:28:43+00:00\",\"dateModified\":\"2021-06-07T07:57:07+00:00\",\"author\":{\"@id\":\"https:\/\/startitkbs.org\/#\/schema\/person\/8c88adfb2a5b438d677c5af9c9a39911\"},\"breadcrumb\":{\"@id\":\"http:\/\/startitkbs.org\/index.php\/2021\/06\/05\/a-20-minutes-de-paris-une-ancienne-ferme-va-faire-vivre-votre-mois-de-juillet\/#breadcrumb\"},\"inLanguage\":\"fr-FR\",\"potentialAction\":[{\"@type\":\"ReadAction\",\"target\":[\"http:\/\/startitkbs.org\/index.php\/2021\/06\/05\/a-20-minutes-de-paris-une-ancienne-ferme-va-faire-vivre-votre-mois-de-juillet\/\"]}]},{\"@type\":\"BreadcrumbList\",\"@id\":\"http:\/\/startitkbs.org\/index.php\/2021\/06\/05\/a-20-minutes-de-paris-une-ancienne-ferme-va-faire-vivre-votre-mois-de-juillet\/#breadcrumb\",\"itemListElement\":[{\"@type\":\"ListItem\",\"position\":1,\"name\":\"Home\",\"item\":\"https:\/\/startitkbs.org\/\"},{\"@type\":\"ListItem\",\"position\":2,\"name\":\"\u00c0 20 minutes de Paris, une ancienne ferme va faire vivre votre mois de juillet\"}]},{\"@type\":\"Person\",\"@id\":\"https:\/\/startitkbs.org\/#\/schema\/person\/8c88adfb2a5b438d677c5af9c9a39911\",\"name\":\"admin2897\",\"image\":{\"@type\":\"ImageObject\",\"@id\":\"https:\/\/startitkbs.org\/#personlogo\",\"inLanguage\":\"fr-FR\",\"url\":\"http:\/\/1.gravatar.com\/avatar\/d10c7dbba691436d15270e320ee1de0d?s=96&d=mm&r=g\",\"contentUrl\":\"http:\/\/1.gravatar.com\/avatar\/d10c7dbba691436d15270e320ee1de0d?s=96&d=mm&r=g\",\"caption\":\"admin2897\"},\"url\":\"http:\/\/startitkbs.org\/index.php\/author\/admin2897\/\"}]}<\/script>\n<!-- \/ Yoast SEO plugin. -->","yoast_head_json":{"title":"\u00c0 20 minutes de Paris, une ancienne ferme va faire vivre votre mois de juillet - Start It","robots":{"index":"index","follow":"follow","max-snippet":"max-snippet:-1","max-image-preview":"max-image-preview:large","max-video-preview":"max-video-preview:-1"},"canonical":"http:\/\/startitkbs.org\/index.php\/2021\/06\/05\/a-20-minutes-de-paris-une-ancienne-ferme-va-faire-vivre-votre-mois-de-juillet\/","og_locale":"fr_FR","og_type":"article","og_title":"\u00c0 20 minutes de Paris, une ancienne ferme va faire vivre votre mois de juillet - Start It","og_description":"C&#8217;est la Ferme du Buisson situ\u00e9e dans le 77 qui va vous accueillir ce mois de juillet. Avec plus de 2600 m2 de jardin, l&#8217;ambiance sera DJ sets avec \u00e0 boire et \u00e0 manger tout en profitant de projections et tout cela, sans t\u00e9l\u00e9phone afin de se d\u00e9connecter un maximum. Situ\u00e9 \u00e0 Noisiel, cet endroit ... Lire la suite \u00c0 20 minutes de Paris, une ancienne ferme va faire vivre votre mois de juillet","og_url":"http:\/\/startitkbs.org\/index.php\/2021\/06\/05\/a-20-minutes-de-paris-une-ancienne-ferme-va-faire-vivre-votre-mois-de-juillet\/","og_site_name":"Start It","article_publisher":"https:\/\/www.facebook.com\/startitkedgebs\/?ref=br_rs","article_published_time":"2021-06-05T21:28:43+00:00","article_modified_time":"2021-06-07T07:57:07+00:00","og_image":[{"width":1200,"height":675,"url":"http:\/\/startitkbs.org\/wp-content\/uploads\/2021\/06\/chalet-de-la-porte-jaune-9-1200x675-1.jpeg","type":"image\/jpeg"}],"twitter_card":"summary_large_image","twitter_misc":{"\u00c9crit par":"admin2897","Dur\u00e9e de lecture estim\u00e9e":"2 minutes"},"schema":{"@context":"https:\/\/schema.org","@graph":[{"@type":"WebSite","@id":"https:\/\/startitkbs.org\/#website","url":"https:\/\/startitkbs.org\/","name":"Start It","description":"Association musicale Bordelaise","potentialAction":[{"@type":"SearchAction","target":{"@type":"EntryPoint","urlTemplate":"https:\/\/startitkbs.org\/?s={search_term_string}"},"query-input":"required name=search_term_string"}],"inLanguage":"fr-FR"},{"@type":"ImageObject","@id":"http:\/\/startitkbs.org\/index.php\/2021\/06\/05\/a-20-minutes-de-paris-une-ancienne-ferme-va-faire-vivre-votre-mois-de-juillet\/#primaryimage","inLanguage":"fr-FR","url":"http:\/\/startitkbs.org\/wp-content\/uploads\/2021\/06\/chalet-de-la-porte-jaune-9-1200x675-1.jpeg","contentUrl":"http:\/\/startitkbs.org\/wp-content\/uploads\/2021\/06\/chalet-de-la-porte-jaune-9-1200x675-1.jpeg","width":1200,"height":675},{"@type":"WebPage","@id":"http:\/\/startitkbs.org\/index.php\/2021\/06\/05\/a-20-minutes-de-paris-une-ancienne-ferme-va-faire-vivre-votre-mois-de-juillet\/#webpage","url":"http:\/\/startitkbs.org\/index.php\/2021\/06\/05\/a-20-minutes-de-paris-une-ancienne-ferme-va-faire-vivre-votre-mois-de-juillet\/","name":"\u00c0 20 minutes de Paris, une ancienne ferme va faire vivre votre mois de juillet - Start It","isPartOf":{"@id":"https:\/\/startitkbs.org\/#website"},"primaryImageOfPage":{"@id":"http:\/\/startitkbs.org\/index.php\/2021\/06\/05\/a-20-minutes-de-paris-une-ancienne-ferme-va-faire-vivre-votre-mois-de-juillet\/#primaryimage"},"datePublished":"2021-06-05T21:28:43+00:00","dateModified":"2021-06-07T07:57:07+00:00","author":{"@id":"https:\/\/startitkbs.org\/#\/schema\/person\/8c88adfb2a5b438d677c5af9c9a39911"},"breadcrumb":{"@id":"http:\/\/startitkbs.org\/index.php\/2021\/06\/05\/a-20-minutes-de-paris-une-ancienne-ferme-va-faire-vivre-votre-mois-de-juillet\/#breadcrumb"},"inLanguage":"fr-FR","potentialAction":[{"@type":"ReadAction","target":["http:\/\/startitkbs.org\/index.php\/2021\/06\/05\/a-20-minutes-de-paris-une-ancienne-ferme-va-faire-vivre-votre-mois-de-juillet\/"]}]},{"@type":"BreadcrumbList","@id":"http:\/\/startitkbs.org\/index.php\/2021\/06\/05\/a-20-minutes-de-paris-une-ancienne-ferme-va-faire-vivre-votre-mois-de-juillet\/#breadcrumb","itemListElement":[{"@type":"ListItem","position":1,"name":"Home","item":"https:\/\/startitkbs.org\/"},{"@type":"ListItem","position":2,"name":"\u00c0 20 minutes de Paris, une ancienne ferme va faire vivre votre mois de juillet"}]},{"@type":"Person","@id":"https:\/\/startitkbs.org\/#\/schema\/person\/8c88adfb2a5b438d677c5af9c9a39911","name":"admin2897","image":{"@type":"ImageObject","@id":"https:\/\/startitkbs.org\/#personlogo","inLanguage":"fr-FR","url":"http:\/\/1.gravatar.com\/avatar\/d10c7dbba691436d15270e320ee1de0d?s=96&d=mm&r=g","contentUrl":"http:\/\/1.gravatar.com\/avatar\/d10c7dbba691436d15270e320ee1de0d?s=96&d=mm&r=g","caption":"admin2897"},"url":"http:\/\/startitkbs.org\/index.php\/author\/admin2897\/"}]}},"_links":{"self":[{"href":"http:\/\/startitkbs.org\/index.php\/wp-json\/wp\/v2\/posts\/11495"}],"collection":[{"href":"http:\/\/startitkbs.org\/index.php\/wp-json\/wp\/v2\/posts"}],"about":[{"href":"http:\/\/startitkbs.org\/index.php\/wp-json\/wp\/v2\/types\/post"}],"author":[{"embeddable":true,"href":"http:\/\/startitkbs.org\/index.php\/wp-json\/wp\/v2\/users\/1"}],"replies":[{"embeddable":true,"href":"http:\/\/startitkbs.org\/index.php\/wp-json\/wp\/v2\/comments?post=11495"}],"version-history":[{"count":6,"href":"http:\/\/startitkbs.org\/index.php\/wp-json\/wp\/v2\/posts\/11495\/revisions"}],"predecessor-version":[{"id":11510,"href":"http:\/\/startitkbs.org\/index.php\/wp-json\/wp\/v2\/posts\/11495\/revisions\/11510"}],"wp:featuredmedia":[{"embeddable":true,"href":"http:\/\/startitkbs.org\/index.php\/wp-json\/wp\/v2\/media\/11498"}],"wp:attachment":[{"href":"http:\/\/startitkbs.org\/index.php\/wp-json\/wp\/v2\/media?parent=11495"}],"wp:term":[{"taxonomy":"category","embeddable":true,"href":"http:\/\/startitkbs.org\/index.php\/wp-json\/wp\/v2\/categories?post=11495"},{"taxonomy":"post_tag","embeddable":true,"href":"http:\/\/startitkbs.org\/index.php\/wp-json\/wp\/v2\/tags?post=11495"}],"curies":[{"name":"wp","href":"https:\/\/api.w.org\/{rel}","templated":true}]}}