{"id":11511,"date":"2021-06-07T22:39:35","date_gmt":"2021-06-07T20:39:35","guid":{"rendered":"http:\/\/startitkbs.org\/?p=11511"},"modified":"2021-06-07T22:39:36","modified_gmt":"2021-06-07T20:39:36","slug":"ed-sheeran-au-tiktok-uefa-euro-2020-show","status":"publish","type":"post","link":"http:\/\/startitkbs.org\/index.php\/2021\/06\/07\/ed-sheeran-au-tiktok-uefa-euro-2020-show\/","title":{"rendered":"Ed Sheeran au TikTok UEFA Euro 2020 Show"},"content":{"rendered":"\n<p><em>Le chanteur britannique Ed Sheeran a annonc\u00e9 au travers d\u2019une vid\u00e9o TikTok sa participation au \u00ab\u00a0TikTok UEFA Euro 2020 Show\u00a0\u00bb, une c\u00e9r\u00e9monie c\u00e9l\u00e9brant la chanson au travers de l\u2019\u00e9v\u00e9nement sportif de football. Ce concert, qui aura lieu le 25 juin, marque la premi\u00e8re collaboration entre TikTok et l\u2019UEFA devenus partenaires en f\u00e9vrier dernier. Il sera aussi l\u2019occasion pour Ed Sheeran de d\u00e9voiler un nouveau single, son dernier datant de d\u00e9cembre 2020.<\/em><\/p>\n\n\n\n<p>Avec cette annonce, <strong>Ed Sheeran<\/strong> int\u00e8gre encore un peu plus le monde du football. En effet, il a sign\u00e9 il y a peu un contrat de sponsoring avec le club de troisi\u00e8me division anglaise \u00ab\u00a0Ipswich Town FC\u00a0\u00bb. Cet accord lui permet d\u2019afficher un myst\u00e9rieux logo sur le maillot de l\u2019\u00e9quipe\u00a0:\u00a0\u00ab\u00a0+-=\u00f7x Tour\u00a0\u00bb. Peut-\u00eatre l\u2019annonce d\u2019une nouvelle tourn\u00e9e pour le chanteur\u2026<\/p>\n\n\n\n<figure class=\"wp-block-image size-large is-resized\"><img loading=\"lazy\" src=\"http:\/\/startitkbs.org\/wp-content\/uploads\/2021\/06\/Ipswich-Town-21-22-Home-Kit-2.jpg\" alt=\"\" class=\"wp-image-11512\" width=\"427\" height=\"384\" srcset=\"http:\/\/startitkbs.org\/wp-content\/uploads\/2021\/06\/Ipswich-Town-21-22-Home-Kit-2.jpg 1000w, http:\/\/startitkbs.org\/wp-content\/uploads\/2021\/06\/Ipswich-Town-21-22-Home-Kit-2-300x270.jpg 300w, http:\/\/startitkbs.org\/wp-content\/uploads\/2021\/06\/Ipswich-Town-21-22-Home-Kit-2-768x691.jpg 768w\" sizes=\"(max-width: 427px) 100vw, 427px\" \/><\/figure>\n\n\n\n<p>Concernant le concert, il aura lieu dans le stade de son club partenaire \u00e0 Ipswich et sera disponible en direct sur l\u2019application TikTok. Le chanteur a d\u00e9clar\u00e9&nbsp;: \u00ab&nbsp;Je vais vous jouer de vielles chansons que vous connaissez forc\u00e9ment\u2026 Et une toute nouvelle que vous n&#8217;avez jamais entendue !&nbsp;\u00bb. On peut donc s\u2019attendre \u00e0 un show assez cons\u00e9quent, pourquoi pas agr\u00e9ment\u00e9 d\u2019autres artistes.<\/p>\n\n\n<blockquote class=\"instagram-media\" data-instgrm-captioned=\"\" data-instgrm-permalink=\"https:\/\/www.instagram.com\/p\/CPsD2FVhgPP\/?utm_source=ig_embed&amp;utm_campaign=loading\" data-instgrm-version=\"13\" style=\" background:#FFF; border:0; border-radius:3px; box-shadow:0 0 1px 0 rgba(0,0,0,0.5),0 1px 10px 0 rgba(0,0,0,0.15); margin: 1px; max-width:540px; min-width:326px; padding:0; width:99.375%; width:-webkit-calc(100% - 2px); width:calc(100% - 2px);\">\n<div style=\"padding:16px;\"> <a href=\"https:\/\/www.instagram.com\/p\/CPsD2FVhgPP\/?utm_source=ig_embed&amp;utm_campaign=loading\" style=\" background:#FFFFFF; line-height:0; padding:0 0; text-align:center; text-decoration:none; width:100%;\" target=\"_blank\" rel=\"noopener\"> <\/p>\n<div style=\" display: flex; flex-direction: row; align-items: center;\">\n<div style=\"background-color: #F4F4F4; border-radius: 50%; flex-grow: 0; height: 40px; margin-right: 14px; width: 40px;\"><\/div>\n<div style=\"display: flex; flex-direction: column; flex-grow: 1; justify-content: center;\">\n<div style=\" background-color: #F4F4F4; border-radius: 4px; flex-grow: 0; height: 14px; margin-bottom: 6px; width: 100px;\"><\/div>\n<div style=\" background-color: #F4F4F4; border-radius: 4px; flex-grow: 0; height: 14px; width: 60px;\"><\/div>\n<\/div>\n<\/div>\n<div style=\"padding: 19% 0;\"><\/div>\n<div style=\"display:block; height:50px; margin:0 auto 12px; width:50px;\"><svg width=\"50px\" height=\"50px\" viewBox=\"0 0 60 60\" version=\"1.1\" xmlns=\"https:\/\/www.w3.org\/2000\/svg\" xmlns:xlink=\"https:\/\/www.w3.org\/1999\/xlink\"><g stroke=\"none\" stroke-width=\"1\" fill=\"none\" fill-rule=\"evenodd\"><g transform=\"translate(-511.000000, -20.000000)\" fill=\"#000000\"><g><path d=\"M556.869,30.41 C554.814,30.41 553.148,32.076 553.148,34.131 C553.148,36.186 554.814,37.852 556.869,37.852 C558.924,37.852 560.59,36.186 560.59,34.131 C560.59,32.076 558.924,30.41 556.869,30.41 M541,60.657 C535.114,60.657 530.342,55.887 530.342,50 C530.342,44.114 535.114,39.342 541,39.342 C546.887,39.342 551.658,44.114 551.658,50 C551.658,55.887 546.887,60.657 541,60.657 M541,33.886 C532.1,33.886 524.886,41.1 524.886,50 C524.886,58.899 532.1,66.113 541,66.113 C549.9,66.113 557.115,58.899 557.115,50 C557.115,41.1 549.9,33.886 541,33.886 M565.378,62.101 C565.244,65.022 564.756,66.606 564.346,67.663 C563.803,69.06 563.154,70.057 562.106,71.106 C561.058,72.155 560.06,72.803 558.662,73.347 C557.607,73.757 556.021,74.244 553.102,74.378 C549.944,74.521 548.997,74.552 541,74.552 C533.003,74.552 532.056,74.521 528.898,74.378 C525.979,74.244 524.393,73.757 523.338,73.347 C521.94,72.803 520.942,72.155 519.894,71.106 C518.846,70.057 518.197,69.06 517.654,67.663 C517.244,66.606 516.755,65.022 516.623,62.101 C516.479,58.943 516.448,57.996 516.448,50 C516.448,42.003 516.479,41.056 516.623,37.899 C516.755,34.978 517.244,33.391 517.654,32.338 C518.197,30.938 518.846,29.942 519.894,28.894 C520.942,27.846 521.94,27.196 523.338,26.654 C524.393,26.244 525.979,25.756 528.898,25.623 C532.057,25.479 533.004,25.448 541,25.448 C548.997,25.448 549.943,25.479 553.102,25.623 C556.021,25.756 557.607,26.244 558.662,26.654 C560.06,27.196 561.058,27.846 562.106,28.894 C563.154,29.942 563.803,30.938 564.346,32.338 C564.756,33.391 565.244,34.978 565.378,37.899 C565.522,41.056 565.552,42.003 565.552,50 C565.552,57.996 565.522,58.943 565.378,62.101 M570.82,37.631 C570.674,34.438 570.167,32.258 569.425,30.349 C568.659,28.377 567.633,26.702 565.965,25.035 C564.297,23.368 562.623,22.342 560.652,21.575 C558.743,20.834 556.562,20.326 553.369,20.18 C550.169,20.033 549.148,20 541,20 C532.853,20 531.831,20.033 528.631,20.18 C525.438,20.326 523.257,20.834 521.349,21.575 C519.376,22.342 517.703,23.368 516.035,25.035 C514.368,26.702 513.342,28.377 512.574,30.349 C511.834,32.258 511.326,34.438 511.181,37.631 C511.035,40.831 511,41.851 511,50 C511,58.147 511.035,59.17 511.181,62.369 C511.326,65.562 511.834,67.743 512.574,69.651 C513.342,71.625 514.368,73.296 516.035,74.965 C517.703,76.634 519.376,77.658 521.349,78.425 C523.257,79.167 525.438,79.673 528.631,79.82 C531.831,79.965 532.853,80.001 541,80.001 C549.148,80.001 550.169,79.965 553.369,79.82 C556.562,79.673 558.743,79.167 560.652,78.425 C562.623,77.658 564.297,76.634 565.965,74.965 C567.633,73.296 568.659,71.625 569.425,69.651 C570.167,67.743 570.674,65.562 570.82,62.369 C570.966,59.17 571,58.147 571,50 C571,41.851 570.966,40.831 570.82,37.631\"><\/path><\/g><\/g><\/g><\/svg><\/div>\n<div style=\"padding-top: 8px;\">\n<div style=\" color:#3897f0; font-family:Arial,sans-serif; font-size:14px; font-style:normal; font-weight:550; line-height:18px;\"> Voir cette publication sur Instagram<\/div>\n<\/div>\n<div style=\"padding: 12.5% 0;\"><\/div>\n<div style=\"display: flex; flex-direction: row; margin-bottom: 14px; align-items: center;\">\n<div>\n<div style=\"background-color: #F4F4F4; border-radius: 50%; height: 12.5px; width: 12.5px; transform: translateX(0px) translateY(7px);\"><\/div>\n<div style=\"background-color: #F4F4F4; height: 12.5px; transform: rotate(-45deg) translateX(3px) translateY(1px); width: 12.5px; flex-grow: 0; margin-right: 14px; margin-left: 2px;\"><\/div>\n<div style=\"background-color: #F4F4F4; border-radius: 50%; height: 12.5px; width: 12.5px; transform: translateX(9px) translateY(-18px);\"><\/div>\n<\/div>\n<div style=\"margin-left: 8px;\">\n<div style=\" background-color: #F4F4F4; border-radius: 50%; flex-grow: 0; height: 20px; width: 20px;\"><\/div>\n<div style=\" width: 0; height: 0; border-top: 2px solid transparent; border-left: 6px solid #f4f4f4; border-bottom: 2px solid transparent; transform: translateX(16px) translateY(-4px) rotate(30deg)\"><\/div>\n<\/div>\n<div style=\"margin-left: auto;\">\n<div style=\" width: 0px; border-top: 8px solid #F4F4F4; border-right: 8px solid transparent; transform: translateY(16px);\"><\/div>\n<div style=\" background-color: #F4F4F4; flex-grow: 0; height: 12px; width: 16px; transform: translateY(-4px);\"><\/div>\n<div style=\" width: 0; height: 0; border-top: 8px solid #F4F4F4; border-left: 8px solid transparent; transform: translateY(-4px) translateX(8px);\"><\/div>\n<\/div>\n<\/div>\n<div style=\"display: flex; flex-direction: column; flex-grow: 1; justify-content: center; margin-bottom: 24px;\">\n<div style=\" background-color: #F4F4F4; border-radius: 4px; flex-grow: 0; height: 14px; margin-bottom: 6px; width: 224px;\"><\/div>\n<div style=\" background-color: #F4F4F4; border-radius: 4px; flex-grow: 0; height: 14px; width: 144px;\"><\/div>\n<\/div>\n<p><\/a><\/p>\n<p style=\" color:#c9c8cd; font-family:Arial,sans-serif; font-size:14px; line-height:17px; margin-bottom:0; margin-top:8px; overflow:hidden; padding:8px 0 7px; text-align:center; text-overflow:ellipsis; white-space:nowrap;\"><a href=\"https:\/\/www.instagram.com\/p\/CPsD2FVhgPP\/?utm_source=ig_embed&amp;utm_campaign=loading\" style=\" color:#c9c8cd; font-family:Arial,sans-serif; font-size:14px; font-style:normal; font-weight:normal; line-height:17px; text-decoration:none;\" target=\"_blank\" rel=\"noopener\">Une publication partag\u00e9e par Ed Sheeran (@teddysphotos)<\/a><\/p>\n<\/div>\n<\/blockquote>\n<p> <script async=\"\" src=\"\/\/www.instagram.com\/embed.js\"><\/script><\/p>\n\n\n\n<p>Le responsable \u00ab\u00a0musique\u00a0\u00bb chez TikTok, Paul Hourican, s\u2019est confi\u00e9 au sujet de l\u2019\u00e9v\u00e9nement\u00a0: \u00ab\u00a0Nous sommes honor\u00e9s d&#8217;accueillir <strong>Ed Sheeran<\/strong> pour ce live tr\u00e8s sp\u00e9cial pendant l&#8217;Euro. Il est l&#8217;une des plus grandes stars de la pop de sa g\u00e9n\u00e9ration, une v\u00e9ritable b\u00eate de sc\u00e8ne et je sais que ce moment sera vraiment sp\u00e9cial pour notre communaut\u00e9\u00a0\u00bb.<\/p>\n\n\n\n<p>Ce concert montre aussi la strat\u00e9gie du g\u00e9ant chinois dans sa conqu\u00eate du monde de la musique. L\u2019application joue aujourd\u2019hui un grand r\u00f4le dans la promotion et la diffusion des chansons. Il n\u2019est pas rare de voir qu&#8217;un morceau en tendance sur TikTok atteigne le top des classements sur les plateformes de streaming. Cette fois, il s\u2019agit de l\u2019organisation d\u2019un concert avec <strong>Ed Sheeran<\/strong> en t\u00eate d\u2019affiche. Une mont\u00e9e en puissance qui met en avant les ambitions du r\u00e9seau social. Jusqu\u2019o\u00f9 iront-ils\u00a0?<\/p>\n\n\n\n<p>Enjoy &amp; Stay Tuned.<\/p>\n","protected":false},"excerpt":{"rendered":"<p>Le chanteur britannique Ed Sheeran a annonc\u00e9 au travers d\u2019une vid\u00e9o TikTok sa participation au \u00ab\u00a0TikTok UEFA Euro 2020 Show\u00a0\u00bb, une c\u00e9r\u00e9monie c\u00e9l\u00e9brant la chanson au travers de l\u2019\u00e9v\u00e9nement sportif de football. Ce concert, qui aura lieu le 25 juin, marque la premi\u00e8re collaboration entre TikTok et l\u2019UEFA devenus partenaires en f\u00e9vrier dernier. Il sera &#8230; <a title=\"Ed Sheeran au TikTok UEFA Euro 2020 Show\" class=\"read-more\" href=\"http:\/\/startitkbs.org\/index.php\/2021\/06\/07\/ed-sheeran-au-tiktok-uefa-euro-2020-show\/\">Lire la suite <span class=\"screen-reader-text\">Ed Sheeran au TikTok UEFA Euro 2020 Show<\/span><\/a><\/p>\n","protected":false},"author":2,"featured_media":11521,"comment_status":"open","ping_status":"open","sticky":false,"template":"","format":"standard","meta":{"_mi_skip_tracking":false,"cybocfi_hide_featured_image":""},"categories":[829],"tags":[690,1102,976,1103],"yoast_head":"<!-- This site is optimized with the Yoast SEO plugin v18.0 - https:\/\/yoast.com\/wordpress\/plugins\/seo\/ -->\n<title>Ed Sheeran au TikTok UEFA Euro 2020 Show - Start It<\/title>\n<meta name=\"robots\" content=\"index, follow, max-snippet:-1, max-image-preview:large, max-video-preview:-1\" \/>\n<link rel=\"canonical\" href=\"http:\/\/startitkbs.org\/index.php\/2021\/06\/07\/ed-sheeran-au-tiktok-uefa-euro-2020-show\/\" \/>\n<meta property=\"og:locale\" content=\"fr_FR\" \/>\n<meta property=\"og:type\" content=\"article\" \/>\n<meta property=\"og:title\" content=\"Ed Sheeran au TikTok UEFA Euro 2020 Show - Start It\" \/>\n<meta property=\"og:description\" content=\"Le chanteur britannique Ed Sheeran a annonc\u00e9 au travers d\u2019une vid\u00e9o TikTok sa participation au \u00ab\u00a0TikTok UEFA Euro 2020 Show\u00a0\u00bb, une c\u00e9r\u00e9monie c\u00e9l\u00e9brant la chanson au travers de l\u2019\u00e9v\u00e9nement sportif de football. Ce concert, qui aura lieu le 25 juin, marque la premi\u00e8re collaboration entre TikTok et l\u2019UEFA devenus partenaires en f\u00e9vrier dernier. Il sera ... Lire la suite Ed Sheeran au TikTok UEFA Euro 2020 Show\" \/>\n<meta property=\"og:url\" content=\"http:\/\/startitkbs.org\/index.php\/2021\/06\/07\/ed-sheeran-au-tiktok-uefa-euro-2020-show\/\" \/>\n<meta property=\"og:site_name\" content=\"Start It\" \/>\n<meta property=\"article:publisher\" content=\"https:\/\/www.facebook.com\/startitkedgebs\/?ref=br_rs\" \/>\n<meta property=\"article:published_time\" content=\"2021-06-07T20:39:35+00:00\" \/>\n<meta property=\"article:modified_time\" content=\"2021-06-07T20:39:36+00:00\" \/>\n<meta property=\"og:image\" content=\"http:\/\/startitkbs.org\/wp-content\/uploads\/2021\/06\/TikTok-Ed-Sheeran.jpg\" \/>\n\t<meta property=\"og:image:width\" content=\"1000\" \/>\n\t<meta property=\"og:image:height\" content=\"562\" \/>\n\t<meta property=\"og:image:type\" content=\"image\/jpeg\" \/>\n<meta name=\"twitter:card\" content=\"summary_large_image\" \/>\n<meta name=\"twitter:label1\" content=\"\u00c9crit par\" \/>\n\t<meta name=\"twitter:data1\" content=\"Start It\" \/>\n\t<meta name=\"twitter:label2\" content=\"Dur\u00e9e de lecture estim\u00e9e\" \/>\n\t<meta name=\"twitter:data2\" content=\"2 minutes\" \/>\n<script type=\"application\/ld+json\" class=\"yoast-schema-graph\">{\"@context\":\"https:\/\/schema.org\",\"@graph\":[{\"@type\":\"WebSite\",\"@id\":\"https:\/\/startitkbs.org\/#website\",\"url\":\"https:\/\/startitkbs.org\/\",\"name\":\"Start It\",\"description\":\"Association musicale Bordelaise\",\"potentialAction\":[{\"@type\":\"SearchAction\",\"target\":{\"@type\":\"EntryPoint\",\"urlTemplate\":\"https:\/\/startitkbs.org\/?s={search_term_string}\"},\"query-input\":\"required name=search_term_string\"}],\"inLanguage\":\"fr-FR\"},{\"@type\":\"ImageObject\",\"@id\":\"http:\/\/startitkbs.org\/index.php\/2021\/06\/07\/ed-sheeran-au-tiktok-uefa-euro-2020-show\/#primaryimage\",\"inLanguage\":\"fr-FR\",\"url\":\"http:\/\/startitkbs.org\/wp-content\/uploads\/2021\/06\/TikTok-Ed-Sheeran.jpg\",\"contentUrl\":\"http:\/\/startitkbs.org\/wp-content\/uploads\/2021\/06\/TikTok-Ed-Sheeran.jpg\",\"width\":1000,\"height\":562},{\"@type\":\"WebPage\",\"@id\":\"http:\/\/startitkbs.org\/index.php\/2021\/06\/07\/ed-sheeran-au-tiktok-uefa-euro-2020-show\/#webpage\",\"url\":\"http:\/\/startitkbs.org\/index.php\/2021\/06\/07\/ed-sheeran-au-tiktok-uefa-euro-2020-show\/\",\"name\":\"Ed Sheeran au TikTok UEFA Euro 2020 Show - Start It\",\"isPartOf\":{\"@id\":\"https:\/\/startitkbs.org\/#website\"},\"primaryImageOfPage\":{\"@id\":\"http:\/\/startitkbs.org\/index.php\/2021\/06\/07\/ed-sheeran-au-tiktok-uefa-euro-2020-show\/#primaryimage\"},\"datePublished\":\"2021-06-07T20:39:35+00:00\",\"dateModified\":\"2021-06-07T20:39:36+00:00\",\"author\":{\"@id\":\"https:\/\/startitkbs.org\/#\/schema\/person\/e6547bfb2f056b56d41e21a1d4991de7\"},\"breadcrumb\":{\"@id\":\"http:\/\/startitkbs.org\/index.php\/2021\/06\/07\/ed-sheeran-au-tiktok-uefa-euro-2020-show\/#breadcrumb\"},\"inLanguage\":\"fr-FR\",\"potentialAction\":[{\"@type\":\"ReadAction\",\"target\":[\"http:\/\/startitkbs.org\/index.php\/2021\/06\/07\/ed-sheeran-au-tiktok-uefa-euro-2020-show\/\"]}]},{\"@type\":\"BreadcrumbList\",\"@id\":\"http:\/\/startitkbs.org\/index.php\/2021\/06\/07\/ed-sheeran-au-tiktok-uefa-euro-2020-show\/#breadcrumb\",\"itemListElement\":[{\"@type\":\"ListItem\",\"position\":1,\"name\":\"Home\",\"item\":\"https:\/\/startitkbs.org\/\"},{\"@type\":\"ListItem\",\"position\":2,\"name\":\"Ed Sheeran au TikTok UEFA Euro 2020 Show\"}]},{\"@type\":\"Person\",\"@id\":\"https:\/\/startitkbs.org\/#\/schema\/person\/e6547bfb2f056b56d41e21a1d4991de7\",\"name\":\"Start It\",\"image\":{\"@type\":\"ImageObject\",\"@id\":\"https:\/\/startitkbs.org\/#personlogo\",\"inLanguage\":\"fr-FR\",\"url\":\"http:\/\/1.gravatar.com\/avatar\/11862acbc548da566658503207ce57f4?s=96&d=mm&r=g\",\"contentUrl\":\"http:\/\/1.gravatar.com\/avatar\/11862acbc548da566658503207ce57f4?s=96&d=mm&r=g\",\"caption\":\"Start It\"},\"sameAs\":[\"http:\/\/startitkbs.org\/\",\"https:\/\/www.instagram.com\/startit_asso\/\"],\"url\":\"http:\/\/startitkbs.org\/index.php\/author\/start-it\/\"}]}<\/script>\n<!-- \/ Yoast SEO plugin. -->","yoast_head_json":{"title":"Ed Sheeran au TikTok UEFA Euro 2020 Show - Start It","robots":{"index":"index","follow":"follow","max-snippet":"max-snippet:-1","max-image-preview":"max-image-preview:large","max-video-preview":"max-video-preview:-1"},"canonical":"http:\/\/startitkbs.org\/index.php\/2021\/06\/07\/ed-sheeran-au-tiktok-uefa-euro-2020-show\/","og_locale":"fr_FR","og_type":"article","og_title":"Ed Sheeran au TikTok UEFA Euro 2020 Show - Start It","og_description":"Le chanteur britannique Ed Sheeran a annonc\u00e9 au travers d\u2019une vid\u00e9o TikTok sa participation au \u00ab\u00a0TikTok UEFA Euro 2020 Show\u00a0\u00bb, une c\u00e9r\u00e9monie c\u00e9l\u00e9brant la chanson au travers de l\u2019\u00e9v\u00e9nement sportif de football. Ce concert, qui aura lieu le 25 juin, marque la premi\u00e8re collaboration entre TikTok et l\u2019UEFA devenus partenaires en f\u00e9vrier dernier. Il sera ... Lire la suite Ed Sheeran au TikTok UEFA Euro 2020 Show","og_url":"http:\/\/startitkbs.org\/index.php\/2021\/06\/07\/ed-sheeran-au-tiktok-uefa-euro-2020-show\/","og_site_name":"Start It","article_publisher":"https:\/\/www.facebook.com\/startitkedgebs\/?ref=br_rs","article_published_time":"2021-06-07T20:39:35+00:00","article_modified_time":"2021-06-07T20:39:36+00:00","og_image":[{"width":1000,"height":562,"url":"http:\/\/startitkbs.org\/wp-content\/uploads\/2021\/06\/TikTok-Ed-Sheeran.jpg","type":"image\/jpeg"}],"twitter_card":"summary_large_image","twitter_misc":{"\u00c9crit par":"Start It","Dur\u00e9e de lecture estim\u00e9e":"2 minutes"},"schema":{"@context":"https:\/\/schema.org","@graph":[{"@type":"WebSite","@id":"https:\/\/startitkbs.org\/#website","url":"https:\/\/startitkbs.org\/","name":"Start It","description":"Association musicale Bordelaise","potentialAction":[{"@type":"SearchAction","target":{"@type":"EntryPoint","urlTemplate":"https:\/\/startitkbs.org\/?s={search_term_string}"},"query-input":"required name=search_term_string"}],"inLanguage":"fr-FR"},{"@type":"ImageObject","@id":"http:\/\/startitkbs.org\/index.php\/2021\/06\/07\/ed-sheeran-au-tiktok-uefa-euro-2020-show\/#primaryimage","inLanguage":"fr-FR","url":"http:\/\/startitkbs.org\/wp-content\/uploads\/2021\/06\/TikTok-Ed-Sheeran.jpg","contentUrl":"http:\/\/startitkbs.org\/wp-content\/uploads\/2021\/06\/TikTok-Ed-Sheeran.jpg","width":1000,"height":562},{"@type":"WebPage","@id":"http:\/\/startitkbs.org\/index.php\/2021\/06\/07\/ed-sheeran-au-tiktok-uefa-euro-2020-show\/#webpage","url":"http:\/\/startitkbs.org\/index.php\/2021\/06\/07\/ed-sheeran-au-tiktok-uefa-euro-2020-show\/","name":"Ed Sheeran au TikTok UEFA Euro 2020 Show - Start It","isPartOf":{"@id":"https:\/\/startitkbs.org\/#website"},"primaryImageOfPage":{"@id":"http:\/\/startitkbs.org\/index.php\/2021\/06\/07\/ed-sheeran-au-tiktok-uefa-euro-2020-show\/#primaryimage"},"datePublished":"2021-06-07T20:39:35+00:00","dateModified":"2021-06-07T20:39:36+00:00","author":{"@id":"https:\/\/startitkbs.org\/#\/schema\/person\/e6547bfb2f056b56d41e21a1d4991de7"},"breadcrumb":{"@id":"http:\/\/startitkbs.org\/index.php\/2021\/06\/07\/ed-sheeran-au-tiktok-uefa-euro-2020-show\/#breadcrumb"},"inLanguage":"fr-FR","potentialAction":[{"@type":"ReadAction","target":["http:\/\/startitkbs.org\/index.php\/2021\/06\/07\/ed-sheeran-au-tiktok-uefa-euro-2020-show\/"]}]},{"@type":"BreadcrumbList","@id":"http:\/\/startitkbs.org\/index.php\/2021\/06\/07\/ed-sheeran-au-tiktok-uefa-euro-2020-show\/#breadcrumb","itemListElement":[{"@type":"ListItem","position":1,"name":"Home","item":"https:\/\/startitkbs.org\/"},{"@type":"ListItem","position":2,"name":"Ed Sheeran au TikTok UEFA Euro 2020 Show"}]},{"@type":"Person","@id":"https:\/\/startitkbs.org\/#\/schema\/person\/e6547bfb2f056b56d41e21a1d4991de7","name":"Start It","image":{"@type":"ImageObject","@id":"https:\/\/startitkbs.org\/#personlogo","inLanguage":"fr-FR","url":"http:\/\/1.gravatar.com\/avatar\/11862acbc548da566658503207ce57f4?s=96&d=mm&r=g","contentUrl":"http:\/\/1.gravatar.com\/avatar\/11862acbc548da566658503207ce57f4?s=96&d=mm&r=g","caption":"Start It"},"sameAs":["http:\/\/startitkbs.org\/","https:\/\/www.instagram.com\/startit_asso\/"],"url":"http:\/\/startitkbs.org\/index.php\/author\/start-it\/"}]}},"_links":{"self":[{"href":"http:\/\/startitkbs.org\/index.php\/wp-json\/wp\/v2\/posts\/11511"}],"collection":[{"href":"http:\/\/startitkbs.org\/index.php\/wp-json\/wp\/v2\/posts"}],"about":[{"href":"http:\/\/startitkbs.org\/index.php\/wp-json\/wp\/v2\/types\/post"}],"author":[{"embeddable":true,"href":"http:\/\/startitkbs.org\/index.php\/wp-json\/wp\/v2\/users\/2"}],"replies":[{"embeddable":true,"href":"http:\/\/startitkbs.org\/index.php\/wp-json\/wp\/v2\/comments?post=11511"}],"version-history":[{"count":9,"href":"http:\/\/startitkbs.org\/index.php\/wp-json\/wp\/v2\/posts\/11511\/revisions"}],"predecessor-version":[{"id":11526,"href":"http:\/\/startitkbs.org\/index.php\/wp-json\/wp\/v2\/posts\/11511\/revisions\/11526"}],"wp:featuredmedia":[{"embeddable":true,"href":"http:\/\/startitkbs.org\/index.php\/wp-json\/wp\/v2\/media\/11521"}],"wp:attachment":[{"href":"http:\/\/startitkbs.org\/index.php\/wp-json\/wp\/v2\/media?parent=11511"}],"wp:term":[{"taxonomy":"category","embeddable":true,"href":"http:\/\/startitkbs.org\/index.php\/wp-json\/wp\/v2\/categories?post=11511"},{"taxonomy":"post_tag","embeddable":true,"href":"http:\/\/startitkbs.org\/index.php\/wp-json\/wp\/v2\/tags?post=11511"}],"curies":[{"name":"wp","href":"https:\/\/api.w.org\/{rel}","templated":true}]}}