{"id":12375,"date":"2021-11-23T13:51:17","date_gmt":"2021-11-23T12:51:17","guid":{"rendered":"http:\/\/startitkbs.org\/?p=12375"},"modified":"2021-11-23T14:31:27","modified_gmt":"2021-11-23T13:31:27","slug":"la-techno-berlinoise-bientot-inscrite-au-patrimoine-culturel-de-lunesco","status":"publish","type":"post","link":"http:\/\/startitkbs.org\/index.php\/2021\/11\/23\/la-techno-berlinoise-bientot-inscrite-au-patrimoine-culturel-de-lunesco\/","title":{"rendered":"La techno berlinoise, bient\u00f4t inscrite au patrimoine culturel de l\u2019UNESCO ?"},"content":{"rendered":"\n<p><em>Le patrimoine mondial de l&#8217;UNESCO d\u00e9signe un ensemble de biens culturels et naturels pr\u00e9sentant un int\u00e9r\u00eat exceptionnel pour l\u2019h\u00e9ritage commun de l\u2019humanit\u00e9. Tr\u00e8s souvent, ce registre met en avant des \u00e9l\u00e9ments physiques tels que l\u2019architecture. Cependant en 2003, l\u2019organisation d\u00e9cide de cr\u00e9er la liste du patrimoine culturel immat\u00e9riel pour conserver plus efficacement les pratiques et coutumes du monde. La musique est l\u2019un des \u00e9l\u00e9ments qui int\u00e8grent l\u00e9gitimement cette liste. C\u2019est dans ce cadre que l\u2019association allemande <strong>Rave The Planet<\/strong> souhaite inscrire la \u00ab&nbsp;techno berlinoise&nbsp;\u00bb au patrimoine de l\u2019UNESCO.<\/em><\/p>\n\n\n\n<p><strong>Rave The Planet<\/strong> est une institution extr\u00eamement reconnue en Allemagne et plus largement dans le monde de la musique \u00e9lectronique. C\u2019est notamment elle qui se charge de l\u2019organisation de la Love Parade&nbsp;de Berlin qui aura lieu en 2022, 12 ans apr\u00e8s sa derni\u00e8re \u00e9dition. L\u2019association a affirm\u00e9 r\u00e9cemment son ambition quant \u00e0 l\u2019avenir de la techno berlinoise.<\/p>\n\n\n\n<p>\u00ab La culture de la musique \u00e9lectronique fascine et inspire les gens du monde entier. Danser ensemble unit les nationalit\u00e9s, les g\u00e9n\u00e9rations, les religions, les sexes, les classes sociales et les milieux culturels. Chez Rave The Planet, nous nous sommes engag\u00e9s \u00e0 la placer sous protection sur la liste du patrimoine culturel immat\u00e9riel de l\u2019UNESCO. \u00bb<\/p>\n\n\n\n<p>En effet, il faut dire que Berlin fait partie des villes qui ont fond\u00e9 ce genre. Rave The Planet a r\u00e9alis\u00e9 un petit film qui rappelle tous ces \u00e9l\u00e9ments et qui a pour but de promouvoir le projet. Celui-ci est compos\u00e9 d\u2019artistes de la sc\u00e8ne berlinoise comme <strong>Ellen Allien<\/strong>, <strong>Dr Motte<\/strong> ou encore <strong>Dimitri Hegemann<\/strong>.<\/p>\n\n\n\n<figure class=\"wp-block-embed is-type-video is-provider-youtube wp-block-embed-youtube wp-embed-aspect-16-9 wp-has-aspect-ratio\"><div class=\"wp-block-embed__wrapper\">\n<iframe loading=\"lazy\" title=\"Techno Culture in Berlin \/\/ Film on the UNESCO Intangible Cultural Heritage Application\" width=\"1200\" height=\"675\" src=\"https:\/\/www.youtube.com\/embed\/jAmT11KRvcM?feature=oembed\" frameborder=\"0\" allow=\"accelerometer; autoplay; clipboard-write; encrypted-media; gyroscope; picture-in-picture\" allowfullscreen><\/iframe>\n<\/div><\/figure>\n\n\n\n<p>Faire partie du patrimoine culturel immat\u00e9riel de l\u2019UNESCO conf\u00e8re des avantages, qu\u2019ils soient sociaux ou juridiques. D\u2019abord, c&#8217;est une reconnaissance symbolique qui donnerait encore plus de poids \u00e0 cette musique. Les musiques technos sont encore per\u00e7ues par beaucoup comme \u00e9tant de niche, or ce n\u2019est plus le cas. Donc, faire partie de l\u2019UNESCO, c\u2019est r\u00e9affirmer ce genre, en assurer sa protection et son d\u00e9veloppement. Enfin, d&#8217;un point de vue financier, l&#8217;opportunit\u00e9 est d&#8217;or. C&#8217;est l\u2019occasion de recevoir plus de subventions et de r\u00e9duire de moiti\u00e9 les taxes pour les acteurs de ce mouvement.<\/p>\n\n\n\n<p>On esp\u00e8re donc que ce projet aboutira tant cette appellation semble l\u00e9gitime pour la techno berlinoise\u00a0!<\/p>\n\n\n\n<p>Enjoy &amp; Stay Tuned<\/p>\n","protected":false},"excerpt":{"rendered":"<p>Le patrimoine mondial de l&#8217;UNESCO d\u00e9signe un ensemble de biens culturels et naturels pr\u00e9sentant un int\u00e9r\u00eat exceptionnel pour l\u2019h\u00e9ritage commun de l\u2019humanit\u00e9. Tr\u00e8s souvent, ce registre met en avant des \u00e9l\u00e9ments physiques tels que l\u2019architecture. Cependant en 2003, l\u2019organisation d\u00e9cide de cr\u00e9er la liste du patrimoine culturel immat\u00e9riel pour conserver plus efficacement les pratiques et &#8230; <a title=\"La techno berlinoise, bient\u00f4t inscrite au patrimoine culturel de l\u2019UNESCO ?\" class=\"read-more\" href=\"http:\/\/startitkbs.org\/index.php\/2021\/11\/23\/la-techno-berlinoise-bientot-inscrite-au-patrimoine-culturel-de-lunesco\/\">Lire la suite <span class=\"screen-reader-text\">La techno berlinoise, bient\u00f4t inscrite au patrimoine culturel de l\u2019UNESCO ?<\/span><\/a><\/p>\n","protected":false},"author":2,"featured_media":12378,"comment_status":"open","ping_status":"open","sticky":false,"template":"","format":"standard","meta":{"_mi_skip_tracking":false,"cybocfi_hide_featured_image":""},"categories":[829],"tags":[610,1268,1269,104,1270,1267],"yoast_head":"<!-- This site is optimized with the Yoast SEO plugin v18.0 - https:\/\/yoast.com\/wordpress\/plugins\/seo\/ -->\n<title>La techno berlinoise, bient\u00f4t inscrite au patrimoine culturel de l\u2019UNESCO ? - Start It<\/title>\n<meta name=\"description\" content=\"Apr\u00e8s de 30 ans de musique techno berlinoise, l&#039;association Rave The Planet milite pour son inclusion au patrimoine culturel de la ville.\" \/>\n<meta name=\"robots\" content=\"index, follow, max-snippet:-1, max-image-preview:large, max-video-preview:-1\" \/>\n<link rel=\"canonical\" href=\"http:\/\/startitkbs.org\/index.php\/2021\/11\/23\/la-techno-berlinoise-bientot-inscrite-au-patrimoine-culturel-de-lunesco\/\" \/>\n<meta property=\"og:locale\" content=\"fr_FR\" \/>\n<meta property=\"og:type\" content=\"article\" \/>\n<meta property=\"og:title\" content=\"La techno berlinoise, bient\u00f4t inscrite au patrimoine culturel de l\u2019UNESCO ? - Start It\" \/>\n<meta property=\"og:description\" content=\"Apr\u00e8s de 30 ans de musique techno berlinoise, l&#039;association Rave The Planet milite pour son inclusion au patrimoine culturel de la ville.\" \/>\n<meta property=\"og:url\" content=\"http:\/\/startitkbs.org\/index.php\/2021\/11\/23\/la-techno-berlinoise-bientot-inscrite-au-patrimoine-culturel-de-lunesco\/\" \/>\n<meta property=\"og:site_name\" content=\"Start It\" \/>\n<meta property=\"article:publisher\" content=\"https:\/\/www.facebook.com\/startitkedgebs\/?ref=br_rs\" \/>\n<meta property=\"article:published_time\" content=\"2021-11-23T12:51:17+00:00\" \/>\n<meta property=\"article:modified_time\" content=\"2021-11-23T13:31:27+00:00\" \/>\n<meta property=\"og:image\" content=\"http:\/\/startitkbs.org\/wp-content\/uploads\/2021\/11\/Techno-Berlin.jpg\" \/>\n\t<meta property=\"og:image:width\" content=\"948\" \/>\n\t<meta property=\"og:image:height\" content=\"510\" \/>\n\t<meta property=\"og:image:type\" content=\"image\/jpeg\" \/>\n<meta name=\"twitter:card\" content=\"summary_large_image\" \/>\n<meta name=\"twitter:label1\" content=\"\u00c9crit par\" \/>\n\t<meta name=\"twitter:data1\" content=\"Start It\" \/>\n\t<meta name=\"twitter:label2\" content=\"Dur\u00e9e de lecture estim\u00e9e\" \/>\n\t<meta name=\"twitter:data2\" content=\"2 minutes\" \/>\n<script type=\"application\/ld+json\" class=\"yoast-schema-graph\">{\"@context\":\"https:\/\/schema.org\",\"@graph\":[{\"@type\":\"WebSite\",\"@id\":\"http:\/\/startitkbs.org\/#website\",\"url\":\"http:\/\/startitkbs.org\/\",\"name\":\"Start It\",\"description\":\"Association musicale Bordelaise\",\"potentialAction\":[{\"@type\":\"SearchAction\",\"target\":{\"@type\":\"EntryPoint\",\"urlTemplate\":\"http:\/\/startitkbs.org\/?s={search_term_string}\"},\"query-input\":\"required name=search_term_string\"}],\"inLanguage\":\"fr-FR\"},{\"@type\":\"ImageObject\",\"@id\":\"http:\/\/startitkbs.org\/index.php\/2021\/11\/23\/la-techno-berlinoise-bientot-inscrite-au-patrimoine-culturel-de-lunesco\/#primaryimage\",\"inLanguage\":\"fr-FR\",\"url\":\"http:\/\/startitkbs.org\/wp-content\/uploads\/2021\/11\/Techno-Berlin.jpg\",\"contentUrl\":\"http:\/\/startitkbs.org\/wp-content\/uploads\/2021\/11\/Techno-Berlin.jpg\",\"width\":948,\"height\":510},{\"@type\":\"WebPage\",\"@id\":\"http:\/\/startitkbs.org\/index.php\/2021\/11\/23\/la-techno-berlinoise-bientot-inscrite-au-patrimoine-culturel-de-lunesco\/#webpage\",\"url\":\"http:\/\/startitkbs.org\/index.php\/2021\/11\/23\/la-techno-berlinoise-bientot-inscrite-au-patrimoine-culturel-de-lunesco\/\",\"name\":\"La techno berlinoise, bient\u00f4t inscrite au patrimoine culturel de l\u2019UNESCO ? - Start It\",\"isPartOf\":{\"@id\":\"http:\/\/startitkbs.org\/#website\"},\"primaryImageOfPage\":{\"@id\":\"http:\/\/startitkbs.org\/index.php\/2021\/11\/23\/la-techno-berlinoise-bientot-inscrite-au-patrimoine-culturel-de-lunesco\/#primaryimage\"},\"datePublished\":\"2021-11-23T12:51:17+00:00\",\"dateModified\":\"2021-11-23T13:31:27+00:00\",\"author\":{\"@id\":\"http:\/\/startitkbs.org\/#\/schema\/person\/e6547bfb2f056b56d41e21a1d4991de7\"},\"description\":\"Apr\u00e8s de 30 ans de musique techno berlinoise, l'association Rave The Planet milite pour son inclusion au patrimoine culturel de la ville.\",\"breadcrumb\":{\"@id\":\"http:\/\/startitkbs.org\/index.php\/2021\/11\/23\/la-techno-berlinoise-bientot-inscrite-au-patrimoine-culturel-de-lunesco\/#breadcrumb\"},\"inLanguage\":\"fr-FR\",\"potentialAction\":[{\"@type\":\"ReadAction\",\"target\":[\"http:\/\/startitkbs.org\/index.php\/2021\/11\/23\/la-techno-berlinoise-bientot-inscrite-au-patrimoine-culturel-de-lunesco\/\"]}]},{\"@type\":\"BreadcrumbList\",\"@id\":\"http:\/\/startitkbs.org\/index.php\/2021\/11\/23\/la-techno-berlinoise-bientot-inscrite-au-patrimoine-culturel-de-lunesco\/#breadcrumb\",\"itemListElement\":[{\"@type\":\"ListItem\",\"position\":1,\"name\":\"Home\",\"item\":\"http:\/\/startitkbs.org\/\"},{\"@type\":\"ListItem\",\"position\":2,\"name\":\"La techno berlinoise, bient\u00f4t inscrite au patrimoine culturel de l\u2019UNESCO ?\"}]},{\"@type\":\"Person\",\"@id\":\"http:\/\/startitkbs.org\/#\/schema\/person\/e6547bfb2f056b56d41e21a1d4991de7\",\"name\":\"Start It\",\"image\":{\"@type\":\"ImageObject\",\"@id\":\"http:\/\/startitkbs.org\/#personlogo\",\"inLanguage\":\"fr-FR\",\"url\":\"http:\/\/1.gravatar.com\/avatar\/11862acbc548da566658503207ce57f4?s=96&d=mm&r=g\",\"contentUrl\":\"http:\/\/1.gravatar.com\/avatar\/11862acbc548da566658503207ce57f4?s=96&d=mm&r=g\",\"caption\":\"Start It\"},\"sameAs\":[\"http:\/\/startitkbs.org\/\",\"https:\/\/www.instagram.com\/startit_asso\/\"],\"url\":\"http:\/\/startitkbs.org\/index.php\/author\/start-it\/\"}]}<\/script>\n<!-- \/ Yoast SEO plugin. -->","yoast_head_json":{"title":"La techno berlinoise, bient\u00f4t inscrite au patrimoine culturel de l\u2019UNESCO ? - Start It","description":"Apr\u00e8s de 30 ans de musique techno berlinoise, l'association Rave The Planet milite pour son inclusion au patrimoine culturel de la ville.","robots":{"index":"index","follow":"follow","max-snippet":"max-snippet:-1","max-image-preview":"max-image-preview:large","max-video-preview":"max-video-preview:-1"},"canonical":"http:\/\/startitkbs.org\/index.php\/2021\/11\/23\/la-techno-berlinoise-bientot-inscrite-au-patrimoine-culturel-de-lunesco\/","og_locale":"fr_FR","og_type":"article","og_title":"La techno berlinoise, bient\u00f4t inscrite au patrimoine culturel de l\u2019UNESCO ? - Start It","og_description":"Apr\u00e8s de 30 ans de musique techno berlinoise, l'association Rave The Planet milite pour son inclusion au patrimoine culturel de la ville.","og_url":"http:\/\/startitkbs.org\/index.php\/2021\/11\/23\/la-techno-berlinoise-bientot-inscrite-au-patrimoine-culturel-de-lunesco\/","og_site_name":"Start It","article_publisher":"https:\/\/www.facebook.com\/startitkedgebs\/?ref=br_rs","article_published_time":"2021-11-23T12:51:17+00:00","article_modified_time":"2021-11-23T13:31:27+00:00","og_image":[{"width":948,"height":510,"url":"http:\/\/startitkbs.org\/wp-content\/uploads\/2021\/11\/Techno-Berlin.jpg","type":"image\/jpeg"}],"twitter_card":"summary_large_image","twitter_misc":{"\u00c9crit par":"Start It","Dur\u00e9e de lecture estim\u00e9e":"2 minutes"},"schema":{"@context":"https:\/\/schema.org","@graph":[{"@type":"WebSite","@id":"http:\/\/startitkbs.org\/#website","url":"http:\/\/startitkbs.org\/","name":"Start It","description":"Association musicale Bordelaise","potentialAction":[{"@type":"SearchAction","target":{"@type":"EntryPoint","urlTemplate":"http:\/\/startitkbs.org\/?s={search_term_string}"},"query-input":"required name=search_term_string"}],"inLanguage":"fr-FR"},{"@type":"ImageObject","@id":"http:\/\/startitkbs.org\/index.php\/2021\/11\/23\/la-techno-berlinoise-bientot-inscrite-au-patrimoine-culturel-de-lunesco\/#primaryimage","inLanguage":"fr-FR","url":"http:\/\/startitkbs.org\/wp-content\/uploads\/2021\/11\/Techno-Berlin.jpg","contentUrl":"http:\/\/startitkbs.org\/wp-content\/uploads\/2021\/11\/Techno-Berlin.jpg","width":948,"height":510},{"@type":"WebPage","@id":"http:\/\/startitkbs.org\/index.php\/2021\/11\/23\/la-techno-berlinoise-bientot-inscrite-au-patrimoine-culturel-de-lunesco\/#webpage","url":"http:\/\/startitkbs.org\/index.php\/2021\/11\/23\/la-techno-berlinoise-bientot-inscrite-au-patrimoine-culturel-de-lunesco\/","name":"La techno berlinoise, bient\u00f4t inscrite au patrimoine culturel de l\u2019UNESCO ? - Start It","isPartOf":{"@id":"http:\/\/startitkbs.org\/#website"},"primaryImageOfPage":{"@id":"http:\/\/startitkbs.org\/index.php\/2021\/11\/23\/la-techno-berlinoise-bientot-inscrite-au-patrimoine-culturel-de-lunesco\/#primaryimage"},"datePublished":"2021-11-23T12:51:17+00:00","dateModified":"2021-11-23T13:31:27+00:00","author":{"@id":"http:\/\/startitkbs.org\/#\/schema\/person\/e6547bfb2f056b56d41e21a1d4991de7"},"description":"Apr\u00e8s de 30 ans de musique techno berlinoise, l'association Rave The Planet milite pour son inclusion au patrimoine culturel de la ville.","breadcrumb":{"@id":"http:\/\/startitkbs.org\/index.php\/2021\/11\/23\/la-techno-berlinoise-bientot-inscrite-au-patrimoine-culturel-de-lunesco\/#breadcrumb"},"inLanguage":"fr-FR","potentialAction":[{"@type":"ReadAction","target":["http:\/\/startitkbs.org\/index.php\/2021\/11\/23\/la-techno-berlinoise-bientot-inscrite-au-patrimoine-culturel-de-lunesco\/"]}]},{"@type":"BreadcrumbList","@id":"http:\/\/startitkbs.org\/index.php\/2021\/11\/23\/la-techno-berlinoise-bientot-inscrite-au-patrimoine-culturel-de-lunesco\/#breadcrumb","itemListElement":[{"@type":"ListItem","position":1,"name":"Home","item":"http:\/\/startitkbs.org\/"},{"@type":"ListItem","position":2,"name":"La techno berlinoise, bient\u00f4t inscrite au patrimoine culturel de l\u2019UNESCO ?"}]},{"@type":"Person","@id":"http:\/\/startitkbs.org\/#\/schema\/person\/e6547bfb2f056b56d41e21a1d4991de7","name":"Start It","image":{"@type":"ImageObject","@id":"http:\/\/startitkbs.org\/#personlogo","inLanguage":"fr-FR","url":"http:\/\/1.gravatar.com\/avatar\/11862acbc548da566658503207ce57f4?s=96&d=mm&r=g","contentUrl":"http:\/\/1.gravatar.com\/avatar\/11862acbc548da566658503207ce57f4?s=96&d=mm&r=g","caption":"Start It"},"sameAs":["http:\/\/startitkbs.org\/","https:\/\/www.instagram.com\/startit_asso\/"],"url":"http:\/\/startitkbs.org\/index.php\/author\/start-it\/"}]}},"_links":{"self":[{"href":"http:\/\/startitkbs.org\/index.php\/wp-json\/wp\/v2\/posts\/12375"}],"collection":[{"href":"http:\/\/startitkbs.org\/index.php\/wp-json\/wp\/v2\/posts"}],"about":[{"href":"http:\/\/startitkbs.org\/index.php\/wp-json\/wp\/v2\/types\/post"}],"author":[{"embeddable":true,"href":"http:\/\/startitkbs.org\/index.php\/wp-json\/wp\/v2\/users\/2"}],"replies":[{"embeddable":true,"href":"http:\/\/startitkbs.org\/index.php\/wp-json\/wp\/v2\/comments?post=12375"}],"version-history":[{"count":6,"href":"http:\/\/startitkbs.org\/index.php\/wp-json\/wp\/v2\/posts\/12375\/revisions"}],"predecessor-version":[{"id":12404,"href":"http:\/\/startitkbs.org\/index.php\/wp-json\/wp\/v2\/posts\/12375\/revisions\/12404"}],"wp:featuredmedia":[{"embeddable":true,"href":"http:\/\/startitkbs.org\/index.php\/wp-json\/wp\/v2\/media\/12378"}],"wp:attachment":[{"href":"http:\/\/startitkbs.org\/index.php\/wp-json\/wp\/v2\/media?parent=12375"}],"wp:term":[{"taxonomy":"category","embeddable":true,"href":"http:\/\/startitkbs.org\/index.php\/wp-json\/wp\/v2\/categories?post=12375"},{"taxonomy":"post_tag","embeddable":true,"href":"http:\/\/startitkbs.org\/index.php\/wp-json\/wp\/v2\/tags?post=12375"}],"curies":[{"name":"wp","href":"https:\/\/api.w.org\/{rel}","templated":true}]}}