{"id":1447,"date":"2017-09-29T12:04:13","date_gmt":"2017-09-29T10:04:13","guid":{"rendered":"http:\/\/startitkbs.org\/?p=1447"},"modified":"2017-10-13T12:28:01","modified_gmt":"2017-10-13T10:28:01","slug":"le-desamour-du-rap-et-des-medias-francais","status":"publish","type":"post","link":"http:\/\/startitkbs.org\/index.php\/2017\/09\/29\/le-desamour-du-rap-et-des-medias-francais\/","title":{"rendered":"Le D\u00e9samour du Rap et des M\u00e9dias Fran\u00e7ais"},"content":{"rendered":"<p>Ces derniers jours, l\u2019incompr\u00e9hension qui existe entre le rap fran\u00e7ais et les m\u00e9dias a atteint son paroxysme.<\/p>\n<p><strong>Premi\u00e8re illustration\u00a0<\/strong>: la rencontre dans l\u2019\u00e9mission <em>Salut les Terriens<\/em> de samedi dernier, de Thierry Ardisson et du rappeur <strong>Vald<\/strong> qui vient de sortir son single <strong><em>Troph\u00e9e<\/em><\/strong>. L\u2019interview \u00e9tait focalis\u00e9e sur tout, vraiment TOUT sauf sur l\u2019artiste et sa musique.<!--more--><\/p>\n<p>Les clich\u00e9s sur le rap \u00e9taient crach\u00e9s les uns apr\u00e8s les autres de la bouche du pr\u00e9sentateur t\u00e9l\u00e9 et \u00e9taient applaudis lourdement par le grotesque valet de service, Laurent Baffie.<\/p>\n<p>L\u2019entretien s\u2019ouvre sur une introduction plus que douteuse\u00a0: <em>\u00ab\u00a0Vous n\u2019\u00eates pas un rappeur comme les autres, vous n\u2019\u00eates pas noir, vous ne passez pas vos journ\u00e9es en salle de muscu et vous savez que le verbe \u00ab\u00a0croiver\u00a0\u00bb n\u2019existe pas\u00a0\u00bb<\/em>, viennent ensuite un parler \u00ab\u00a0djeun\u2019s\u00a0\u00bb caricatural pour s\u2019adresser \u00e0 l\u2019artiste, une comparaison hasardeuse avec <strong>Eminem<\/strong> et une question tomb\u00e9e du ciel sur la religion du fr\u00e8re du rappeur qui a l\u2019air de bien d\u00e9ranger Ardisson, tout \u00e7a laissant un <strong>Vald<\/strong> \u00e9reint\u00e9 par tant d\u2019ignorance journalistique sur le monde du rap d\u2019aujourd\u2019hui.<\/p>\n<p>&nbsp;<\/p>\n<p><iframe loading=\"lazy\" title=\"L&#039;invit\u00e9 OVNI : VALD, le Eminem fran\u00e7ais - Salut les Terriens\" width=\"1200\" height=\"675\" src=\"https:\/\/www.youtube.com\/embed\/_uCYeC_o-OY?feature=oembed\" frameborder=\"0\" allow=\"accelerometer; autoplay; encrypted-media; gyroscope; picture-in-picture\" allowfullscreen><\/iframe><\/p>\n<p>&nbsp;<\/p>\n<p>&nbsp;<\/p>\n<p><strong>Seconde illustration\u00a0<\/strong>: La d\u00e9couverte du massacre du peuple de Rohingyas en Birmanie\/Myanmar par les journalistes et leur \u00e9tonnement lorsqu\u2019ils se sont aper\u00e7us que les rappeurs fran\u00e7ais comme <strong>M\u00e9dine<\/strong> (<strong><em>Enfant du Destin<\/em><\/strong>, <strong><em><u>Prose \u00e9lite<\/u><\/em><\/strong>), <strong>Nekfeu<\/strong> <em>(\u00ab\u00a0Je trouve le Prix Nobel ironique quand j\u2019pense aux Rohingyas\u00a0\u00bb<\/em>, <strong><em>Putain d\u2019\u00e9poque<\/em><\/strong> de <strong>Dosseh, <\/strong>o\u00f9 il \u00e9voque Aung San Suu Kyi, le prix Nobel de la paix birman) ou encore <strong>Kery James<\/strong> (<strong><em>Dernier MC<\/em><\/strong>) s\u2019\u00e9vertuaient \u00e0 attirer l\u2019attention sur leur oppression depuis presque six ans.<\/p>\n<p>&nbsp;<\/p>\n<p><img loading=\"lazy\" class=\"aligncenter size-full wp-image-1448\" src=\"http:\/\/startitkbs.org\/wp-content\/uploads\/2017\/09\/FullSizeRender-46.jpg\" alt=\"\" width=\"750\" height=\"759\" srcset=\"http:\/\/startitkbs.org\/wp-content\/uploads\/2017\/09\/FullSizeRender-46.jpg 750w, http:\/\/startitkbs.org\/wp-content\/uploads\/2017\/09\/FullSizeRender-46-296x300.jpg 296w, http:\/\/startitkbs.org\/wp-content\/uploads\/2017\/09\/FullSizeRender-46-552x559.jpg 552w\" sizes=\"(max-width: 750px) 100vw, 750px\" \/><\/p>\n<p>&nbsp;<\/p>\n<p>En voyant \u00e7a, on comprend clairement qu\u2019il y a un probl\u00e8me entre les personnes dont le r\u00f4le est d\u2019informer et le rap en France. Les journalistes, les pr\u00e9sentateurs t\u00e9l\u00e9, les animateurs radio ont beau avoir fait toutes les \u00e9tudes du monde, interview\u00e9 toutes sortes de profils, voyag\u00e9 aux quatre coins de la terre, leur \u00e9troitesse d\u2019esprit concernant le rap reste inchang\u00e9e. Alors pourquoi\u00a0?<\/p>\n<p>Tout d\u2019abord, la majorit\u00e9 des rappeurs fran\u00e7ais est consid\u00e9r\u00e9e comme \u00ab\u00a0une tribu de gorilles d\u00e9cervel\u00e9s\u00a0\u00bb. Autrement dit comme une <em>\u00ab\u00a0sous culture d\u2019analphab\u00e8tes\u00a0\u00bb<\/em> dixit <strong>\u00c9ric Zemmour,<\/strong> car cet homme a toujours le mot pour rire.<\/p>\n<p>Enfin, c\u2019est l\u2019image qu\u2019on aime leur donner. Mais cela est principalement d\u00fb au fait que le rap use et abuse de l\u2019argot. C\u2019est notamment la raison pour laquelle en septembre 2016 dans ONPC, on assiste \u00e0 une sc\u00e8ne surr\u00e9aliste dans laquelle le <strong>$-Crew<\/strong> se voit obliger de traduire ses textes \u00e0 la chroniqueuse <strong>Vanessa Burggraf<\/strong>, journaliste surdipl\u00f4m\u00e9e en communication politique et sociale, comme \u00e0 une enfant d\u00e9couvrant le fran\u00e7ais et \u00e0 un <strong>Yann Moix<\/strong> plus que m\u00e9prisant lorsque <strong>Nekfeu<\/strong> lui explique que l\u2019argot permet de garder une langue en vie et procure une interpr\u00e9tation multiple aux textes. Ainsi, le rappeur est alors amen\u00e9 \u00e0 faire un cours de litt\u00e9rature \u00e0 un prix Goncourt. En tant qu\u2019ancienne \u00e9tudiante litt\u00e9raire qui a re\u00e7u le m\u00eame cours de la part de professeurs d\u2019Hypokh\u00e2gne-Kh\u00e2gne, comprenez mon \u00e9tonnement face \u00e0 l\u2019absurdit\u00e9 de cette sc\u00e8ne. Je ne pense pas que <strong>Yann Moix<\/strong> ignore le fait que de grands auteurs tels <strong>que Zola, C\u00e9line ou Quenaud<\/strong> aient fond\u00e9 leur style d\u2019\u00e9criture sur l\u2019argot ainsi je ne vois pas pourquoi dans la litt\u00e9rature, l\u2019argot serait plus acceptable que dans le rap. <strong>Victor Hugo<\/strong> aurait pu lui-m\u00eame r\u00e9pondre \u00e0 <strong>Moix<\/strong>\u00a0: <em>\u00ab\u00a0Il faut bien le dire \u00e0 ceux qui l\u2019ignorent, l\u2019argot est tout ensemble un ph\u00e9nom\u00e8ne litt\u00e9raire et un r\u00e9sultat social\u00a0\u00bb.<\/em><\/p>\n<p>&nbsp;<\/p>\n<p><iframe loading=\"lazy\" title=\"Nekfeu &amp; S-Crew - On n&#039;est pas couch\u00e9 3 septembre 2016 #ONPC\" width=\"1200\" height=\"675\" src=\"https:\/\/www.youtube.com\/embed\/F09QI1fJoo8?start=303&#038;feature=oembed\" frameborder=\"0\" allow=\"accelerometer; autoplay; encrypted-media; gyroscope; picture-in-picture\" allowfullscreen><\/iframe><\/p>\n<p>&nbsp;<\/p>\n<p>Dans le livre de <strong>Thomas Gu\u00e9nol\u00e9<\/strong>, ancien professeur de Science Po, <em>Les jeunes de banlieue mangent-ils les enfants\u00a0?<\/em>, un chapitre est consacr\u00e9 \u00e0 la langue de <strong>Moli\u00e8re<\/strong>. En effet, dans ce passage, <strong>Gu\u00e9nol\u00e9<\/strong> d\u00e9montre que la langue des banlieues, la langue des rappeurs, la langue des jeunes, celle qui irrite tant ceux qu\u2019il appelle les <em>\u00ab\u00a0banlianophobes\u00a0\u00bb<\/em> (Coucou <strong>Finkielkraut<\/strong>) et qui est selon eux en train de tuer la langue fran\u00e7aise, est bien plus proche de celle qu\u2019ils parlent que de celle, parl\u00e9e par <strong>Moli\u00e8re<\/strong>. Il confronte alors le texte d\u2019origine (c\u2019est-\u00e0-dire non modernis\u00e9) d\u2019une pi\u00e8ce de Moli\u00e8re (il rappelle que celle-ci doit se lire avec l\u2019accent de l\u2019\u00e9poque, un accent qui se rapprocherait plus de celui de nos amis qu\u00e9b\u00e9cois aujourd\u2019hui) aux paroles de <strong><em>Qu\u2019est-ce qu\u2019on attend<\/em><\/strong> de <strong>NTM<\/strong>. Et \u00e0 votre avis quel est le fran\u00e7ais qui se rapproche le plus de notre langue de tous les jours\u00a0? Celui de <strong>NTM<\/strong>, gagn\u00e9.<\/p>\n<p>\u00c0 c\u00f4t\u00e9 de \u00e7a, doit-on rappeler que le rap est issu de la po\u00e9sie\u00a0? Qu\u2019il suit des imp\u00e9ratifs m\u00e9triques et doit multiplier les rimes\u00a0? Pour vous \u00e9viter le cours de fran\u00e7ais, <strong>Deen Burbigo<\/strong> en parle (\u00e0 sa fa\u00e7on) dans cette interview de <strong>Rapelite <\/strong><em>(6m11 \u2013 7m50<\/em><strong>)<\/strong>\u00a0:<\/p>\n<p>&nbsp;<\/p>\n<p><iframe loading=\"lazy\" title=\"Deen Burbigo : son arriv\u00e9e \u00e0 Paris, ses \u00e9tudes, l&#039;Entourage, GRAND CRU, sa pudeur, ses visuels\" width=\"1200\" height=\"675\" src=\"https:\/\/www.youtube.com\/embed\/Mzf7BGgUNMM?start=371&#038;feature=oembed\" frameborder=\"0\" allow=\"accelerometer; autoplay; encrypted-media; gyroscope; picture-in-picture\" allowfullscreen><\/iframe><\/p>\n<p>&nbsp;<\/p>\n<p>Cette utilisation de l\u2019argot conduit alors, la plupart du temps, \u00e0 une incompr\u00e9hension totale (Celle qu\u2019on peut notamment lire sur le visage de <strong>Virginie Burrggraf<\/strong> lorsqu\u2019elle d\u00e9couvre les textes du <strong>$-Crew<\/strong>). Et comme toute personne ne comprenant pas et ne cherchant pas \u00e0 comprendre, la conclusion sera alors <em>\u00ab\u00a0Le Rap c\u2019est de la merde\u00a0!\u00a0Ce n\u2019est pas de la musique, ce n\u2019est pas de l\u2019art\u00a0\u00bb<\/em>. Une \u00e9tude de Yougov pour 20minutes de 2015 sur le rap en France, montre que ce sont les personnes qui n\u2019\u00e9coutent et qui ne connaissent pas le rap qui ne le consid\u00e8rent pas comme un art. En effet, seul 44% des personnes interrog\u00e9es, n\u2019\u00e9coutant pas de rap pensent que les rappeurs sont des artistes \u00e0 part enti\u00e8re contre 80% des personnes qui en \u00e9coutent.<\/p>\n<p>Cette incompr\u00e9hension peut \u00eatre \u00e9galement li\u00e9e \u00e0 un gap interg\u00e9n\u00e9rationnel. L\u2019\u00e9tude pr\u00e9c\u00e9dente mentionnait le fait que 18,5% des personnes interrog\u00e9es \u00e9coutaient du rap n\u00e9anmoins les 18-24 ans et les 25-34 ans de ce panel, sont respectivement 38% et 35% des auditeurs r\u00e9guliers de rap. Le rap s\u2019adresse donc plus particuli\u00e8rement \u00e0 la jeune g\u00e9n\u00e9ration avec laquelle il partage un langage et culture commune.<\/p>\n<p>C\u2019est pourquoi le rappeur est un invit\u00e9 rare des plateaux t\u00e9l\u00e9, et lorsqu\u2019il y apparait c\u2019est pour \u00eatre face \u00e0 des chroniqueurs, des animateurs ou des journalistes n\u2019ayant jamais r\u00e9ellement baign\u00e9 dans la culture Hip-hop ou y ayant seulement tremp\u00e9 un orteil le temps d\u2019\u00e9crire leur chronique sur l\u2019invit\u00e9 en question. Ce bachotage ne leur permet alors pas de saisir les allusions, les r\u00e8gles et les influences des artistes qu\u2019ils ont en face d\u2019eux, et cela ne leur permet pas de s\u2019improviser critique musical et d\u2019appr\u00e9cier le rap dans sa globalit\u00e9.\u00a0 On assiste donc \u00e0 des interviews qui fr\u00f4lent le ridicule et pour lesquelles le mot <em>\u00ab\u00a0MALAISANT\u00a0\u00bb<\/em> a \u00e9t\u00e9 invent\u00e9. Celle de <strong>Georgio<\/strong> dans <em>ONPC<\/em> \u00e0 la sortie de son album <strong><em>H\u00e9ra<\/em><\/strong> en novembre 2016 restera marqu\u00e9e dans les annales. Ce ne sont pas les \u00e9loges des chroniqueurs qui choquent, loin de l\u00e0, mais le traitement r\u00e9serv\u00e9 \u00e0 l\u2019artiste en lui-m\u00eame. On s\u2019\u00e9tonne qu\u2019il sache lire, qu\u2019il aime lire, qu\u2019il soit poli et cerise sur le g\u00e2teau\u00a0: \u00ab\u00a0En plus il parle bien\u00a0!\u00a0\u00bb nous l\u00e2chera m\u00eame <strong>Ruquier<\/strong>. Ce remake naus\u00e9abond du <em>mythe du bon sauvage<\/em> sortant de son \u00e9tat de nature (en d\u2019autres termes, de sa banlieue) pour d\u00e9couvrir les joies de la litt\u00e9rature, en laissera plus d\u2019un perplexe.<\/p>\n<p>&nbsp;<\/p>\n<p><iframe loading=\"lazy\" title=\"Georgio - On n&#039;est pas couch\u00e9 6 mai 2017 #ONPC\" width=\"1200\" height=\"675\" src=\"https:\/\/www.youtube.com\/embed\/3ezAFV1Jbhc?feature=oembed\" frameborder=\"0\" allow=\"accelerometer; autoplay; encrypted-media; gyroscope; picture-in-picture\" allowfullscreen><\/iframe><\/p>\n<p>&nbsp;<\/p>\n<p>Mais pourquoi tant d\u2019\u00e9tonnement\u00a0? Parce que les m\u00e9dias les plus populaires, r\u00e9gis par les confr\u00e8res de nos chroniqueurs pr\u00e9f\u00e9r\u00e9s, ne connaissent pas plus le rap qu\u2019eux. Mis \u00e0 part celui qui fait vendre, qui cr\u00e9e la pol\u00e9mique et g\u00e9n\u00e8re de l\u2019argent\u00a0: Le rap commercial (<strong>Maitre Gims, Soprano, Black M<\/strong>\u2026) et le rap des <em>\u00ab\u00a0gangstas \u00bb.<\/em> Ils diffusent alors l\u2019image d\u2019un rap qui agite les chaines, les guns et la poudre et qui est incarn\u00e9 par des bodybuilders auto-tun\u00e9s auxquels on ne confirait pas nos enfants.<\/p>\n<p>N\u00e9anmoins, ce rap ne repr\u00e9sente qu\u2019une infime partie du genre, malheureusement c\u2019est celle \u00e0 laquelle les m\u00e9dias le r\u00e9duisent \u00e0 90% du temps. Les 10% restant r\u00e9duisent le rappeur \u00e0 un porte-parole de la banlieue, une all\u00e9gorie de la fracture sociale et non pas \u00e0 un artiste en lui-m\u00eame qui \u00e9crit et qui compose ses morceaux. Il est pris en tant que t\u00e9moin de la banlieue, m\u00eame s\u2019il n\u2019y vit plus depuis des ann\u00e9es.<\/p>\n<p>Bien s\u00fbr le rap engag\u00e9 existe, et heureusement, mais le r\u00e9duire uniquement \u00e0 une question sociale le fait s\u2019\u00e9loigner de sa nature premi\u00e8re qui est l\u2019art. Le rap connait une diversit\u00e9 de style impressionnante et encore plus aujourd\u2019hui avec l\u2019\u00e9mergence d\u2019une nouvelle vague de rappeurs. Il va bien au-del\u00e0 de deux genres, de par les diff\u00e9rents th\u00e8mes abord\u00e9s, les diff\u00e9rentes g\u00e9n\u00e9rations de rappeurs et les diff\u00e9rents styles de flow.<\/p>\n<p>&nbsp;<\/p>\n<p>Alors oui, les rappeurs jouent, \u00e0 leur tour, \u00e9norm\u00e9ment avec cette diabolisation des m\u00e9dias \u00e0 leur sujet. Cette fracture est symbolique dans le rap. Les m\u00e9dias n\u2019aiment pas les rappeurs, et les rappeurs n\u2019aiment pas les m\u00e9dias, ce qui leur permet de leur rendre la pareille dans leurs textes. Cependant, le probl\u00e8me est bien plus profond qu\u2019un simple \u00ab\u00a0Je t\u2019aime moi non plus\u00a0\u00bb.<\/p>\n<p>Et c\u2019est l\u00e0 qu\u2019on s\u2019attaque \u00e0 la libert\u00e9 d\u2019expression.<\/p>\n<p>En effet, on assiste bien trop souvent \u00e0 des jugements avec deux poids deux mesures. Par exemple, une semaine avant les attentats de <strong>Charlie Hebdo<\/strong>, <strong>M\u00e9dine<\/strong> a sorti son clip <strong><em>\u00ab\u00a0Don\u2019t La\u00efk\u00a0\u00bb.<\/em><\/strong> Dans ce morceau il d\u00e9nonce les \u00ab\u00a0ultra la\u00efcs\u00a0\u00bb c\u2019est-\u00e0-dire les personnes qui utilisent la la\u00efcit\u00e9 de fa\u00e7on \u00e0 exclure une communaut\u00e9 (ici les musulmans fran\u00e7ais) n\u00e9anmoins la vid\u00e9o a \u00e9t\u00e9 re\u00e7ue comme un \u00ab\u00a0pamphlet apologiste\u00a0\u00bb. Les m\u00e9dias et les politiques l\u2019ont tout de suite point\u00e9 du doigt \u00ab\u00a0en criant au fondamentaliste\u00a0\u00bb alors que <strong>M\u00e9dine<\/strong> n\u2019a fait rien d\u2019autre que d\u2019appliquer les principes de la R\u00e9publique\u00a0: La libert\u00e9 d\u2019expression, la libert\u00e9 de caricaturer et la libert\u00e9 de critiquer.<\/p>\n<p>&nbsp;<\/p>\n<p><iframe loading=\"lazy\" title=\"Medine   Don&#039;t Laik Official Clip\" width=\"1200\" height=\"675\" src=\"https:\/\/www.youtube.com\/embed\/3eSzCo9AMWk?feature=oembed\" frameborder=\"0\" allow=\"accelerometer; autoplay; encrypted-media; gyroscope; picture-in-picture\" allowfullscreen><\/iframe><\/p>\n<p>&nbsp;<\/p>\n<p><strong>Nekfeu<\/strong> s\u2019est retrouv\u00e9 dans la m\u00eame situation apr\u00e8s l\u2019attentat en question. Un proc\u00e8s lui a \u00e9t\u00e9 intent\u00e9 pour sa ligne sur <strong>Charlie Hebdo<\/strong> dans le titre <strong><em>Marche\u00a0<\/em><\/strong>: <em>\u00ab\u00a0Je r\u00e9clame un autodaf\u00e9 pour ses chiens de Charlie Hebdo\u00a0\u00bb <\/em>sorti en 2013, deux ans avant la trag\u00e9die qui a touch\u00e9 le journal satirique. \u00c0 la suite de \u00e7a, le rappeur a d\u00fb s\u2019expliquer et s\u2019excuser dans la presse ou \u00e0 la t\u00e9l\u00e9. Encore une fois ces paroles ne tenaient qu\u2019au rap alors que les m\u00e9dias ont consid\u00e9r\u00e9 que le rappeur se r\u00e9jouissait de l\u2019attentat.<\/p>\n<p>&nbsp;<\/p>\n<p><iframe loading=\"lazy\" title=\"MARCHE\" width=\"1200\" height=\"675\" src=\"https:\/\/www.youtube.com\/embed\/rQ3qJdfZdIM?feature=oembed\" frameborder=\"0\" allow=\"accelerometer; autoplay; encrypted-media; gyroscope; picture-in-picture\" allowfullscreen><\/iframe><\/p>\n<p>&nbsp;<\/p>\n<p>\u00c0 la diff\u00e9rence des rappeurs, lorsque les journaux satiriques sont d\u00e9nonc\u00e9s pour leur propos sur tels ou tels dieux, sur tels ou tels \u00e9v\u00e8nements, c\u2019est la justice, les m\u00e9dias et les politiques fran\u00e7ais qui leur viennent en aide en ass\u00e9nant les grands principes de la R\u00e9publique \u00e0 la face des d\u00e9tracteurs.<\/p>\n<p>Comme l\u2019a dit le r\u00e9dacteur en chef de <strong>Charlie Hebdo<\/strong>, <strong>Charb<\/strong>, <em>\u00ab\u00a0La plume n\u2019\u00e9gorge pas\u00a0\u00bb.<\/em> Alors pourquoi ne pas mettre sur un pied d\u2019\u00e9galit\u00e9 le dessinateur et le rappeur qui manient tous deux la plume\u00a0?<\/p>\n<p><strong>Youssoupha<\/strong> r\u00e9sume ces diff\u00e9rences de traitement dans son titre <strong><em>Menace de Mort<\/em><\/strong>, \u00e9crite \u00e0 la suite de son proc\u00e8s qui l\u2019opposait \u00e0 <strong>\u00c9ric Zemmour<\/strong>. <strong>Zemmour<\/strong> l\u2019avait traduit en justice pour des paroles qui disaient\u00a0: <em>\u00c0 force de\u00a0<\/em><em>juger<\/em><em>\u00a0nos gueules, les gens le savent qu&#8217;\u00e0 la t\u00e9l\u00e9 souvent les chroniqueurs diabolisent les banlieusards, chaque fois que \u00e7a p\u00e8te on dit que c&#8217;est nous, je mets un billet sur la t\u00eate de celui qui fera\u00a0<\/em><em>taire<\/em><em>\u00a0ce con d&#8217;Eric Zemmour.&#8221; <\/em>Contrairement \u00e0 <strong>Youssoupha<\/strong>, les propos intol\u00e9rants de <strong>Zemmour <\/strong>ne sont pas stopp\u00e9s pas la justice puisqu\u2019il continue d\u2019arpenter les plateaux t\u00e9l\u00e9.<\/p>\n<p><iframe loading=\"lazy\" title=\"Youssoupha - Menace de Mort (Clip Officiel)\" width=\"1200\" height=\"675\" src=\"https:\/\/www.youtube.com\/embed\/Arve4ZB8jog?feature=oembed\" frameborder=\"0\" allow=\"accelerometer; autoplay; encrypted-media; gyroscope; picture-in-picture\" allowfullscreen><\/iframe><\/p>\n<p>Le rap existe en France depuis plus d\u2019un quart de si\u00e8cle, la France est le deuxi\u00e8me plus gros march\u00e9 du rap dans le monde apr\u00e8s les \u00c9tats-Unis et pourtant les rappeurs ne sont pas consid\u00e9r\u00e9s comme des artistes. \u00c0 la diff\u00e9rence, les rappeurs am\u00e9ricains sont plus que respect\u00e9s dans leur pays, certains \u00e9tant m\u00eame compar\u00e9s \u00e0 des dieux de la musique (Big up <strong>Yeezy<\/strong>). Ils sont souvent les invit\u00e9s des talkshows dans lesquels on \u00e9vite de leur balancer des \u00ab\u00a0wesh gros\u00a0\u00bb \u00e0 la fin de chaque question, avec un rictus moqueur. Cela s\u2019explique notamment parce que le Hip-hop et le rap font aujourd\u2019hui partis du patrimoine national des USA.<\/p>\n<p>Il serait alors bon de laisser tomber le m\u00e9pris et de faire de m\u00eame en France apr\u00e8s plus de 25ans d\u2019existence m\u00eame si le rap n\u2019est pas un art issu de l\u2019acad\u00e9misme \u00e0 la Fran\u00e7aise.<\/p>\n<p>&nbsp;<\/p>\n<p><strong><em>Par Margaux Philippon.<\/em><\/strong><\/p>\n","protected":false},"excerpt":{"rendered":"<p>Ces derniers jours, l\u2019incompr\u00e9hension qui existe entre le rap fran\u00e7ais et les m\u00e9dias a atteint son paroxysme. Premi\u00e8re illustration\u00a0: la rencontre dans l\u2019\u00e9mission Salut les Terriens de samedi dernier, de Thierry Ardisson et du rappeur Vald qui vient de sortir son single Troph\u00e9e. L\u2019interview \u00e9tait focalis\u00e9e sur tout, vraiment TOUT sauf sur l\u2019artiste et sa &#8230; <a title=\"Le D\u00e9samour du Rap et des M\u00e9dias Fran\u00e7ais\" class=\"read-more\" href=\"http:\/\/startitkbs.org\/index.php\/2017\/09\/29\/le-desamour-du-rap-et-des-medias-francais\/\">Lire la suite <span class=\"screen-reader-text\">Le D\u00e9samour du Rap et des M\u00e9dias Fran\u00e7ais<\/span><\/a><\/p>\n","protected":false},"author":2,"featured_media":1449,"comment_status":"open","ping_status":"open","sticky":false,"template":"","format":"standard","meta":{"_mi_skip_tracking":false,"cybocfi_hide_featured_image":""},"categories":[1],"tags":[643,638,640,644,350,126,642,641,637,636,635,495,645,639,646,41,58,458,647],"yoast_head":"<!-- This site is optimized with the Yoast SEO plugin v18.0 - https:\/\/yoast.com\/wordpress\/plugins\/seo\/ -->\n<title>Le D\u00e9samour du Rap et des M\u00e9dias Fran\u00e7ais - Start It<\/title>\n<meta name=\"robots\" content=\"index, follow, max-snippet:-1, max-image-preview:large, max-video-preview:-1\" \/>\n<link rel=\"canonical\" href=\"http:\/\/startitkbs.org\/index.php\/2017\/09\/29\/le-desamour-du-rap-et-des-medias-francais\/\" \/>\n<meta property=\"og:locale\" content=\"fr_FR\" \/>\n<meta property=\"og:type\" content=\"article\" \/>\n<meta property=\"og:title\" content=\"Le D\u00e9samour du Rap et des M\u00e9dias Fran\u00e7ais - Start It\" \/>\n<meta property=\"og:description\" content=\"Ces derniers jours, l\u2019incompr\u00e9hension qui existe entre le rap fran\u00e7ais et les m\u00e9dias a atteint son paroxysme. Premi\u00e8re illustration\u00a0: la rencontre dans l\u2019\u00e9mission Salut les Terriens de samedi dernier, de Thierry Ardisson et du rappeur Vald qui vient de sortir son single Troph\u00e9e. L\u2019interview \u00e9tait focalis\u00e9e sur tout, vraiment TOUT sauf sur l\u2019artiste et sa ... Lire la suite Le D\u00e9samour du Rap et des M\u00e9dias Fran\u00e7ais\" \/>\n<meta property=\"og:url\" content=\"http:\/\/startitkbs.org\/index.php\/2017\/09\/29\/le-desamour-du-rap-et-des-medias-francais\/\" \/>\n<meta property=\"og:site_name\" content=\"Start It\" \/>\n<meta property=\"article:publisher\" content=\"https:\/\/www.facebook.com\/startitkedgebs\/?ref=br_rs\" \/>\n<meta property=\"article:published_time\" content=\"2017-09-29T10:04:13+00:00\" \/>\n<meta property=\"article:modified_time\" content=\"2017-10-13T10:28:01+00:00\" \/>\n<meta property=\"og:image\" content=\"http:\/\/startitkbs.org\/wp-content\/uploads\/2017\/09\/jakob-owens-393303-1024x683.jpg\" \/>\n\t<meta property=\"og:image:width\" content=\"1024\" \/>\n\t<meta property=\"og:image:height\" content=\"683\" \/>\n\t<meta property=\"og:image:type\" content=\"image\/jpeg\" \/>\n<meta name=\"twitter:card\" content=\"summary_large_image\" \/>\n<meta name=\"twitter:label1\" content=\"\u00c9crit par\" \/>\n\t<meta name=\"twitter:data1\" content=\"Start It\" \/>\n\t<meta name=\"twitter:label2\" content=\"Dur\u00e9e de lecture estim\u00e9e\" \/>\n\t<meta name=\"twitter:data2\" content=\"12 minutes\" \/>\n<script type=\"application\/ld+json\" class=\"yoast-schema-graph\">{\"@context\":\"https:\/\/schema.org\",\"@graph\":[{\"@type\":\"WebSite\",\"@id\":\"http:\/\/startitkbs.org\/#website\",\"url\":\"http:\/\/startitkbs.org\/\",\"name\":\"Start It\",\"description\":\"Association musicale Bordelaise\",\"potentialAction\":[{\"@type\":\"SearchAction\",\"target\":{\"@type\":\"EntryPoint\",\"urlTemplate\":\"http:\/\/startitkbs.org\/?s={search_term_string}\"},\"query-input\":\"required name=search_term_string\"}],\"inLanguage\":\"fr-FR\"},{\"@type\":\"ImageObject\",\"@id\":\"http:\/\/startitkbs.org\/index.php\/2017\/09\/29\/le-desamour-du-rap-et-des-medias-francais\/#primaryimage\",\"inLanguage\":\"fr-FR\",\"url\":\"http:\/\/startitkbs.org\/wp-content\/uploads\/2017\/09\/jakob-owens-393303.jpg\",\"contentUrl\":\"http:\/\/startitkbs.org\/wp-content\/uploads\/2017\/09\/jakob-owens-393303.jpg\",\"width\":5472,\"height\":3648},{\"@type\":\"WebPage\",\"@id\":\"http:\/\/startitkbs.org\/index.php\/2017\/09\/29\/le-desamour-du-rap-et-des-medias-francais\/#webpage\",\"url\":\"http:\/\/startitkbs.org\/index.php\/2017\/09\/29\/le-desamour-du-rap-et-des-medias-francais\/\",\"name\":\"Le D\u00e9samour du Rap et des M\u00e9dias Fran\u00e7ais - Start It\",\"isPartOf\":{\"@id\":\"http:\/\/startitkbs.org\/#website\"},\"primaryImageOfPage\":{\"@id\":\"http:\/\/startitkbs.org\/index.php\/2017\/09\/29\/le-desamour-du-rap-et-des-medias-francais\/#primaryimage\"},\"datePublished\":\"2017-09-29T10:04:13+00:00\",\"dateModified\":\"2017-10-13T10:28:01+00:00\",\"author\":{\"@id\":\"http:\/\/startitkbs.org\/#\/schema\/person\/e6547bfb2f056b56d41e21a1d4991de7\"},\"breadcrumb\":{\"@id\":\"http:\/\/startitkbs.org\/index.php\/2017\/09\/29\/le-desamour-du-rap-et-des-medias-francais\/#breadcrumb\"},\"inLanguage\":\"fr-FR\",\"potentialAction\":[{\"@type\":\"ReadAction\",\"target\":[\"http:\/\/startitkbs.org\/index.php\/2017\/09\/29\/le-desamour-du-rap-et-des-medias-francais\/\"]}]},{\"@type\":\"BreadcrumbList\",\"@id\":\"http:\/\/startitkbs.org\/index.php\/2017\/09\/29\/le-desamour-du-rap-et-des-medias-francais\/#breadcrumb\",\"itemListElement\":[{\"@type\":\"ListItem\",\"position\":1,\"name\":\"Home\",\"item\":\"http:\/\/startitkbs.org\/\"},{\"@type\":\"ListItem\",\"position\":2,\"name\":\"Le D\u00e9samour du Rap et des M\u00e9dias Fran\u00e7ais\"}]},{\"@type\":\"Person\",\"@id\":\"http:\/\/startitkbs.org\/#\/schema\/person\/e6547bfb2f056b56d41e21a1d4991de7\",\"name\":\"Start It\",\"image\":{\"@type\":\"ImageObject\",\"@id\":\"http:\/\/startitkbs.org\/#personlogo\",\"inLanguage\":\"fr-FR\",\"url\":\"http:\/\/1.gravatar.com\/avatar\/11862acbc548da566658503207ce57f4?s=96&d=mm&r=g\",\"contentUrl\":\"http:\/\/1.gravatar.com\/avatar\/11862acbc548da566658503207ce57f4?s=96&d=mm&r=g\",\"caption\":\"Start It\"},\"sameAs\":[\"http:\/\/startitkbs.org\/\",\"https:\/\/www.instagram.com\/startit_asso\/\"],\"url\":\"http:\/\/startitkbs.org\/index.php\/author\/start-it\/\"}]}<\/script>\n<!-- \/ Yoast SEO plugin. -->","yoast_head_json":{"title":"Le D\u00e9samour du Rap et des M\u00e9dias Fran\u00e7ais - Start It","robots":{"index":"index","follow":"follow","max-snippet":"max-snippet:-1","max-image-preview":"max-image-preview:large","max-video-preview":"max-video-preview:-1"},"canonical":"http:\/\/startitkbs.org\/index.php\/2017\/09\/29\/le-desamour-du-rap-et-des-medias-francais\/","og_locale":"fr_FR","og_type":"article","og_title":"Le D\u00e9samour du Rap et des M\u00e9dias Fran\u00e7ais - Start It","og_description":"Ces derniers jours, l\u2019incompr\u00e9hension qui existe entre le rap fran\u00e7ais et les m\u00e9dias a atteint son paroxysme. Premi\u00e8re illustration\u00a0: la rencontre dans l\u2019\u00e9mission Salut les Terriens de samedi dernier, de Thierry Ardisson et du rappeur Vald qui vient de sortir son single Troph\u00e9e. L\u2019interview \u00e9tait focalis\u00e9e sur tout, vraiment TOUT sauf sur l\u2019artiste et sa ... Lire la suite Le D\u00e9samour du Rap et des M\u00e9dias Fran\u00e7ais","og_url":"http:\/\/startitkbs.org\/index.php\/2017\/09\/29\/le-desamour-du-rap-et-des-medias-francais\/","og_site_name":"Start It","article_publisher":"https:\/\/www.facebook.com\/startitkedgebs\/?ref=br_rs","article_published_time":"2017-09-29T10:04:13+00:00","article_modified_time":"2017-10-13T10:28:01+00:00","og_image":[{"width":1024,"height":683,"url":"http:\/\/startitkbs.org\/wp-content\/uploads\/2017\/09\/jakob-owens-393303-1024x683.jpg","type":"image\/jpeg"}],"twitter_card":"summary_large_image","twitter_misc":{"\u00c9crit par":"Start It","Dur\u00e9e de lecture estim\u00e9e":"12 minutes"},"schema":{"@context":"https:\/\/schema.org","@graph":[{"@type":"WebSite","@id":"http:\/\/startitkbs.org\/#website","url":"http:\/\/startitkbs.org\/","name":"Start It","description":"Association musicale Bordelaise","potentialAction":[{"@type":"SearchAction","target":{"@type":"EntryPoint","urlTemplate":"http:\/\/startitkbs.org\/?s={search_term_string}"},"query-input":"required name=search_term_string"}],"inLanguage":"fr-FR"},{"@type":"ImageObject","@id":"http:\/\/startitkbs.org\/index.php\/2017\/09\/29\/le-desamour-du-rap-et-des-medias-francais\/#primaryimage","inLanguage":"fr-FR","url":"http:\/\/startitkbs.org\/wp-content\/uploads\/2017\/09\/jakob-owens-393303.jpg","contentUrl":"http:\/\/startitkbs.org\/wp-content\/uploads\/2017\/09\/jakob-owens-393303.jpg","width":5472,"height":3648},{"@type":"WebPage","@id":"http:\/\/startitkbs.org\/index.php\/2017\/09\/29\/le-desamour-du-rap-et-des-medias-francais\/#webpage","url":"http:\/\/startitkbs.org\/index.php\/2017\/09\/29\/le-desamour-du-rap-et-des-medias-francais\/","name":"Le D\u00e9samour du Rap et des M\u00e9dias Fran\u00e7ais - Start It","isPartOf":{"@id":"http:\/\/startitkbs.org\/#website"},"primaryImageOfPage":{"@id":"http:\/\/startitkbs.org\/index.php\/2017\/09\/29\/le-desamour-du-rap-et-des-medias-francais\/#primaryimage"},"datePublished":"2017-09-29T10:04:13+00:00","dateModified":"2017-10-13T10:28:01+00:00","author":{"@id":"http:\/\/startitkbs.org\/#\/schema\/person\/e6547bfb2f056b56d41e21a1d4991de7"},"breadcrumb":{"@id":"http:\/\/startitkbs.org\/index.php\/2017\/09\/29\/le-desamour-du-rap-et-des-medias-francais\/#breadcrumb"},"inLanguage":"fr-FR","potentialAction":[{"@type":"ReadAction","target":["http:\/\/startitkbs.org\/index.php\/2017\/09\/29\/le-desamour-du-rap-et-des-medias-francais\/"]}]},{"@type":"BreadcrumbList","@id":"http:\/\/startitkbs.org\/index.php\/2017\/09\/29\/le-desamour-du-rap-et-des-medias-francais\/#breadcrumb","itemListElement":[{"@type":"ListItem","position":1,"name":"Home","item":"http:\/\/startitkbs.org\/"},{"@type":"ListItem","position":2,"name":"Le D\u00e9samour du Rap et des M\u00e9dias Fran\u00e7ais"}]},{"@type":"Person","@id":"http:\/\/startitkbs.org\/#\/schema\/person\/e6547bfb2f056b56d41e21a1d4991de7","name":"Start It","image":{"@type":"ImageObject","@id":"http:\/\/startitkbs.org\/#personlogo","inLanguage":"fr-FR","url":"http:\/\/1.gravatar.com\/avatar\/11862acbc548da566658503207ce57f4?s=96&d=mm&r=g","contentUrl":"http:\/\/1.gravatar.com\/avatar\/11862acbc548da566658503207ce57f4?s=96&d=mm&r=g","caption":"Start It"},"sameAs":["http:\/\/startitkbs.org\/","https:\/\/www.instagram.com\/startit_asso\/"],"url":"http:\/\/startitkbs.org\/index.php\/author\/start-it\/"}]}},"_links":{"self":[{"href":"http:\/\/startitkbs.org\/index.php\/wp-json\/wp\/v2\/posts\/1447"}],"collection":[{"href":"http:\/\/startitkbs.org\/index.php\/wp-json\/wp\/v2\/posts"}],"about":[{"href":"http:\/\/startitkbs.org\/index.php\/wp-json\/wp\/v2\/types\/post"}],"author":[{"embeddable":true,"href":"http:\/\/startitkbs.org\/index.php\/wp-json\/wp\/v2\/users\/2"}],"replies":[{"embeddable":true,"href":"http:\/\/startitkbs.org\/index.php\/wp-json\/wp\/v2\/comments?post=1447"}],"version-history":[{"count":14,"href":"http:\/\/startitkbs.org\/index.php\/wp-json\/wp\/v2\/posts\/1447\/revisions"}],"predecessor-version":[{"id":1512,"href":"http:\/\/startitkbs.org\/index.php\/wp-json\/wp\/v2\/posts\/1447\/revisions\/1512"}],"wp:featuredmedia":[{"embeddable":true,"href":"http:\/\/startitkbs.org\/index.php\/wp-json\/wp\/v2\/media\/1449"}],"wp:attachment":[{"href":"http:\/\/startitkbs.org\/index.php\/wp-json\/wp\/v2\/media?parent=1447"}],"wp:term":[{"taxonomy":"category","embeddable":true,"href":"http:\/\/startitkbs.org\/index.php\/wp-json\/wp\/v2\/categories?post=1447"},{"taxonomy":"post_tag","embeddable":true,"href":"http:\/\/startitkbs.org\/index.php\/wp-json\/wp\/v2\/tags?post=1447"}],"curies":[{"name":"wp","href":"https:\/\/api.w.org\/{rel}","templated":true}]}}