{"id":14681,"date":"2024-02-01T18:05:49","date_gmt":"2024-02-01T17:05:49","guid":{"rendered":"http:\/\/startitkbs.org\/?p=14681"},"modified":"2024-02-01T18:42:02","modified_gmt":"2024-02-01T17:42:02","slug":"les-actus-de-fevrier","status":"publish","type":"post","link":"http:\/\/startitkbs.org\/index.php\/2024\/02\/01\/les-actus-de-fevrier\/","title":{"rendered":"Les actus de F\u00e9vrier"},"content":{"rendered":"\n<p>Quoi de mieux pour d\u00e9buter le mois que l\u2019inauguration du nouveau format, &#8220;L&#8217;actu du mois&#8221;. Chaque prochaine sortie est pass\u00e9e au peigne fin pour que vous ne manquiez rien de l&#8217;actu musicale \u00e0 venir. Ce mois de f\u00e9vrier se fait timide, certes, mais il reste int\u00e9ressant pour les fans de rap fran\u00e7ais.<\/p>\n\n\n\n<p><\/p>\n\n\n\n<div style=\"height:100px\" aria-hidden=\"true\" class=\"wp-block-spacer\"><\/div>\n\n\n\n<h2><strong>Les albums du mois<\/strong><\/h2>\n\n\n\n<figure class=\"wp-block-image size-large is-resized\"><img loading=\"lazy\" src=\"http:\/\/startitkbs.org\/wp-content\/uploads\/2024\/01\/1200x1200bb-1-1024x1024.jpg\" alt=\"\" class=\"wp-image-14682\" width=\"325\" height=\"325\" srcset=\"http:\/\/startitkbs.org\/wp-content\/uploads\/2024\/01\/1200x1200bb-1-1024x1024.jpg 1024w, http:\/\/startitkbs.org\/wp-content\/uploads\/2024\/01\/1200x1200bb-1-300x300.jpg 300w, http:\/\/startitkbs.org\/wp-content\/uploads\/2024\/01\/1200x1200bb-1-150x150.jpg 150w, http:\/\/startitkbs.org\/wp-content\/uploads\/2024\/01\/1200x1200bb-1-768x768.jpg 768w, http:\/\/startitkbs.org\/wp-content\/uploads\/2024\/01\/1200x1200bb-1.jpg 1200w\" sizes=\"(max-width: 325px) 100vw, 325px\" \/><\/figure>\n\n\n\n<h3><strong>Lala&amp;Ce \u2013 Solstice \u2013 2 f\u00e9vrier<\/strong><\/h3>\n\n\n\n<p>C\u2019est le retour de <strong>Lala&amp;ce<\/strong>. Trois ann\u00e9es apr\u00e8s la sortie de son premier album, &#8220;<em>Everything Tasteful<\/em>&#8220;, la talentueuse rappeuse lyonnaise revient en force avec son nouvel album, &#8220;<em>Solstice<\/em>&#8220;. Ce deuxi\u00e8me album se voit comme un projet conceptuel qui plonge l&#8217;auditeur au c\u0153ur d&#8217;une dystopie. <strong>Lala&amp;ce<\/strong> a d\u00e9j\u00e0 d\u00e9voil\u00e9 trois singles, \u00e0 savoir &#8220;<em>Licorne<\/em>&#8220;, &#8220;<em>BUT<\/em>&#8221; et &#8220;<em>No More Time<\/em>&#8220;. Le projet comportera 18 nouveaux morceaux, avec des collaborations prometteuses, notamment avec <strong>La F\u00e8ve, Dinos, et Ste Milano<\/strong>. Un retour qui s&#8217;annonce prometteur.<\/p>\n\n\n\n<p><\/p>\n\n\n\n<figure class=\"wp-block-image size-full is-resized\"><img loading=\"lazy\" src=\"http:\/\/startitkbs.org\/wp-content\/uploads\/2024\/01\/Le-Grand-Mystico.jpg\" alt=\"\" class=\"wp-image-14658\" width=\"325\" height=\"325\" srcset=\"http:\/\/startitkbs.org\/wp-content\/uploads\/2024\/01\/Le-Grand-Mystico.jpg 400w, http:\/\/startitkbs.org\/wp-content\/uploads\/2024\/01\/Le-Grand-Mystico-300x300.jpg 300w, http:\/\/startitkbs.org\/wp-content\/uploads\/2024\/01\/Le-Grand-Mystico-150x150.jpg 150w\" sizes=\"(max-width: 325px) 100vw, 325px\" \/><\/figure>\n\n\n\n<h3><strong>Slimka \u2013 Le Grand Mystico \u2013 2 f\u00e9vrier<\/strong><\/h3>\n\n\n\n<p>Pr\u00e9parant le terrain apr\u00e8s plusieurs projets, <strong>Slimka<\/strong> annonce la sortie imminente de &#8220;<em>Le Grand Mystico<\/em>&#8220;, un album qui va plonger les auditeurs dans l&#8217;univers d&#8217;un cirque dirig\u00e9 par le myst\u00e9rieux &#8220;Grand Mystico&#8221;, aka <strong>Slimka<\/strong>. \u00c0 travers le titre \u00e9ponyme d\u00e9voil\u00e9 au d\u00e9but de janvier, l&#8217;artiste suisse offre un aper\u00e7u de cet univers au visuel l\u00e9ch\u00e9, et une esth\u00e9tique qui ne passe pas inaper\u00e7ue. Une exp\u00e9rience \u00e0 ne pas manquer pour les amateurs de rap excentrique.<\/p>\n\n\n\n<p><\/p>\n\n\n\n<figure class=\"wp-block-image size-full is-resized\"><img loading=\"lazy\" src=\"http:\/\/startitkbs.org\/wp-content\/uploads\/2024\/01\/download.jpeg\" alt=\"\" class=\"wp-image-14683\" width=\"325\" height=\"325\" srcset=\"http:\/\/startitkbs.org\/wp-content\/uploads\/2024\/01\/download.jpeg 225w, http:\/\/startitkbs.org\/wp-content\/uploads\/2024\/01\/download-150x150.jpeg 150w\" sizes=\"(max-width: 325px) 100vw, 325px\" \/><\/figure>\n\n\n\n<h3><strong>S.Pri Noir \u2013 La Cour des miracles \u2013 2 f\u00e9vrier<\/strong><\/h3>\n\n\n\n<p><strong>S.Pri Noir<\/strong> signe un retour apr\u00e8s une pause musicale de quelques ann\u00e9es avec la sortie imminente de &#8220;<em>La Cour des miracles<\/em>&#8220;. L&#8217;artiste nous avait d\u00e9j\u00e0 offert un avant-go\u00fbt prometteur avec des titres percutants tels que &#8220;<em>Les clefs du Ch\u00e2teau<\/em>&#8221; et &#8220;<em>Bonsoir Paris<\/em>&#8220;, en collaboration avec <strong>Tiakola<\/strong>. On peut \u00eatre certain que &#8220;<em>La Cour des miracles<\/em>&#8221; s&#8217;annonce comme une exp\u00e9rience musicale intense et captivante.<\/p>\n\n\n\n<p><\/p>\n\n\n\n<figure class=\"wp-block-image size-full is-resized\"><img loading=\"lazy\" src=\"https:\/\/startitkbs.org\/wp-content\/uploads\/2024\/01\/https___images.genius.com_7513ddaf14757a770d06d8f05a511f2a.1000x1000x1-1.jpg\" alt=\"\" class=\"wp-image-14693\" width=\"325\" height=\"325\" srcset=\"http:\/\/startitkbs.org\/wp-content\/uploads\/2024\/01\/https___images.genius.com_7513ddaf14757a770d06d8f05a511f2a.1000x1000x1-1.jpg 600w, http:\/\/startitkbs.org\/wp-content\/uploads\/2024\/01\/https___images.genius.com_7513ddaf14757a770d06d8f05a511f2a.1000x1000x1-1-300x300.jpg 300w, http:\/\/startitkbs.org\/wp-content\/uploads\/2024\/01\/https___images.genius.com_7513ddaf14757a770d06d8f05a511f2a.1000x1000x1-1-150x150.jpg 150w\" sizes=\"(max-width: 325px) 100vw, 325px\" \/><\/figure>\n\n\n\n<h3><strong>ZKR \u2013 Mode op\u00e9ratoire (Volume 1) \u2013 2 f\u00e9vrier<\/strong><\/h3>\n\n\n\n<p>Le nouveau projet de <strong>ZKR<\/strong>, baptis\u00e9 &#8220;<em>Mode Op\u00e9ratoire Volume 1<\/em>&#8220;, verra le jour en ce d\u00e9but de mois. L&#8217;annonce a \u00e9t\u00e9 accompagn\u00e9e de la r\u00e9v\u00e9lation de la pochette et de la tracklist, qui ne manque pas de susciter l&#8217;excitation, car elle met en avant des invit\u00e9s de prestige tels que <strong>Jul<\/strong>, <strong>Werenoi<\/strong>, <strong>Lesram<\/strong> et <strong>Zed<\/strong>. On attend de ce projet simplicit\u00e9 et efficacit\u00e9.<\/p>\n\n\n\n<p><\/p>\n\n\n\n<figure class=\"wp-block-image size-full is-resized\"><img loading=\"lazy\" src=\"http:\/\/startitkbs.org\/wp-content\/uploads\/2024\/01\/https___images.genius.com_eaeaa5532b249865af44335e981764b9.1000x1000x1.png\" alt=\"\" class=\"wp-image-14686\" width=\"325\" height=\"325\" srcset=\"http:\/\/startitkbs.org\/wp-content\/uploads\/2024\/01\/https___images.genius.com_eaeaa5532b249865af44335e981764b9.1000x1000x1.png 351w, http:\/\/startitkbs.org\/wp-content\/uploads\/2024\/01\/https___images.genius.com_eaeaa5532b249865af44335e981764b9.1000x1000x1-300x300.png 300w, http:\/\/startitkbs.org\/wp-content\/uploads\/2024\/01\/https___images.genius.com_eaeaa5532b249865af44335e981764b9.1000x1000x1-150x150.png 150w\" sizes=\"(max-width: 325px) 100vw, 325px\" \/><\/figure>\n\n\n\n<h3><strong>Kanye West and Ty Dolla Sign \u2013 Vultures \u2013 9 f\u00e9vrier<\/strong><\/h3>\n\n\n\n<p><strong>Kanye West<\/strong>, de retour sur la sc\u00e8ne musicale apr\u00e8s un certain temps, a r\u00e9v\u00e9l\u00e9 la sortie de son nouvel album intitul\u00e9 &#8220;<em>Vultures<\/em>&#8221; lors d&#8217;une annonce faite le mardi 23 janvier. L&#8217;album est divis\u00e9 en trois parties, et la premi\u00e8re d&#8217;entre elles sera disponible le 9 f\u00e9vrier.<\/p>\n\n\n\n<p>Le single &#8220;<em>Vultures<\/em>&#8220;, sortie le 22 novembre 2023 nous a donn\u00e9 un aper\u00e7u de l\u2019ambiance de l\u2019album. Et pour beaucoup, ce single nous a rendu pessimiste quant \u00e0 la qualit\u00e9 du projet. Avec une production tr\u00e8s moyenne et un mix assez catastrophique, les fans ne savent pas trop quoi attendre de ce colab album (si <strong>Kanye<\/strong> d\u00e9cide de le sortir).<\/p>\n\n\n\n<p><\/p>\n\n\n\n<figure class=\"wp-block-image size-full is-resized\"><img loading=\"lazy\" src=\"http:\/\/startitkbs.org\/wp-content\/uploads\/2024\/01\/https___images.genius.com_b7b3ad0dff55edbaabdcb1ff1068560a.1000x1000x1.png\" alt=\"\" class=\"wp-image-14687\" width=\"325\" height=\"325\" srcset=\"http:\/\/startitkbs.org\/wp-content\/uploads\/2024\/01\/https___images.genius.com_b7b3ad0dff55edbaabdcb1ff1068560a.1000x1000x1.png 340w, http:\/\/startitkbs.org\/wp-content\/uploads\/2024\/01\/https___images.genius.com_b7b3ad0dff55edbaabdcb1ff1068560a.1000x1000x1-300x300.png 300w, http:\/\/startitkbs.org\/wp-content\/uploads\/2024\/01\/https___images.genius.com_b7b3ad0dff55edbaabdcb1ff1068560a.1000x1000x1-150x150.png 150w\" sizes=\"(max-width: 325px) 100vw, 325px\" \/><\/figure>\n\n\n\n<h3><strong>Usher \u2013 Coming Home \u2013 11 f\u00e9vrier<\/strong><\/h3>\n\n\n\n<p>Apr\u00e8s une absence de huit ans sans projet majeur, <strong>Usher<\/strong> pr\u00e9pare son grand retour avec un nouvel opus intitul\u00e9 &#8220;<em>Coming Home<\/em>&#8220;, le 11 f\u00e9vrier. Une annonce tactique, car le chanteur de R&amp;B assurera \u00e0 cette date la tr\u00e8s attendue performance de la mi-temps du Superbowl.<\/p>\n\n\n\n<p>L\u2019album comportera le single &#8220;<em>Good Good<\/em>&#8220;, en collaboration avec <strong>21 Savage<\/strong> et <strong>Summer Walker<\/strong>. Un single qui avait laiss\u00e9 les fans sur leur faim, avec une production lassante et un <strong>Usher<\/strong> qui ne sort pas de sa zone de confort.<\/p>\n\n\n\n<p><\/p>\n\n\n\n<figure class=\"wp-block-image size-full is-resized\"><img loading=\"lazy\" src=\"http:\/\/startitkbs.org\/wp-content\/uploads\/2024\/01\/https___images.genius.com_894c0058ba60556add3016084c6228bd.1000x1000x1.png\" alt=\"\" class=\"wp-image-14688\" width=\"325\" height=\"325\" srcset=\"http:\/\/startitkbs.org\/wp-content\/uploads\/2024\/01\/https___images.genius.com_894c0058ba60556add3016084c6228bd.1000x1000x1.png 340w, http:\/\/startitkbs.org\/wp-content\/uploads\/2024\/01\/https___images.genius.com_894c0058ba60556add3016084c6228bd.1000x1000x1-300x300.png 300w, http:\/\/startitkbs.org\/wp-content\/uploads\/2024\/01\/https___images.genius.com_894c0058ba60556add3016084c6228bd.1000x1000x1-150x150.png 150w\" sizes=\"(max-width: 325px) 100vw, 325px\" \/><\/figure>\n\n\n\n<h3><strong>Jennifer Lopez \u2013 This Is Me&#8230; Now \u2013 16 f\u00e9vrier<\/strong><\/h3>\n\n\n\n<p><strong>Jennifer Lopez<\/strong>, ic\u00f4ne musicale avec plus de deux d\u00e9cennies de carri\u00e8re, a annonc\u00e9 la sortie de son neuvi\u00e8me album studio, intitul\u00e9 &#8220;<em>This Is Me\u2026Now<\/em>&#8220;. <\/p>\n\n\n\n<p>Cet opus marque son retour tant attendu, \u00e9tant son premier album complet en plus de dix ans, succ\u00e9dant \u00e0 &#8220;T<em>his Is Me\u2026Then<\/em>&#8220;. L&#8217;album promet une fusion \u00e9clectique de R&amp;B, de sonorit\u00e9s pop contemporaines et de rythmes hip-hop, d\u00e9voilant ainsi la diversit\u00e9 artistique de la chanteuse. Et pour le plus grand bonheur de ses fans, l\u2019album sera accompagn\u00e9 d&#8217;un court-m\u00e9trage produit par les studios Amazon.<\/p>\n\n\n\n<figure class=\"wp-block-image size-full is-resized\"><img loading=\"lazy\" src=\"http:\/\/startitkbs.org\/wp-content\/uploads\/2024\/01\/https___images.genius.com_be8c25de754fa54b0dbc64c2afdfc08d.1000x1000x1.png\" alt=\"\" class=\"wp-image-14689\" width=\"325\" height=\"325\" srcset=\"http:\/\/startitkbs.org\/wp-content\/uploads\/2024\/01\/https___images.genius.com_be8c25de754fa54b0dbc64c2afdfc08d.1000x1000x1.png 340w, http:\/\/startitkbs.org\/wp-content\/uploads\/2024\/01\/https___images.genius.com_be8c25de754fa54b0dbc64c2afdfc08d.1000x1000x1-300x300.png 300w, http:\/\/startitkbs.org\/wp-content\/uploads\/2024\/01\/https___images.genius.com_be8c25de754fa54b0dbc64c2afdfc08d.1000x1000x1-150x150.png 150w\" sizes=\"(max-width: 325px) 100vw, 325px\" \/><\/figure>\n\n\n\n<h3><strong>MGMT \u2013 Loss of Life \u2013 23 f\u00e9vrier<\/strong><\/h3>\n\n\n\n<p>Leur premier album studio en six ans depuis <em>Little Dark Age<\/em> en 2018. Il comporte une apparition de la chanteuse fran\u00e7aise <strong>Christine and the Queens<\/strong>, ce qui en fait le tout premier feat pr\u00e9sent sur un album de <strong>MGMT<\/strong>.<\/p>\n\n\n\n<p>Avec des singles comme &#8220;<em>Mother Nature<\/em>&#8220;, vaporeux et trippant, on ne peut qu\u2019\u00eatre hype par cette sortie, et encore plus avec la participation d\u2019une artiste fran\u00e7aise.<\/p>\n\n\n\n<p><\/p>\n\n\n\n<figure class=\"wp-block-image size-full is-resized\"><img loading=\"lazy\" src=\"http:\/\/startitkbs.org\/wp-content\/uploads\/2024\/01\/https___images.genius.com_aff2c43e6095117833598f121855fd63.1000x1000x1.jpg\" alt=\"\" class=\"wp-image-14690\" width=\"325\" height=\"325\" srcset=\"http:\/\/startitkbs.org\/wp-content\/uploads\/2024\/01\/https___images.genius.com_aff2c43e6095117833598f121855fd63.1000x1000x1.jpg 340w, http:\/\/startitkbs.org\/wp-content\/uploads\/2024\/01\/https___images.genius.com_aff2c43e6095117833598f121855fd63.1000x1000x1-300x300.jpg 300w, http:\/\/startitkbs.org\/wp-content\/uploads\/2024\/01\/https___images.genius.com_aff2c43e6095117833598f121855fd63.1000x1000x1-150x150.jpg 150w\" sizes=\"(max-width: 325px) 100vw, 325px\" \/><\/figure>\n\n\n\n<h3><strong>Kalash Criminel \u2013 Bon Courage \u2013 23 f\u00e9vrier<\/strong><\/h3>\n\n\n\n<p>En direct de l&#8217;exposition r\u00e9unissant <strong>Mister Fifou<\/strong>, <strong>Jonathan<\/strong> <strong>Mannion<\/strong> et <strong>Ciesay<\/strong> \u00e0 Paris, <strong>Kalash Criminel<\/strong> a d\u00e9voil\u00e9 son dernier album, &#8220;<em>Bon<\/em> <em>Courage<\/em>&#8220;.<\/p>\n\n\n\n<p>C\u2019est lors du vernissage de l&#8217;exposition que <strong>Kalash Criminel<\/strong> a d\u00e9voil\u00e9 en exclusivit\u00e9 la cover de l\u2019album, r\u00e9alis\u00e9e par <strong>Fifou<\/strong>. Sur cette pochette intrigante, une dizaine de militaires masqu\u00e9s, dont <strong>Kalash Criminel<\/strong> tenant un enfant dans ses bras, cr\u00e9ent une image saisissante. Pr\u00e8s de deux ans et demi apr\u00e8s &#8220;<em>S\u00e9lection naturelle<\/em>&#8220;, c\u2019est un retour que l\u2019on esp\u00e8re impactant.<\/p>\n\n\n\n<p><\/p>\n\n\n\n<div style=\"height:100px\" aria-hidden=\"true\" class=\"wp-block-spacer\"><\/div>\n\n\n\n<h2><strong>Les rollouts de F\u00e9vrier<\/strong><\/h2>\n\n\n\n<p>Quelques annonces croustillantes de la part de deux gros noms de la sc\u00e8ne am\u00e9ricaine.<\/p>\n\n\n\n<p><\/p>\n\n\n\n<h3><strong>Don Toliver \u2013 Bandit \u2013 1 f\u00e9vrier<\/strong><\/h3>\n\n\n\n<p>Le chanteur originaire de Houston, <strong>Don Toliver<\/strong>, a sorti ce jeudi matin son single &#8220;<em>BANDIT<\/em>&#8220;. Un lancement de promo d\u2019album qui commence 6 mois apr\u00e8s la sortie <em>d\u2019Utopia<\/em>.<\/p>\n\n\n\n<figure class=\"wp-block-embed is-type-video is-provider-youtube wp-block-embed-youtube wp-embed-aspect-4-3 wp-has-aspect-ratio\"><div class=\"wp-block-embed__wrapper\">\n<iframe loading=\"lazy\" title=\"Don Toliver - Bandit [Official Music Video]\" width=\"1200\" height=\"900\" src=\"https:\/\/www.youtube.com\/embed\/FauDn2LkeQ4?feature=oembed\" frameborder=\"0\" allow=\"accelerometer; autoplay; clipboard-write; encrypted-media; gyroscope; picture-in-picture; web-share\" allowfullscreen><\/iframe>\n<\/div><\/figure>\n\n\n\n<h3><strong>Logic \u2013 Ultra 85 \u2013 2 f\u00e9vrier&nbsp;&nbsp;&nbsp;&nbsp;<\/strong><\/h3>\n\n\n\n<p><strong>Logic<\/strong> commence \u00e9galement son rollout pour <em>Ultra 85<\/em>. Avec une annonce faites sur Twitter, il nous offre un aper\u00e7u de la pochette de son prochain album ainsi que la date du premier single. De quoi r\u00e9galer les fans de <strong>Logic<\/strong>.<\/p>\n\n\n\n<figure class=\"wp-block-embed aligncenter is-type-rich is-provider-twitter wp-block-embed-twitter\"><div class=\"wp-block-embed__wrapper\">\n<blockquote class=\"twitter-tweet\" data-width=\"550\" data-dnt=\"true\"><p lang=\"en\" dir=\"ltr\">ULTRA 85 COVER ART UNVEALED<br><br>SINGLE FEBRUARY 2ND <a href=\"https:\/\/t.co\/WoRTjh3t7m\">pic.twitter.com\/WoRTjh3t7m<\/a><\/p>&mdash; Bryce (@FittsBryce) <a href=\"https:\/\/twitter.com\/FittsBryce\/status\/1751815763701473556?ref_src=twsrc%5Etfw\">January 29, 2024<\/a><\/blockquote><script async src=\"https:\/\/platform.twitter.com\/widgets.js\" charset=\"utf-8\"><\/script>\n<\/div><\/figure>\n\n\n\n<div style=\"height:100px\" aria-hidden=\"true\" class=\"wp-block-spacer\"><\/div>\n\n\n\n<h2><strong>La news surprise de Janvier<\/strong><\/h2>\n\n\n\n<p><strong>A$AP Rocky<\/strong> a enchant\u00e9 Paris le 26 janvier en r\u00e9v\u00e9lant un tout nouveau titre, accompagn\u00e9 d&#8217;un orchestre envo\u00fbtant. Lors de sa performance au Gala des Pi\u00e8ces Jaunes, le rappeur a partag\u00e9 un single in\u00e9dit, suppos\u00e9ment baptis\u00e9 &#8220;<em>Whiskey<\/em>&#8220;, agr\u00e9ment\u00e9 d&#8217;une outro sign\u00e9e <strong>Westside Gunn<\/strong>. Un moment musical m\u00e9morable qui a ajout\u00e9 une dimension unique \u00e0 l&#8217;\u00e9v\u00e9nement, laissant les fans impatients de d\u00e9couvrir son nouvel album suppos\u00e9ment cens\u00e9 sortir courant 2024.<\/p>\n\n\n\n<figure class=\"wp-block-embed is-type-rich is-provider-twitter wp-block-embed-twitter\"><div class=\"wp-block-embed__wrapper\">\n<blockquote class=\"twitter-tweet\" data-width=\"550\" data-dnt=\"true\"><p lang=\"en\" dir=\"ltr\">A$AP Rocky premiered a new track titled &quot;Whiskey&quot; at Le Gala des Pi\u00e8ces Jaunes \ud83c\udfbb\ud83d\udd25<br><br>Westside Gunn adlibs at the end \ud83d\udc40 <a href=\"https:\/\/t.co\/rjiwCUwn5v\">pic.twitter.com\/rjiwCUwn5v<\/a><\/p>&mdash; Kurrco (@Kurrco) <a href=\"https:\/\/twitter.com\/Kurrco\/status\/1751385234744959406?ref_src=twsrc%5Etfw\">January 27, 2024<\/a><\/blockquote><script async src=\"https:\/\/platform.twitter.com\/widgets.js\" charset=\"utf-8\"><\/script>\n<\/div><\/figure>\n\n\n\n<div style=\"height:100px\" aria-hidden=\"true\" class=\"wp-block-spacer\"><\/div>\n\n\n\n<h2><strong>Les dates \u00e0 ne pas manquer sur Bordeaux<\/strong><\/h2>\n\n\n\n<ul><li><strong>Rounhaa<\/strong> \u2013 2 F\u00e9vrier &#8211; Rocher de Palmer<\/li><li><strong>Yam\u00ea<\/strong> \u2013 8 F\u00e9vrier &#8211; Krakatoa<\/li><li><strong>Iam<\/strong> \u00ab&nbsp;HH History&nbsp;\u00bb \u2013 9 F\u00e9vrier &#8211; Rocher de Palmer<\/li><li><strong>Jewel Usain<\/strong> \u2013 15 F\u00e9vrier &#8211; Rocher de Palmer<\/li><li><strong>Dinos<\/strong> \u2013 16 F\u00e9vrier &#8211; Rock School Barbey<\/li><li><strong>Guy2bezbar<\/strong> \u2013 16 &#8211; F\u00e9vrier Rocher de Palmer<\/li><li><strong>Roshi<\/strong> \u2013 23 F\u00e9vrier &#8211; Rock School Barbey<\/li><\/ul>\n\n\n\n<div style=\"height:25px\" aria-hidden=\"true\" class=\"wp-block-spacer\"><\/div>\n\n\n\n<p>Enjoy and stay tuned&nbsp;<\/p>\n\n\n\n<p class=\"has-drop-cap\"><em>Quentin Gellato&nbsp;<\/em><\/p>\n\n\n\n<p><\/p>\n\n\n\n<p><\/p>\n\n\n\n<p><\/p>\n\n\n\n<p><\/p>\n\n\n\n<p><\/p>\n\n\n\n<p><\/p>\n\n\n\n<p><\/p>\n\n\n\n<p><\/p>\n\n\n\n<p><\/p>\n\n\n\n<p><\/p>\n","protected":false},"excerpt":{"rendered":"<p>Quoi de mieux pour d\u00e9buter le mois que l\u2019inauguration du nouveau format, &#8220;L&#8217;actu du mois&#8221;. Chaque prochaine sortie est pass\u00e9e au peigne fin pour que vous ne manquiez rien de l&#8217;actu musicale \u00e0 venir. Ce mois de f\u00e9vrier se fait timide, certes, mais il reste int\u00e9ressant pour les fans de rap fran\u00e7ais. Les albums du &#8230; <a title=\"Les actus de F\u00e9vrier\" class=\"read-more\" href=\"http:\/\/startitkbs.org\/index.php\/2024\/02\/01\/les-actus-de-fevrier\/\">Lire la suite <span class=\"screen-reader-text\">Les actus de F\u00e9vrier<\/span><\/a><\/p>\n","protected":false},"author":2,"featured_media":14716,"comment_status":"open","ping_status":"open","sticky":false,"template":"","format":"standard","meta":{"_mi_skip_tracking":false,"cybocfi_hide_featured_image":"yes"},"categories":[829],"tags":[311,650,15,2253,31,32,1227,2132,102,2256,744,2250,2198,1359,66,441,2244,117,121,2252,2251,13,12,41,58,2257,2254,1293,657,2246,178,2248,2249,2258,2255,2247],"yoast_head":"<!-- This site is optimized with the Yoast SEO plugin v18.0 - https:\/\/yoast.com\/wordpress\/plugins\/seo\/ -->\n<title>Les actus de F\u00e9vrier - Start It<\/title>\n<meta name=\"description\" content=\"Quoi de mieux pour d\u00e9buter le mois que l\u2019inauguration du nouveau format, &quot;L&#039;actu du mois&quot;. Retrouvez ici toute l&#039;actu musicale \u00e0 venir.\" \/>\n<meta name=\"robots\" content=\"index, follow, max-snippet:-1, max-image-preview:large, max-video-preview:-1\" \/>\n<link rel=\"canonical\" href=\"https:\/\/startitkbs.org\/index.php\/2024\/02\/01\/les-actus-de-fevrier\/\" \/>\n<meta property=\"og:locale\" content=\"fr_FR\" \/>\n<meta property=\"og:type\" content=\"article\" \/>\n<meta property=\"og:title\" content=\"Les actus de F\u00e9vrier - Start It\" \/>\n<meta property=\"og:description\" content=\"Quoi de mieux pour d\u00e9buter le mois que l\u2019inauguration du nouveau format, &quot;L&#039;actu du mois&quot;. Retrouvez ici toute l&#039;actu musicale \u00e0 venir.\" \/>\n<meta property=\"og:url\" content=\"https:\/\/startitkbs.org\/index.php\/2024\/02\/01\/les-actus-de-fevrier\/\" \/>\n<meta property=\"og:site_name\" content=\"Start It\" \/>\n<meta property=\"article:publisher\" content=\"https:\/\/www.facebook.com\/startitkedgebs\/?ref=br_rs\" \/>\n<meta property=\"article:published_time\" content=\"2024-02-01T17:05:49+00:00\" \/>\n<meta property=\"article:modified_time\" content=\"2024-02-01T17:42:02+00:00\" \/>\n<meta property=\"og:image\" content=\"https:\/\/startitkbs.org\/wp-content\/uploads\/2024\/02\/Sans-titre-Cadre-de-profil-Facebook-e1706807053316-1024x1024.png\" \/>\n\t<meta property=\"og:image:width\" content=\"1024\" \/>\n\t<meta property=\"og:image:height\" content=\"1024\" \/>\n\t<meta property=\"og:image:type\" content=\"image\/png\" \/>\n<meta name=\"twitter:card\" content=\"summary_large_image\" \/>\n<meta name=\"twitter:label1\" content=\"\u00c9crit par\" \/>\n\t<meta name=\"twitter:data1\" content=\"Start It\" \/>\n\t<meta name=\"twitter:label2\" content=\"Dur\u00e9e de lecture estim\u00e9e\" \/>\n\t<meta name=\"twitter:data2\" content=\"8 minutes\" \/>\n<script type=\"application\/ld+json\" class=\"yoast-schema-graph\">{\"@context\":\"https:\/\/schema.org\",\"@graph\":[{\"@type\":\"WebSite\",\"@id\":\"http:\/\/startitkbs.org\/#website\",\"url\":\"http:\/\/startitkbs.org\/\",\"name\":\"Start It\",\"description\":\"Association musicale Bordelaise\",\"potentialAction\":[{\"@type\":\"SearchAction\",\"target\":{\"@type\":\"EntryPoint\",\"urlTemplate\":\"http:\/\/startitkbs.org\/?s={search_term_string}\"},\"query-input\":\"required name=search_term_string\"}],\"inLanguage\":\"fr-FR\"},{\"@type\":\"WebPage\",\"@id\":\"https:\/\/startitkbs.org\/index.php\/2024\/02\/01\/les-actus-de-fevrier\/#webpage\",\"url\":\"https:\/\/startitkbs.org\/index.php\/2024\/02\/01\/les-actus-de-fevrier\/\",\"name\":\"Les actus de F\u00e9vrier - Start It\",\"isPartOf\":{\"@id\":\"http:\/\/startitkbs.org\/#website\"},\"primaryImageOfPage\":{\"@id\":\"https:\/\/startitkbs.org\/index.php\/2024\/02\/01\/les-actus-de-fevrier\/#primaryimage\"},\"datePublished\":\"2024-02-01T17:05:49+00:00\",\"dateModified\":\"2024-02-01T17:42:02+00:00\",\"author\":{\"@id\":\"http:\/\/startitkbs.org\/#\/schema\/person\/e6547bfb2f056b56d41e21a1d4991de7\"},\"description\":\"Quoi de mieux pour d\u00e9buter le mois que l\u2019inauguration du nouveau format, \\\"L'actu du mois\\\". Retrouvez ici toute l'actu musicale \u00e0 venir.\",\"breadcrumb\":{\"@id\":\"https:\/\/startitkbs.org\/index.php\/2024\/02\/01\/les-actus-de-fevrier\/#breadcrumb\"},\"inLanguage\":\"fr-FR\",\"potentialAction\":[{\"@type\":\"ReadAction\",\"target\":[\"https:\/\/startitkbs.org\/index.php\/2024\/02\/01\/les-actus-de-fevrier\/\"]}]},{\"@type\":\"BreadcrumbList\",\"@id\":\"https:\/\/startitkbs.org\/index.php\/2024\/02\/01\/les-actus-de-fevrier\/#breadcrumb\",\"itemListElement\":[{\"@type\":\"ListItem\",\"position\":1,\"name\":\"Home\",\"item\":\"http:\/\/startitkbs.org\/\"},{\"@type\":\"ListItem\",\"position\":2,\"name\":\"Les actus de F\u00e9vrier\"}]},{\"@type\":\"Person\",\"@id\":\"http:\/\/startitkbs.org\/#\/schema\/person\/e6547bfb2f056b56d41e21a1d4991de7\",\"name\":\"Start It\",\"image\":{\"@type\":\"ImageObject\",\"@id\":\"http:\/\/startitkbs.org\/#personlogo\",\"inLanguage\":\"fr-FR\",\"url\":\"http:\/\/1.gravatar.com\/avatar\/11862acbc548da566658503207ce57f4?s=96&d=mm&r=g\",\"contentUrl\":\"http:\/\/1.gravatar.com\/avatar\/11862acbc548da566658503207ce57f4?s=96&d=mm&r=g\",\"caption\":\"Start It\"},\"sameAs\":[\"http:\/\/startitkbs.org\/\",\"https:\/\/www.instagram.com\/startit_asso\/\"],\"url\":\"http:\/\/startitkbs.org\/index.php\/author\/start-it\/\"}]}<\/script>\n<!-- \/ Yoast SEO plugin. -->","yoast_head_json":{"title":"Les actus de F\u00e9vrier - Start It","description":"Quoi de mieux pour d\u00e9buter le mois que l\u2019inauguration du nouveau format, \"L'actu du mois\". Retrouvez ici toute l'actu musicale \u00e0 venir.","robots":{"index":"index","follow":"follow","max-snippet":"max-snippet:-1","max-image-preview":"max-image-preview:large","max-video-preview":"max-video-preview:-1"},"canonical":"https:\/\/startitkbs.org\/index.php\/2024\/02\/01\/les-actus-de-fevrier\/","og_locale":"fr_FR","og_type":"article","og_title":"Les actus de F\u00e9vrier - Start It","og_description":"Quoi de mieux pour d\u00e9buter le mois que l\u2019inauguration du nouveau format, \"L'actu du mois\". Retrouvez ici toute l'actu musicale \u00e0 venir.","og_url":"https:\/\/startitkbs.org\/index.php\/2024\/02\/01\/les-actus-de-fevrier\/","og_site_name":"Start It","article_publisher":"https:\/\/www.facebook.com\/startitkedgebs\/?ref=br_rs","article_published_time":"2024-02-01T17:05:49+00:00","article_modified_time":"2024-02-01T17:42:02+00:00","og_image":[{"width":1024,"height":1024,"url":"https:\/\/startitkbs.org\/wp-content\/uploads\/2024\/02\/Sans-titre-Cadre-de-profil-Facebook-e1706807053316-1024x1024.png","type":"image\/png"}],"twitter_card":"summary_large_image","twitter_misc":{"\u00c9crit par":"Start It","Dur\u00e9e de lecture estim\u00e9e":"8 minutes"},"schema":{"@context":"https:\/\/schema.org","@graph":[{"@type":"WebSite","@id":"http:\/\/startitkbs.org\/#website","url":"http:\/\/startitkbs.org\/","name":"Start It","description":"Association musicale Bordelaise","potentialAction":[{"@type":"SearchAction","target":{"@type":"EntryPoint","urlTemplate":"http:\/\/startitkbs.org\/?s={search_term_string}"},"query-input":"required name=search_term_string"}],"inLanguage":"fr-FR"},{"@type":"WebPage","@id":"https:\/\/startitkbs.org\/index.php\/2024\/02\/01\/les-actus-de-fevrier\/#webpage","url":"https:\/\/startitkbs.org\/index.php\/2024\/02\/01\/les-actus-de-fevrier\/","name":"Les actus de F\u00e9vrier - Start It","isPartOf":{"@id":"http:\/\/startitkbs.org\/#website"},"primaryImageOfPage":{"@id":"https:\/\/startitkbs.org\/index.php\/2024\/02\/01\/les-actus-de-fevrier\/#primaryimage"},"datePublished":"2024-02-01T17:05:49+00:00","dateModified":"2024-02-01T17:42:02+00:00","author":{"@id":"http:\/\/startitkbs.org\/#\/schema\/person\/e6547bfb2f056b56d41e21a1d4991de7"},"description":"Quoi de mieux pour d\u00e9buter le mois que l\u2019inauguration du nouveau format, \"L'actu du mois\". Retrouvez ici toute l'actu musicale \u00e0 venir.","breadcrumb":{"@id":"https:\/\/startitkbs.org\/index.php\/2024\/02\/01\/les-actus-de-fevrier\/#breadcrumb"},"inLanguage":"fr-FR","potentialAction":[{"@type":"ReadAction","target":["https:\/\/startitkbs.org\/index.php\/2024\/02\/01\/les-actus-de-fevrier\/"]}]},{"@type":"BreadcrumbList","@id":"https:\/\/startitkbs.org\/index.php\/2024\/02\/01\/les-actus-de-fevrier\/#breadcrumb","itemListElement":[{"@type":"ListItem","position":1,"name":"Home","item":"http:\/\/startitkbs.org\/"},{"@type":"ListItem","position":2,"name":"Les actus de F\u00e9vrier"}]},{"@type":"Person","@id":"http:\/\/startitkbs.org\/#\/schema\/person\/e6547bfb2f056b56d41e21a1d4991de7","name":"Start It","image":{"@type":"ImageObject","@id":"http:\/\/startitkbs.org\/#personlogo","inLanguage":"fr-FR","url":"http:\/\/1.gravatar.com\/avatar\/11862acbc548da566658503207ce57f4?s=96&d=mm&r=g","contentUrl":"http:\/\/1.gravatar.com\/avatar\/11862acbc548da566658503207ce57f4?s=96&d=mm&r=g","caption":"Start It"},"sameAs":["http:\/\/startitkbs.org\/","https:\/\/www.instagram.com\/startit_asso\/"],"url":"http:\/\/startitkbs.org\/index.php\/author\/start-it\/"}]}},"_links":{"self":[{"href":"http:\/\/startitkbs.org\/index.php\/wp-json\/wp\/v2\/posts\/14681"}],"collection":[{"href":"http:\/\/startitkbs.org\/index.php\/wp-json\/wp\/v2\/posts"}],"about":[{"href":"http:\/\/startitkbs.org\/index.php\/wp-json\/wp\/v2\/types\/post"}],"author":[{"embeddable":true,"href":"http:\/\/startitkbs.org\/index.php\/wp-json\/wp\/v2\/users\/2"}],"replies":[{"embeddable":true,"href":"http:\/\/startitkbs.org\/index.php\/wp-json\/wp\/v2\/comments?post=14681"}],"version-history":[{"count":16,"href":"http:\/\/startitkbs.org\/index.php\/wp-json\/wp\/v2\/posts\/14681\/revisions"}],"predecessor-version":[{"id":14722,"href":"http:\/\/startitkbs.org\/index.php\/wp-json\/wp\/v2\/posts\/14681\/revisions\/14722"}],"wp:featuredmedia":[{"embeddable":true,"href":"http:\/\/startitkbs.org\/index.php\/wp-json\/wp\/v2\/media\/14716"}],"wp:attachment":[{"href":"http:\/\/startitkbs.org\/index.php\/wp-json\/wp\/v2\/media?parent=14681"}],"wp:term":[{"taxonomy":"category","embeddable":true,"href":"http:\/\/startitkbs.org\/index.php\/wp-json\/wp\/v2\/categories?post=14681"},{"taxonomy":"post_tag","embeddable":true,"href":"http:\/\/startitkbs.org\/index.php\/wp-json\/wp\/v2\/tags?post=14681"}],"curies":[{"name":"wp","href":"https:\/\/api.w.org\/{rel}","templated":true}]}}