{"id":14760,"date":"2024-02-08T11:19:16","date_gmt":"2024-02-08T10:19:16","guid":{"rendered":"http:\/\/startitkbs.org\/?p=14760"},"modified":"2024-02-08T19:05:33","modified_gmt":"2024-02-08T18:05:33","slug":"lafro-ou-les-tresses-a-la-cigale","status":"publish","type":"post","link":"http:\/\/startitkbs.org\/index.php\/2024\/02\/08\/lafro-ou-les-tresses-a-la-cigale\/","title":{"rendered":"L&#8217;AFRO OU LES TRESSES \u00c0 LA CIGALE, LE CONCERT DE LA CONS\u00c9CRATION"},"content":{"rendered":"\n<p>Ce 3 f\u00e9vrier 2024, la mythique salle de&nbsp;<strong>La Cigale<\/strong>&nbsp;a vibr\u00e9 au rythme \u00e9nergique et inarr\u00eatable du talent prometteur&nbsp;<strong>Yvnnis<\/strong> en communion avec son public enrag\u00e9. Annonc\u00e9 le 9 novembre 2023, un mois avant le reste des dates de sa tourn\u00e9e, le concert \u00e0&nbsp;<strong>La Cigale<\/strong>&nbsp;marque un tournant et une cons\u00e9cration dans la carri\u00e8re du rappeur du 94, un an apr\u00e8s son concert dans la petite salle de la&nbsp;<strong>Boule Noire<\/strong>, annexe de la Cigale qui l\u2019a vue faire ses premiers pas. Cette tourn\u00e9e est consacr\u00e9e \u00e0 son 2<sup>e<\/sup>&nbsp;album studio \u00ab&nbsp;<em>L\u2019AFRO OU LES<\/em><strong><em> <\/em><\/strong><em>TRESSES<\/em>&nbsp;\u00bb sort peu de temps apr\u00e8s toujours accompagn\u00e9 de son fid\u00e8le producteur&nbsp;<strong>LIL<\/strong>&nbsp;<strong>CHICK<\/strong>. Revenons ensemble sur l\u2019un des derniers \u00e9v\u00e8nements marquants de la sc\u00e8ne musicale parisienne.<\/p>\n\n\n\n<p>Le succ\u00e8s de cette repr\u00e9sentation a \u00e9t\u00e9 tel que, m\u00eame en arrivant \u00e0 19h30 pour un d\u00e9but de concert pr\u00e9vue \u00e0 20h, la premi\u00e8re partie a \u00e9t\u00e9 pass\u00e9e \u2026 dans la queue&nbsp;! Apr\u00e8s 50 minutes de queue nous avons enfin pu rentrer dans La Cigale, l\u2019attente fait d\u00e9j\u00e0 monter la pression aupr\u00e8s du public alors pr\u00e9sent dans la salle, chantant et dansant sur la musique de fond, dans l\u2019attente du show. Avant m\u00eame le d\u00e9but du concert l\u2019ambiance \u00e9tait d\u00e9j\u00e0 folle, en t\u00e9moigne un cercle au milieu duquel s\u2019est retrouv\u00e9 \u2026 une mamie (croyez-le)&nbsp;!<\/p>\n\n\n\n<p>Apr\u00e8s encore une quinzaine de minutes d\u2019attente, les lumi\u00e8res s\u2019\u00e9teignent, un silence s\u2019installe puis les rideaux s\u2019ouvrent et r\u00e9v\u00e8lent&nbsp;<strong>LIL CHICK<\/strong>&nbsp;sur sc\u00e8ne, le fid\u00e8le beatmaker et acolyte de&nbsp;<strong>Yvnnis<\/strong>. La musique se lance et \u00ab&nbsp;<em>GRAND PONT<\/em>&nbsp;\u00bb, le premier titre de son dernier album, r\u00e9sonne dans la salle pour lancer le spectacle. C\u2019est alors que&nbsp;<strong>Yvnnis<\/strong>&nbsp;fait son entr\u00e9e en sc\u00e8ne, acclam\u00e9 par le public d\u00e9j\u00e0 en folie. Le rappeur commence par quatre morceaux de son dernier album, m\u00e9lang\u00e9 \u00e0 \u00ab&nbsp;<em>WASHINGTON<\/em>&nbsp;\u00bb et \u00ab&nbsp;<em>FAKE<\/em>&nbsp;\u00bb, morceaux phares de ses projets pr\u00e9c\u00e9dents,&nbsp;<em>NOVAE<\/em><strong>&nbsp;<\/strong>et<strong>&nbsp;<\/strong><em>ETERNAL<\/em><strong> <\/strong><em>YOUTH<\/em><strong>.&nbsp;<\/strong>L\u2019ambiance d\u00e9j\u00e0 ph\u00e9nom\u00e9nale dans la fosse de <strong>La Cigale<\/strong> s\u2019emporte alors de plus belle lorsque ce dernier fait la surprise d\u2019un accompagnement de trois chanteurs de&nbsp;gospel&nbsp;sur certains de ces morceaux, ajoutant une touche de magie musicale, donnant de la profondeur \u00e0 sa performance.<\/p>\n\n\n\n<p>C\u2019est \u00e0 la fin du morceau \u00ab&nbsp;<strong>Kali Uchis<\/strong>&nbsp;\u00bb que le concert prend r\u00e9ellement un tournant, lorsque les immanquables notes du d\u00e9j\u00e0 classique \u00ab&nbsp;<em>VIN ITALIEN<\/em>&nbsp;\u00bb d\u00e9tonnent. Le public s\u2019unit pour chanter avant d\u2019exploser au drop du refrain.&nbsp;<strong>Yvvnis<\/strong> et le reste de la salle sont en apoth\u00e9ose&nbsp;! Et cette ambiance ne s\u2019arr\u00eate pas, au contraire, avec l\u2019enchainement de \u00ab&nbsp;<strong>94Connexion<\/strong>&nbsp;\u00bb. La pr\u00e9sence du morceau en featuring avec&nbsp;<strong>NeS<\/strong> laissait pr\u00e9sager son arriv\u00e9e, pourtant la surprise reste totale lorsque&nbsp;<strong>NeS<\/strong>&nbsp;fait son apparition au fond de la salle pour rapper son complet et le refrain du morceau. La salle met du temps avant de r\u00e9aliser sa pr\u00e9sence et de se retourner, dos \u00e0 la sc\u00e8ne, pour lui faire face, mais cela ne stoppe pas sa ferveur, ni les pogos. Ce dernier rejoint ensuite&nbsp;<strong>Yvnnis<\/strong>&nbsp;sur la sc\u00e8ne pour performer leur morceau \u00ab&nbsp;<strong>CQSS<\/strong>&nbsp;\u00bb. En studio ou sur sc\u00e8ne<em>, YV NeS, c\u2019est trois feats trois classiques&nbsp;!<\/em>&nbsp;ET SURPRISE, <strong>NeS<\/strong> sort un \u00e9norme freestyle sur le morceau \u00ab&nbsp;<strong>SEEDORF<\/strong>&nbsp;\u00bb&nbsp;pour choquer la foule&nbsp;! Le concert continue,&nbsp;<strong>Yvvnis<\/strong>&nbsp;invite&nbsp;<strong>AAMO<\/strong>&nbsp;sur sc\u00e8ne, la foule jubile sur \u00ab&nbsp;<strong>GARE DU NORD<\/strong>&nbsp;\u00bb et \u00ab&nbsp;<strong>SATIVA<\/strong>&nbsp;\u00bb, la salle est en feu&nbsp;! YV profite m\u00eame du morceau \u00ab&nbsp;<strong>ENCORE<\/strong>&nbsp;\u00bb pour descendre au milieu de la foule et performer avec \u00e9norm\u00e9ment d\u2019\u00e9motion, sous les yeux de ses parents pr\u00e9sents dans la salle.<\/p>\n\n\n\n<p>En tant que fan de&nbsp;<strong>Yvnnis<\/strong>&nbsp;depuis plus d\u2019un an et demi maintenant, et apr\u00e8s avoir assist\u00e9 \u00e0 son concert \u00e0 la Boule Noire un an auparavant, j\u2019attendais ce concert avait \u00e9norm\u00e9ment d\u2019impatience, et j\u2019ai compl\u00e8tement ressenti la fiert\u00e9, la joie et le sentiment d\u2019accomplissement du rappeur pendant toute sa performance. Sa pr\u00e9sence en plein milieu de la foule pendant le concert \u00e0 donn\u00e9 lieu \u00e0 une proximit\u00e9 entre l\u2019artiste et son public inimaginable, cr\u00e9ant une v\u00e9ritable communion. Ce premier concert laisse pr\u00e9sager une belle ambiance pour le reste de la tourn\u00e9e, de passage \u00e0 Marseille, Lyon et notamment Bordeaux le 7 mars prochain.<strong>YV<\/strong>&nbsp;a m\u00eame sous-entendu l\u2019arriv\u00e9e d\u2019un autre concert \u00e0 Paris prochainement alors \u2026&nbsp;<\/p>\n\n\n\n<p>Enjoy and Stay Tuned&nbsp;!<\/p>\n\n\n\n<p>Baptiste CATTEAU<\/p>\n","protected":false},"excerpt":{"rendered":"<p>Ce 3 f\u00e9vrier 2024, la mythique salle de&nbsp;La Cigale&nbsp;a vibr\u00e9 au rythme \u00e9nergique et inarr\u00eatable du talent prometteur&nbsp;Yvnnis en communion avec son public enrag\u00e9. Annonc\u00e9 le 9 novembre 2023, un mois avant le reste des dates de sa tourn\u00e9e, le concert \u00e0&nbsp;La Cigale&nbsp;marque un tournant et une cons\u00e9cration dans la carri\u00e8re du rappeur du 94, &#8230; <a title=\"L&#8217;AFRO OU LES TRESSES \u00c0 LA CIGALE, LE CONCERT DE LA CONS\u00c9CRATION\" class=\"read-more\" href=\"http:\/\/startitkbs.org\/index.php\/2024\/02\/08\/lafro-ou-les-tresses-a-la-cigale\/\">Lire la suite <span class=\"screen-reader-text\">L&#8217;AFRO OU LES TRESSES \u00c0 LA CIGALE, LE CONCERT DE LA CONS\u00c9CRATION<\/span><\/a><\/p>\n","protected":false},"author":2,"featured_media":14768,"comment_status":"open","ping_status":"open","sticky":false,"template":"","format":"standard","meta":{"_mi_skip_tracking":false,"cybocfi_hide_featured_image":""},"categories":[836],"tags":[15,31,2269,2268,32,441,2270,117,121,13,12,2272,100,41,58,178,2271,2196],"yoast_head":"<!-- This site is optimized with the Yoast SEO plugin v18.0 - https:\/\/yoast.com\/wordpress\/plugins\/seo\/ -->\n<title>L&#039;AFRO OU LES TRESSES \u00c0 LA CIGALE, LE CONCERT DE LA CONS\u00c9CRATION - Start It<\/title>\n<meta name=\"description\" content=\"Ce 3 f\u00e9vrier 2024, la mythique salle de\u00a0La Cigale\u00a0a vibr\u00e9 au rythme du talent prometteur\u00a0Yvnnis. Retour sur ce concert unique.\" \/>\n<meta name=\"robots\" content=\"index, follow, max-snippet:-1, max-image-preview:large, max-video-preview:-1\" \/>\n<link rel=\"canonical\" href=\"http:\/\/startitkbs.org\/index.php\/2024\/02\/08\/lafro-ou-les-tresses-a-la-cigale\/\" \/>\n<meta property=\"og:locale\" content=\"fr_FR\" \/>\n<meta property=\"og:type\" content=\"article\" \/>\n<meta property=\"og:title\" content=\"L&#039;AFRO OU LES TRESSES \u00c0 LA CIGALE, LE CONCERT DE LA CONS\u00c9CRATION - Start It\" \/>\n<meta property=\"og:description\" content=\"Ce 3 f\u00e9vrier 2024, la mythique salle de\u00a0La Cigale\u00a0a vibr\u00e9 au rythme du talent prometteur\u00a0Yvnnis. Retour sur ce concert unique.\" \/>\n<meta property=\"og:url\" content=\"http:\/\/startitkbs.org\/index.php\/2024\/02\/08\/lafro-ou-les-tresses-a-la-cigale\/\" \/>\n<meta property=\"og:site_name\" content=\"Start It\" \/>\n<meta property=\"article:publisher\" content=\"https:\/\/www.facebook.com\/startitkedgebs\/?ref=br_rs\" \/>\n<meta property=\"article:published_time\" content=\"2024-02-08T10:19:16+00:00\" \/>\n<meta property=\"article:modified_time\" content=\"2024-02-08T18:05:33+00:00\" \/>\n<meta property=\"og:image\" content=\"http:\/\/startitkbs.org\/wp-content\/uploads\/2024\/02\/423062629_1002733711299984_1681634677180267391_n.jpg\" \/>\n\t<meta property=\"og:image:width\" content=\"320\" \/>\n\t<meta property=\"og:image:height\" content=\"400\" \/>\n\t<meta property=\"og:image:type\" content=\"image\/jpeg\" \/>\n<meta name=\"twitter:card\" content=\"summary_large_image\" \/>\n<meta name=\"twitter:label1\" content=\"\u00c9crit par\" \/>\n\t<meta name=\"twitter:data1\" content=\"Start It\" \/>\n\t<meta name=\"twitter:label2\" content=\"Dur\u00e9e de lecture estim\u00e9e\" \/>\n\t<meta name=\"twitter:data2\" content=\"4 minutes\" \/>\n<script type=\"application\/ld+json\" class=\"yoast-schema-graph\">{\"@context\":\"https:\/\/schema.org\",\"@graph\":[{\"@type\":\"WebSite\",\"@id\":\"http:\/\/startitkbs.org\/#website\",\"url\":\"http:\/\/startitkbs.org\/\",\"name\":\"Start It\",\"description\":\"Association musicale Bordelaise\",\"potentialAction\":[{\"@type\":\"SearchAction\",\"target\":{\"@type\":\"EntryPoint\",\"urlTemplate\":\"http:\/\/startitkbs.org\/?s={search_term_string}\"},\"query-input\":\"required name=search_term_string\"}],\"inLanguage\":\"fr-FR\"},{\"@type\":\"ImageObject\",\"@id\":\"http:\/\/startitkbs.org\/index.php\/2024\/02\/08\/lafro-ou-les-tresses-a-la-cigale\/#primaryimage\",\"inLanguage\":\"fr-FR\",\"url\":\"http:\/\/startitkbs.org\/wp-content\/uploads\/2024\/02\/423062629_1002733711299984_1681634677180267391_n.jpg\",\"contentUrl\":\"http:\/\/startitkbs.org\/wp-content\/uploads\/2024\/02\/423062629_1002733711299984_1681634677180267391_n.jpg\",\"width\":320,\"height\":400,\"caption\":\"yvnnis la cigale\"},{\"@type\":\"WebPage\",\"@id\":\"http:\/\/startitkbs.org\/index.php\/2024\/02\/08\/lafro-ou-les-tresses-a-la-cigale\/#webpage\",\"url\":\"http:\/\/startitkbs.org\/index.php\/2024\/02\/08\/lafro-ou-les-tresses-a-la-cigale\/\",\"name\":\"L'AFRO OU LES TRESSES \u00c0 LA CIGALE, LE CONCERT DE LA CONS\u00c9CRATION - Start It\",\"isPartOf\":{\"@id\":\"http:\/\/startitkbs.org\/#website\"},\"primaryImageOfPage\":{\"@id\":\"http:\/\/startitkbs.org\/index.php\/2024\/02\/08\/lafro-ou-les-tresses-a-la-cigale\/#primaryimage\"},\"datePublished\":\"2024-02-08T10:19:16+00:00\",\"dateModified\":\"2024-02-08T18:05:33+00:00\",\"author\":{\"@id\":\"http:\/\/startitkbs.org\/#\/schema\/person\/e6547bfb2f056b56d41e21a1d4991de7\"},\"description\":\"Ce 3 f\u00e9vrier 2024, la mythique salle de\u00a0La Cigale\u00a0a vibr\u00e9 au rythme du talent prometteur\u00a0Yvnnis. Retour sur ce concert unique.\",\"breadcrumb\":{\"@id\":\"http:\/\/startitkbs.org\/index.php\/2024\/02\/08\/lafro-ou-les-tresses-a-la-cigale\/#breadcrumb\"},\"inLanguage\":\"fr-FR\",\"potentialAction\":[{\"@type\":\"ReadAction\",\"target\":[\"http:\/\/startitkbs.org\/index.php\/2024\/02\/08\/lafro-ou-les-tresses-a-la-cigale\/\"]}]},{\"@type\":\"BreadcrumbList\",\"@id\":\"http:\/\/startitkbs.org\/index.php\/2024\/02\/08\/lafro-ou-les-tresses-a-la-cigale\/#breadcrumb\",\"itemListElement\":[{\"@type\":\"ListItem\",\"position\":1,\"name\":\"Home\",\"item\":\"http:\/\/startitkbs.org\/\"},{\"@type\":\"ListItem\",\"position\":2,\"name\":\"L&#8217;AFRO OU LES TRESSES \u00c0 LA CIGALE, LE CONCERT DE LA CONS\u00c9CRATION\"}]},{\"@type\":\"Person\",\"@id\":\"http:\/\/startitkbs.org\/#\/schema\/person\/e6547bfb2f056b56d41e21a1d4991de7\",\"name\":\"Start It\",\"image\":{\"@type\":\"ImageObject\",\"@id\":\"http:\/\/startitkbs.org\/#personlogo\",\"inLanguage\":\"fr-FR\",\"url\":\"http:\/\/1.gravatar.com\/avatar\/11862acbc548da566658503207ce57f4?s=96&d=mm&r=g\",\"contentUrl\":\"http:\/\/1.gravatar.com\/avatar\/11862acbc548da566658503207ce57f4?s=96&d=mm&r=g\",\"caption\":\"Start It\"},\"sameAs\":[\"http:\/\/startitkbs.org\/\",\"https:\/\/www.instagram.com\/startit_asso\/\"],\"url\":\"http:\/\/startitkbs.org\/index.php\/author\/start-it\/\"}]}<\/script>\n<!-- \/ Yoast SEO plugin. -->","yoast_head_json":{"title":"L'AFRO OU LES TRESSES \u00c0 LA CIGALE, LE CONCERT DE LA CONS\u00c9CRATION - Start It","description":"Ce 3 f\u00e9vrier 2024, la mythique salle de\u00a0La Cigale\u00a0a vibr\u00e9 au rythme du talent prometteur\u00a0Yvnnis. Retour sur ce concert unique.","robots":{"index":"index","follow":"follow","max-snippet":"max-snippet:-1","max-image-preview":"max-image-preview:large","max-video-preview":"max-video-preview:-1"},"canonical":"http:\/\/startitkbs.org\/index.php\/2024\/02\/08\/lafro-ou-les-tresses-a-la-cigale\/","og_locale":"fr_FR","og_type":"article","og_title":"L'AFRO OU LES TRESSES \u00c0 LA CIGALE, LE CONCERT DE LA CONS\u00c9CRATION - Start It","og_description":"Ce 3 f\u00e9vrier 2024, la mythique salle de\u00a0La Cigale\u00a0a vibr\u00e9 au rythme du talent prometteur\u00a0Yvnnis. Retour sur ce concert unique.","og_url":"http:\/\/startitkbs.org\/index.php\/2024\/02\/08\/lafro-ou-les-tresses-a-la-cigale\/","og_site_name":"Start It","article_publisher":"https:\/\/www.facebook.com\/startitkedgebs\/?ref=br_rs","article_published_time":"2024-02-08T10:19:16+00:00","article_modified_time":"2024-02-08T18:05:33+00:00","og_image":[{"width":320,"height":400,"url":"http:\/\/startitkbs.org\/wp-content\/uploads\/2024\/02\/423062629_1002733711299984_1681634677180267391_n.jpg","type":"image\/jpeg"}],"twitter_card":"summary_large_image","twitter_misc":{"\u00c9crit par":"Start It","Dur\u00e9e de lecture estim\u00e9e":"4 minutes"},"schema":{"@context":"https:\/\/schema.org","@graph":[{"@type":"WebSite","@id":"http:\/\/startitkbs.org\/#website","url":"http:\/\/startitkbs.org\/","name":"Start It","description":"Association musicale Bordelaise","potentialAction":[{"@type":"SearchAction","target":{"@type":"EntryPoint","urlTemplate":"http:\/\/startitkbs.org\/?s={search_term_string}"},"query-input":"required name=search_term_string"}],"inLanguage":"fr-FR"},{"@type":"ImageObject","@id":"http:\/\/startitkbs.org\/index.php\/2024\/02\/08\/lafro-ou-les-tresses-a-la-cigale\/#primaryimage","inLanguage":"fr-FR","url":"http:\/\/startitkbs.org\/wp-content\/uploads\/2024\/02\/423062629_1002733711299984_1681634677180267391_n.jpg","contentUrl":"http:\/\/startitkbs.org\/wp-content\/uploads\/2024\/02\/423062629_1002733711299984_1681634677180267391_n.jpg","width":320,"height":400,"caption":"yvnnis la cigale"},{"@type":"WebPage","@id":"http:\/\/startitkbs.org\/index.php\/2024\/02\/08\/lafro-ou-les-tresses-a-la-cigale\/#webpage","url":"http:\/\/startitkbs.org\/index.php\/2024\/02\/08\/lafro-ou-les-tresses-a-la-cigale\/","name":"L'AFRO OU LES TRESSES \u00c0 LA CIGALE, LE CONCERT DE LA CONS\u00c9CRATION - Start It","isPartOf":{"@id":"http:\/\/startitkbs.org\/#website"},"primaryImageOfPage":{"@id":"http:\/\/startitkbs.org\/index.php\/2024\/02\/08\/lafro-ou-les-tresses-a-la-cigale\/#primaryimage"},"datePublished":"2024-02-08T10:19:16+00:00","dateModified":"2024-02-08T18:05:33+00:00","author":{"@id":"http:\/\/startitkbs.org\/#\/schema\/person\/e6547bfb2f056b56d41e21a1d4991de7"},"description":"Ce 3 f\u00e9vrier 2024, la mythique salle de\u00a0La Cigale\u00a0a vibr\u00e9 au rythme du talent prometteur\u00a0Yvnnis. Retour sur ce concert unique.","breadcrumb":{"@id":"http:\/\/startitkbs.org\/index.php\/2024\/02\/08\/lafro-ou-les-tresses-a-la-cigale\/#breadcrumb"},"inLanguage":"fr-FR","potentialAction":[{"@type":"ReadAction","target":["http:\/\/startitkbs.org\/index.php\/2024\/02\/08\/lafro-ou-les-tresses-a-la-cigale\/"]}]},{"@type":"BreadcrumbList","@id":"http:\/\/startitkbs.org\/index.php\/2024\/02\/08\/lafro-ou-les-tresses-a-la-cigale\/#breadcrumb","itemListElement":[{"@type":"ListItem","position":1,"name":"Home","item":"http:\/\/startitkbs.org\/"},{"@type":"ListItem","position":2,"name":"L&#8217;AFRO OU LES TRESSES \u00c0 LA CIGALE, LE CONCERT DE LA CONS\u00c9CRATION"}]},{"@type":"Person","@id":"http:\/\/startitkbs.org\/#\/schema\/person\/e6547bfb2f056b56d41e21a1d4991de7","name":"Start It","image":{"@type":"ImageObject","@id":"http:\/\/startitkbs.org\/#personlogo","inLanguage":"fr-FR","url":"http:\/\/1.gravatar.com\/avatar\/11862acbc548da566658503207ce57f4?s=96&d=mm&r=g","contentUrl":"http:\/\/1.gravatar.com\/avatar\/11862acbc548da566658503207ce57f4?s=96&d=mm&r=g","caption":"Start It"},"sameAs":["http:\/\/startitkbs.org\/","https:\/\/www.instagram.com\/startit_asso\/"],"url":"http:\/\/startitkbs.org\/index.php\/author\/start-it\/"}]}},"_links":{"self":[{"href":"http:\/\/startitkbs.org\/index.php\/wp-json\/wp\/v2\/posts\/14760"}],"collection":[{"href":"http:\/\/startitkbs.org\/index.php\/wp-json\/wp\/v2\/posts"}],"about":[{"href":"http:\/\/startitkbs.org\/index.php\/wp-json\/wp\/v2\/types\/post"}],"author":[{"embeddable":true,"href":"http:\/\/startitkbs.org\/index.php\/wp-json\/wp\/v2\/users\/2"}],"replies":[{"embeddable":true,"href":"http:\/\/startitkbs.org\/index.php\/wp-json\/wp\/v2\/comments?post=14760"}],"version-history":[{"count":3,"href":"http:\/\/startitkbs.org\/index.php\/wp-json\/wp\/v2\/posts\/14760\/revisions"}],"predecessor-version":[{"id":14769,"href":"http:\/\/startitkbs.org\/index.php\/wp-json\/wp\/v2\/posts\/14760\/revisions\/14769"}],"wp:featuredmedia":[{"embeddable":true,"href":"http:\/\/startitkbs.org\/index.php\/wp-json\/wp\/v2\/media\/14768"}],"wp:attachment":[{"href":"http:\/\/startitkbs.org\/index.php\/wp-json\/wp\/v2\/media?parent=14760"}],"wp:term":[{"taxonomy":"category","embeddable":true,"href":"http:\/\/startitkbs.org\/index.php\/wp-json\/wp\/v2\/categories?post=14760"},{"taxonomy":"post_tag","embeddable":true,"href":"http:\/\/startitkbs.org\/index.php\/wp-json\/wp\/v2\/tags?post=14760"}],"curies":[{"name":"wp","href":"https:\/\/api.w.org\/{rel}","templated":true}]}}