{"id":627,"date":"2016-09-18T19:00:00","date_gmt":"2016-09-18T17:00:00","guid":{"rendered":"http:\/\/startitkbs.org\/?p=627"},"modified":"2017-03-02T19:04:43","modified_gmt":"2017-03-02T18:04:43","slug":"the-divine-feminine-marque-le-retour-de-mac-miller","status":"publish","type":"post","link":"http:\/\/startitkbs.org\/index.php\/2016\/09\/18\/the-divine-feminine-marque-le-retour-de-mac-miller\/","title":{"rendered":"&#8216;The Divine Feminine&#8217; marque le retour de Mac Miller"},"content":{"rendered":"<p><em>Un an apr\u00e8s la sortie de son dernier album venez d\u00e9couvrir avec Start IT le nouvel opus de Mac Miller. <\/em><!--more--><\/p>\n<p><strong>Mac Miller<\/strong> est de retour avec the<strong> \u2018Divine Feminine\u2019<\/strong> presqu\u2019un an apr\u00e8s son dernier album <strong>\u2018GO:OD AM\u2019<\/strong>. Les deux premiers titres de son nouvel album \u00e9taient d\u2019ailleurs disponibles cet \u00e9t\u00e9 sur YouTube et on y retrouvait le talentueux <strong>Anderson .Paak<\/strong> et sa voix envo\u00fbtante avec <strong>\u2018Dang!\u2019<\/strong> dans un clip dynamique et color\u00e9 \u00e0 \u00e9couter sans fin (on vous met \u00e7a juste en dessous)\u00a0ainsi que le titre \u2018We\u2019 o\u00f9 l\u2019artiste de 24 ans est accompagn\u00e9 de <strong>CeeLo Green.<\/strong><\/p>\n<p><iframe loading=\"lazy\" src=\"http:\/\/www.youtube.com\/embed\/LR3GQfryp9M\" width=\"425\" height=\"350\" frameborder=\"0\" data-mce-fragment=\"1\"><\/iframe><\/p>\n<p>Vendredi 16 septembre c\u2019est donc 8 titres suppl\u00e9mentaires que le rappeur de Pittsburgh a d\u00e9voil\u00e9. Et le moins que l\u2019on puisse dire c\u2019est qu\u2019il sait bien s\u2019entourer, puisqu\u2019on y retrouve un titre avec <strong>Kendrick Lamar \u2018God is Fair, Sexy Nasty\u2019<\/strong> pr\u00e8s de 4 ans apr\u00e8s leur premier duo <strong>\u2018Fight the Feeling\u2019<\/strong>, mais aussi des titres avec<strong> Njomza, Ty Dolla $ign, Bilal<\/strong> et avec sa nouvelle girlfriend<strong> Ariana Grande.<\/strong> Le tout donne un album rempli de featuring (7 titres sur 10), avec une mention sp\u00e9ciale selon nous pour ceux avec <strong>Anderson .Paak <\/strong>et<strong> Kendrick Lamar.<\/strong> L\u2019album a \u00e9galement le m\u00e9rite de nous mettre dans notre bulle, et la pr\u00e9sence de nombreux instruments comme le piano, le saxo ou encore la trompette change clairement la donne pour un album hip-hop.<\/p>\n<p>Au fil des titres le th\u00e8me de l\u2019album devient clair : l\u2019amour.<strong> Mac Miller<\/strong> le dit lui-m\u00eame, il a voulu quelque chose de \u00ab relaxant, calme et a\u00e9rien \u00bb. Et le pari est r\u00e9ussi puisqu\u2019\u00e0 l\u2019\u00e9coute des diff\u00e9rentes chansons on tombe presque amoureux avec des chansons comme <strong>\u2018Congratulations\u2019<\/strong> et sa ballade au piano ou encore <strong>\u2018My Favorite Part\u2019<\/strong> o\u00f9<strong> Mac Miller<\/strong> et <strong>Ariana Grande<\/strong> se d\u00e9clarent leur flamme.<\/p>\n<p>Le rappeur met \u00e9galement \u00e0 notre disposition des titres plus sensuels comme <strong>\u2018Skin\u2019<\/strong> ou <strong>\u2018Stay\u2019<\/strong> qui utilisent respectivement le saxo et la trompette afin de cr\u00e9er la parfaite chanson d\u2019amour \u0336(\u0336o\u0336u\u0336 \u0336p\u0336o\u0336u\u0336r\u0336 \u0336f\u0336a\u0336i\u0336r\u0336e\u0336 \u0336l\u0336&#8217;\u0336a\u0336m\u0336o\u0336u\u0336r\u0336)\u0336. Mais pas d\u2019inqui\u00e9tudes !<strong> Mac Miller<\/strong> reste le rappeur que vous connaissez et ses chansons conservent son style hip-hop bien \u00e0 lui tout en s\u2019adressant aussi bien \u00e0 la gente masculine que f\u00e9minine, alors on n\u2019h\u00e9site pas et on l\u2019\u00e9coute imm\u00e9diatement !<\/p>\n<p><em><strong>Ecrit par Marion Barbini.<\/strong><\/em><\/p>\n","protected":false},"excerpt":{"rendered":"<p>Un an apr\u00e8s la sortie de son dernier album venez d\u00e9couvrir avec Start IT le nouvel opus de Mac Miller.<\/p>\n","protected":false},"author":2,"featured_media":628,"comment_status":"open","ping_status":"open","sticky":false,"template":"","format":"standard","meta":{"_mi_skip_tracking":false,"cybocfi_hide_featured_image":""},"categories":[1],"tags":[293,294,292,157,291,284],"yoast_head":"<!-- This site is optimized with the Yoast SEO plugin v18.0 - https:\/\/yoast.com\/wordpress\/plugins\/seo\/ -->\n<title>&#039;The Divine Feminine&#039; marque le retour de Mac Miller - Start It<\/title>\n<meta name=\"robots\" content=\"index, follow, max-snippet:-1, max-image-preview:large, max-video-preview:-1\" \/>\n<link rel=\"canonical\" href=\"http:\/\/startitkbs.org\/index.php\/2016\/09\/18\/the-divine-feminine-marque-le-retour-de-mac-miller\/\" \/>\n<meta property=\"og:locale\" content=\"fr_FR\" \/>\n<meta property=\"og:type\" content=\"article\" \/>\n<meta property=\"og:title\" content=\"&#039;The Divine Feminine&#039; marque le retour de Mac Miller - Start It\" \/>\n<meta property=\"og:description\" content=\"Un an apr\u00e8s la sortie de son dernier album venez d\u00e9couvrir avec Start IT le nouvel opus de Mac Miller.\" \/>\n<meta property=\"og:url\" content=\"http:\/\/startitkbs.org\/index.php\/2016\/09\/18\/the-divine-feminine-marque-le-retour-de-mac-miller\/\" \/>\n<meta property=\"og:site_name\" content=\"Start It\" \/>\n<meta property=\"article:publisher\" content=\"https:\/\/www.facebook.com\/startitkedgebs\/?ref=br_rs\" \/>\n<meta property=\"article:published_time\" content=\"2016-09-18T17:00:00+00:00\" \/>\n<meta property=\"article:modified_time\" content=\"2017-03-02T18:04:43+00:00\" \/>\n<meta property=\"og:image\" content=\"http:\/\/startitkbs.org\/wp-content\/uploads\/2017\/03\/photo-mac-miller.jpeg\" \/>\n\t<meta property=\"og:image:width\" content=\"620\" \/>\n\t<meta property=\"og:image:height\" content=\"372\" \/>\n\t<meta property=\"og:image:type\" content=\"image\/jpeg\" \/>\n<meta name=\"twitter:card\" content=\"summary_large_image\" \/>\n<meta name=\"twitter:label1\" content=\"\u00c9crit par\" \/>\n\t<meta name=\"twitter:data1\" content=\"Start It\" \/>\n\t<meta name=\"twitter:label2\" content=\"Dur\u00e9e de lecture estim\u00e9e\" \/>\n\t<meta name=\"twitter:data2\" content=\"2 minutes\" \/>\n<script type=\"application\/ld+json\" class=\"yoast-schema-graph\">{\"@context\":\"https:\/\/schema.org\",\"@graph\":[{\"@type\":\"WebSite\",\"@id\":\"http:\/\/startitkbs.org\/#website\",\"url\":\"http:\/\/startitkbs.org\/\",\"name\":\"Start It\",\"description\":\"Association musicale Bordelaise\",\"potentialAction\":[{\"@type\":\"SearchAction\",\"target\":{\"@type\":\"EntryPoint\",\"urlTemplate\":\"http:\/\/startitkbs.org\/?s={search_term_string}\"},\"query-input\":\"required name=search_term_string\"}],\"inLanguage\":\"fr-FR\"},{\"@type\":\"ImageObject\",\"@id\":\"http:\/\/startitkbs.org\/index.php\/2016\/09\/18\/the-divine-feminine-marque-le-retour-de-mac-miller\/#primaryimage\",\"inLanguage\":\"fr-FR\",\"url\":\"http:\/\/startitkbs.org\/wp-content\/uploads\/2017\/03\/photo-mac-miller.jpeg\",\"contentUrl\":\"http:\/\/startitkbs.org\/wp-content\/uploads\/2017\/03\/photo-mac-miller.jpeg\",\"width\":620,\"height\":372},{\"@type\":\"WebPage\",\"@id\":\"http:\/\/startitkbs.org\/index.php\/2016\/09\/18\/the-divine-feminine-marque-le-retour-de-mac-miller\/#webpage\",\"url\":\"http:\/\/startitkbs.org\/index.php\/2016\/09\/18\/the-divine-feminine-marque-le-retour-de-mac-miller\/\",\"name\":\"'The Divine Feminine' marque le retour de Mac Miller - Start It\",\"isPartOf\":{\"@id\":\"http:\/\/startitkbs.org\/#website\"},\"primaryImageOfPage\":{\"@id\":\"http:\/\/startitkbs.org\/index.php\/2016\/09\/18\/the-divine-feminine-marque-le-retour-de-mac-miller\/#primaryimage\"},\"datePublished\":\"2016-09-18T17:00:00+00:00\",\"dateModified\":\"2017-03-02T18:04:43+00:00\",\"author\":{\"@id\":\"http:\/\/startitkbs.org\/#\/schema\/person\/e6547bfb2f056b56d41e21a1d4991de7\"},\"breadcrumb\":{\"@id\":\"http:\/\/startitkbs.org\/index.php\/2016\/09\/18\/the-divine-feminine-marque-le-retour-de-mac-miller\/#breadcrumb\"},\"inLanguage\":\"fr-FR\",\"potentialAction\":[{\"@type\":\"ReadAction\",\"target\":[\"http:\/\/startitkbs.org\/index.php\/2016\/09\/18\/the-divine-feminine-marque-le-retour-de-mac-miller\/\"]}]},{\"@type\":\"BreadcrumbList\",\"@id\":\"http:\/\/startitkbs.org\/index.php\/2016\/09\/18\/the-divine-feminine-marque-le-retour-de-mac-miller\/#breadcrumb\",\"itemListElement\":[{\"@type\":\"ListItem\",\"position\":1,\"name\":\"Home\",\"item\":\"http:\/\/startitkbs.org\/\"},{\"@type\":\"ListItem\",\"position\":2,\"name\":\"&#8216;The Divine Feminine&#8217; marque le retour de Mac Miller\"}]},{\"@type\":\"Person\",\"@id\":\"http:\/\/startitkbs.org\/#\/schema\/person\/e6547bfb2f056b56d41e21a1d4991de7\",\"name\":\"Start It\",\"image\":{\"@type\":\"ImageObject\",\"@id\":\"http:\/\/startitkbs.org\/#personlogo\",\"inLanguage\":\"fr-FR\",\"url\":\"http:\/\/1.gravatar.com\/avatar\/11862acbc548da566658503207ce57f4?s=96&d=mm&r=g\",\"contentUrl\":\"http:\/\/1.gravatar.com\/avatar\/11862acbc548da566658503207ce57f4?s=96&d=mm&r=g\",\"caption\":\"Start It\"},\"sameAs\":[\"http:\/\/startitkbs.org\/\",\"https:\/\/www.instagram.com\/startit_asso\/\"],\"url\":\"http:\/\/startitkbs.org\/index.php\/author\/start-it\/\"}]}<\/script>\n<!-- \/ Yoast SEO plugin. -->","yoast_head_json":{"title":"'The Divine Feminine' marque le retour de Mac Miller - Start It","robots":{"index":"index","follow":"follow","max-snippet":"max-snippet:-1","max-image-preview":"max-image-preview:large","max-video-preview":"max-video-preview:-1"},"canonical":"http:\/\/startitkbs.org\/index.php\/2016\/09\/18\/the-divine-feminine-marque-le-retour-de-mac-miller\/","og_locale":"fr_FR","og_type":"article","og_title":"'The Divine Feminine' marque le retour de Mac Miller - Start It","og_description":"Un an apr\u00e8s la sortie de son dernier album venez d\u00e9couvrir avec Start IT le nouvel opus de Mac Miller.","og_url":"http:\/\/startitkbs.org\/index.php\/2016\/09\/18\/the-divine-feminine-marque-le-retour-de-mac-miller\/","og_site_name":"Start It","article_publisher":"https:\/\/www.facebook.com\/startitkedgebs\/?ref=br_rs","article_published_time":"2016-09-18T17:00:00+00:00","article_modified_time":"2017-03-02T18:04:43+00:00","og_image":[{"width":620,"height":372,"url":"http:\/\/startitkbs.org\/wp-content\/uploads\/2017\/03\/photo-mac-miller.jpeg","type":"image\/jpeg"}],"twitter_card":"summary_large_image","twitter_misc":{"\u00c9crit par":"Start It","Dur\u00e9e de lecture estim\u00e9e":"2 minutes"},"schema":{"@context":"https:\/\/schema.org","@graph":[{"@type":"WebSite","@id":"http:\/\/startitkbs.org\/#website","url":"http:\/\/startitkbs.org\/","name":"Start It","description":"Association musicale Bordelaise","potentialAction":[{"@type":"SearchAction","target":{"@type":"EntryPoint","urlTemplate":"http:\/\/startitkbs.org\/?s={search_term_string}"},"query-input":"required name=search_term_string"}],"inLanguage":"fr-FR"},{"@type":"ImageObject","@id":"http:\/\/startitkbs.org\/index.php\/2016\/09\/18\/the-divine-feminine-marque-le-retour-de-mac-miller\/#primaryimage","inLanguage":"fr-FR","url":"http:\/\/startitkbs.org\/wp-content\/uploads\/2017\/03\/photo-mac-miller.jpeg","contentUrl":"http:\/\/startitkbs.org\/wp-content\/uploads\/2017\/03\/photo-mac-miller.jpeg","width":620,"height":372},{"@type":"WebPage","@id":"http:\/\/startitkbs.org\/index.php\/2016\/09\/18\/the-divine-feminine-marque-le-retour-de-mac-miller\/#webpage","url":"http:\/\/startitkbs.org\/index.php\/2016\/09\/18\/the-divine-feminine-marque-le-retour-de-mac-miller\/","name":"'The Divine Feminine' marque le retour de Mac Miller - Start It","isPartOf":{"@id":"http:\/\/startitkbs.org\/#website"},"primaryImageOfPage":{"@id":"http:\/\/startitkbs.org\/index.php\/2016\/09\/18\/the-divine-feminine-marque-le-retour-de-mac-miller\/#primaryimage"},"datePublished":"2016-09-18T17:00:00+00:00","dateModified":"2017-03-02T18:04:43+00:00","author":{"@id":"http:\/\/startitkbs.org\/#\/schema\/person\/e6547bfb2f056b56d41e21a1d4991de7"},"breadcrumb":{"@id":"http:\/\/startitkbs.org\/index.php\/2016\/09\/18\/the-divine-feminine-marque-le-retour-de-mac-miller\/#breadcrumb"},"inLanguage":"fr-FR","potentialAction":[{"@type":"ReadAction","target":["http:\/\/startitkbs.org\/index.php\/2016\/09\/18\/the-divine-feminine-marque-le-retour-de-mac-miller\/"]}]},{"@type":"BreadcrumbList","@id":"http:\/\/startitkbs.org\/index.php\/2016\/09\/18\/the-divine-feminine-marque-le-retour-de-mac-miller\/#breadcrumb","itemListElement":[{"@type":"ListItem","position":1,"name":"Home","item":"http:\/\/startitkbs.org\/"},{"@type":"ListItem","position":2,"name":"&#8216;The Divine Feminine&#8217; marque le retour de Mac Miller"}]},{"@type":"Person","@id":"http:\/\/startitkbs.org\/#\/schema\/person\/e6547bfb2f056b56d41e21a1d4991de7","name":"Start It","image":{"@type":"ImageObject","@id":"http:\/\/startitkbs.org\/#personlogo","inLanguage":"fr-FR","url":"http:\/\/1.gravatar.com\/avatar\/11862acbc548da566658503207ce57f4?s=96&d=mm&r=g","contentUrl":"http:\/\/1.gravatar.com\/avatar\/11862acbc548da566658503207ce57f4?s=96&d=mm&r=g","caption":"Start It"},"sameAs":["http:\/\/startitkbs.org\/","https:\/\/www.instagram.com\/startit_asso\/"],"url":"http:\/\/startitkbs.org\/index.php\/author\/start-it\/"}]}},"_links":{"self":[{"href":"http:\/\/startitkbs.org\/index.php\/wp-json\/wp\/v2\/posts\/627"}],"collection":[{"href":"http:\/\/startitkbs.org\/index.php\/wp-json\/wp\/v2\/posts"}],"about":[{"href":"http:\/\/startitkbs.org\/index.php\/wp-json\/wp\/v2\/types\/post"}],"author":[{"embeddable":true,"href":"http:\/\/startitkbs.org\/index.php\/wp-json\/wp\/v2\/users\/2"}],"replies":[{"embeddable":true,"href":"http:\/\/startitkbs.org\/index.php\/wp-json\/wp\/v2\/comments?post=627"}],"version-history":[{"count":1,"href":"http:\/\/startitkbs.org\/index.php\/wp-json\/wp\/v2\/posts\/627\/revisions"}],"predecessor-version":[{"id":629,"href":"http:\/\/startitkbs.org\/index.php\/wp-json\/wp\/v2\/posts\/627\/revisions\/629"}],"wp:featuredmedia":[{"embeddable":true,"href":"http:\/\/startitkbs.org\/index.php\/wp-json\/wp\/v2\/media\/628"}],"wp:attachment":[{"href":"http:\/\/startitkbs.org\/index.php\/wp-json\/wp\/v2\/media?parent=627"}],"wp:term":[{"taxonomy":"category","embeddable":true,"href":"http:\/\/startitkbs.org\/index.php\/wp-json\/wp\/v2\/categories?post=627"},{"taxonomy":"post_tag","embeddable":true,"href":"http:\/\/startitkbs.org\/index.php\/wp-json\/wp\/v2\/tags?post=627"}],"curies":[{"name":"wp","href":"https:\/\/api.w.org\/{rel}","templated":true}]}}