{"id":7819,"date":"2020-03-05T18:14:19","date_gmt":"2020-03-05T17:14:19","guid":{"rendered":"http:\/\/startitkbs.org\/?p=7819"},"modified":"2020-03-05T18:14:20","modified_gmt":"2020-03-05T17:14:20","slug":"concerts-annules-pour-cause-de-corona-virus","status":"publish","type":"post","link":"http:\/\/startitkbs.org\/index.php\/2020\/03\/05\/concerts-annules-pour-cause-de-corona-virus\/","title":{"rendered":"Concerts annul\u00e9s pour cause de Corona Virus"},"content":{"rendered":"\n<p>L\u2019\u00e9pid\u00e9mie de Coronavirus s\u2019\u00e9tend en Europe et commence \u00e0\ntoucher le monde de la musique. En effet, avec les mesures prises par le\ngouvernement concernant les rassemblements de plus de 5000 personnes, certains\nconcerts sont d\u00e9j\u00e0 d\u00e9plac\u00e9s. C\u2019est le cas pour l\u2019AccorHotels Arena qui a\nannonc\u00e9 le d\u00e9placement de tous ces concerts jusqu\u2019\u00e0 fin mai. La liste des\nchanteurs de renoms qui devaient se produire sur cette sc\u00e8ne est tr\u00e8s\nlongue&nbsp;: <strong>Ninho<\/strong>, <strong>Tryo<\/strong>, <strong>Matt Pokora<\/strong>, <strong>Ateez<\/strong>, <strong>Andrea\nBocelli<\/strong>, <strong>Les Cowboys Fringants<\/strong>, <strong>Maluma<\/strong>, <strong>Rom\u00e9o Elvis<\/strong>, <strong>Fun\nRadio Ibiza Experience<\/strong>, <strong>Harlem Globetrotters 2020<\/strong>, <strong>Within\nTemptation &amp; Evanescence<\/strong>, <strong>Niska<\/strong>, <strong>Dua Lipa<\/strong>, <strong>Harry\nStyles<\/strong>, <strong>Queen + Adam Lambert<\/strong> et <strong>La Nuit de l\u2019Alg\u00e9rie<\/strong>. <\/p>\n\n\n\n<p>A cela, il faut ajouter l\u2019annulation de deux\nfestivals&nbsp;: Tomorrowland Winter et Rocks The Pistes. Les deux \u00e9v\u00e8nements\nqui proposaient de r\u00e9unir plus de 20 000 personnes dans des stations de ski ont\n\u00e9t\u00e9 interdit par les pr\u00e9fectures. De nombreux artistes internationaux tels que <strong>Martin Garrix<\/strong>, <strong>Armin van Buuren<\/strong> et <strong>Afrojack<\/strong> ainsi que &nbsp;<strong>Skip the Use<\/strong>, <strong>IAM<\/strong>, <strong>Nada Surf<\/strong>\ndevaient se produire dans ces deux festivals. <\/p>\n\n\n\n<p>Ces premi\u00e8res annulations dessinent ce qui pourrait \u00eatre un\nd\u00e9but d\u2019\u00e9t\u00e9 catastrophique pour les \u00e9v\u00e9nements musicaux. En effet, Prodriss, le\nsyndicat du spectacle vivant estime que le manque \u00e0 gagner est d\u00e9j\u00e0 de 250\nmillions d\u2019euros. Si la situation du virus \u00e9volue vers le stade 3 de\nl\u2019\u00e9pid\u00e9mie, la jauge autoris\u00e9e pour un \u00e9v\u00e8nement sera abaiss\u00e9e \u00e0 1000 personnes,\nce qui pourrait entra\u00eener des annulations en cascade de nombreux concerts dans\ntoute la France. Cette situation malheureuse risque de porter un coup\nsuppl\u00e9mentaire au secteur du spectacle vivant qui va potentiellement au-devant\nd\u2019une grave crise partout en France. Enfin, cette situation est aussi de mauvais\naugure pour la p\u00e9riode des festivals qui va commencer en avril et continuer\ntout l\u2019\u00e9t\u00e9. Pour l\u2019instant, aucune annulation n\u2019est \u00e0 d\u00e9plorer.<\/p>\n\n\n\n<p>Enjoy &amp; Stay Tuned. <\/p>\n","protected":false},"excerpt":{"rendered":"<p>L\u2019\u00e9pid\u00e9mie de Coronavirus s\u2019\u00e9tend en Europe et commence \u00e0 toucher le monde de la musique. En effet, avec les mesures prises par le gouvernement concernant les rassemblements de plus de 5000 personnes, certains concerts sont d\u00e9j\u00e0 d\u00e9plac\u00e9s. C\u2019est le cas pour l\u2019AccorHotels Arena qui a annonc\u00e9 le d\u00e9placement de tous ces concerts jusqu\u2019\u00e0 fin mai. &#8230; <a title=\"Concerts annul\u00e9s pour cause de Corona Virus\" class=\"read-more\" href=\"http:\/\/startitkbs.org\/index.php\/2020\/03\/05\/concerts-annules-pour-cause-de-corona-virus\/\">Lire la suite <span class=\"screen-reader-text\">Concerts annul\u00e9s pour cause de Corona Virus<\/span><\/a><\/p>\n","protected":false},"author":2,"featured_media":7820,"comment_status":"open","ping_status":"open","sticky":false,"template":"","format":"standard","meta":{"_mi_skip_tracking":false,"cybocfi_hide_featured_image":""},"categories":[829],"tags":[],"yoast_head":"<!-- This site is optimized with the Yoast SEO plugin v18.0 - https:\/\/yoast.com\/wordpress\/plugins\/seo\/ -->\n<title>Concerts annul\u00e9s pour cause de Corona Virus - Start It<\/title>\n<meta name=\"robots\" content=\"index, follow, max-snippet:-1, max-image-preview:large, max-video-preview:-1\" \/>\n<link rel=\"canonical\" href=\"http:\/\/startitkbs.org\/index.php\/2020\/03\/05\/concerts-annules-pour-cause-de-corona-virus\/\" \/>\n<meta property=\"og:locale\" content=\"fr_FR\" \/>\n<meta property=\"og:type\" content=\"article\" \/>\n<meta property=\"og:title\" content=\"Concerts annul\u00e9s pour cause de Corona Virus - Start It\" \/>\n<meta property=\"og:description\" content=\"L\u2019\u00e9pid\u00e9mie de Coronavirus s\u2019\u00e9tend en Europe et commence \u00e0 toucher le monde de la musique. En effet, avec les mesures prises par le gouvernement concernant les rassemblements de plus de 5000 personnes, certains concerts sont d\u00e9j\u00e0 d\u00e9plac\u00e9s. C\u2019est le cas pour l\u2019AccorHotels Arena qui a annonc\u00e9 le d\u00e9placement de tous ces concerts jusqu\u2019\u00e0 fin mai. ... Lire la suite Concerts annul\u00e9s pour cause de Corona Virus\" \/>\n<meta property=\"og:url\" content=\"http:\/\/startitkbs.org\/index.php\/2020\/03\/05\/concerts-annules-pour-cause-de-corona-virus\/\" \/>\n<meta property=\"og:site_name\" content=\"Start It\" \/>\n<meta property=\"article:publisher\" content=\"https:\/\/www.facebook.com\/startitkedgebs\/?ref=br_rs\" \/>\n<meta property=\"article:published_time\" content=\"2020-03-05T17:14:19+00:00\" \/>\n<meta property=\"article:modified_time\" content=\"2020-03-05T17:14:20+00:00\" \/>\n<meta property=\"og:image\" content=\"http:\/\/startitkbs.org\/wp-content\/uploads\/2020\/03\/maitre-gims-demonte-par-ses-fans-apres-un-concert-le-rappeur-s-explique.jpg\" \/>\n\t<meta property=\"og:image:width\" content=\"2048\" \/>\n\t<meta property=\"og:image:height\" content=\"1515\" \/>\n\t<meta property=\"og:image:type\" content=\"image\/jpeg\" \/>\n<meta name=\"twitter:card\" content=\"summary_large_image\" \/>\n<meta name=\"twitter:label1\" content=\"\u00c9crit par\" \/>\n\t<meta name=\"twitter:data1\" content=\"Start It\" \/>\n\t<meta name=\"twitter:label2\" content=\"Dur\u00e9e de lecture estim\u00e9e\" \/>\n\t<meta name=\"twitter:data2\" content=\"2 minutes\" \/>\n<script type=\"application\/ld+json\" class=\"yoast-schema-graph\">{\"@context\":\"https:\/\/schema.org\",\"@graph\":[{\"@type\":\"WebSite\",\"@id\":\"http:\/\/startitkbs.org\/#website\",\"url\":\"http:\/\/startitkbs.org\/\",\"name\":\"Start It\",\"description\":\"Association musicale Bordelaise\",\"potentialAction\":[{\"@type\":\"SearchAction\",\"target\":{\"@type\":\"EntryPoint\",\"urlTemplate\":\"http:\/\/startitkbs.org\/?s={search_term_string}\"},\"query-input\":\"required name=search_term_string\"}],\"inLanguage\":\"fr-FR\"},{\"@type\":\"ImageObject\",\"@id\":\"http:\/\/startitkbs.org\/index.php\/2020\/03\/05\/concerts-annules-pour-cause-de-corona-virus\/#primaryimage\",\"inLanguage\":\"fr-FR\",\"url\":\"http:\/\/startitkbs.org\/wp-content\/uploads\/2020\/03\/maitre-gims-demonte-par-ses-fans-apres-un-concert-le-rappeur-s-explique.jpg\",\"contentUrl\":\"http:\/\/startitkbs.org\/wp-content\/uploads\/2020\/03\/maitre-gims-demonte-par-ses-fans-apres-un-concert-le-rappeur-s-explique.jpg\",\"width\":2048,\"height\":1515},{\"@type\":\"WebPage\",\"@id\":\"http:\/\/startitkbs.org\/index.php\/2020\/03\/05\/concerts-annules-pour-cause-de-corona-virus\/#webpage\",\"url\":\"http:\/\/startitkbs.org\/index.php\/2020\/03\/05\/concerts-annules-pour-cause-de-corona-virus\/\",\"name\":\"Concerts annul\u00e9s pour cause de Corona Virus - Start It\",\"isPartOf\":{\"@id\":\"http:\/\/startitkbs.org\/#website\"},\"primaryImageOfPage\":{\"@id\":\"http:\/\/startitkbs.org\/index.php\/2020\/03\/05\/concerts-annules-pour-cause-de-corona-virus\/#primaryimage\"},\"datePublished\":\"2020-03-05T17:14:19+00:00\",\"dateModified\":\"2020-03-05T17:14:20+00:00\",\"author\":{\"@id\":\"http:\/\/startitkbs.org\/#\/schema\/person\/e6547bfb2f056b56d41e21a1d4991de7\"},\"breadcrumb\":{\"@id\":\"http:\/\/startitkbs.org\/index.php\/2020\/03\/05\/concerts-annules-pour-cause-de-corona-virus\/#breadcrumb\"},\"inLanguage\":\"fr-FR\",\"potentialAction\":[{\"@type\":\"ReadAction\",\"target\":[\"http:\/\/startitkbs.org\/index.php\/2020\/03\/05\/concerts-annules-pour-cause-de-corona-virus\/\"]}]},{\"@type\":\"BreadcrumbList\",\"@id\":\"http:\/\/startitkbs.org\/index.php\/2020\/03\/05\/concerts-annules-pour-cause-de-corona-virus\/#breadcrumb\",\"itemListElement\":[{\"@type\":\"ListItem\",\"position\":1,\"name\":\"Home\",\"item\":\"http:\/\/startitkbs.org\/\"},{\"@type\":\"ListItem\",\"position\":2,\"name\":\"Concerts annul\u00e9s pour cause de Corona Virus\"}]},{\"@type\":\"Person\",\"@id\":\"http:\/\/startitkbs.org\/#\/schema\/person\/e6547bfb2f056b56d41e21a1d4991de7\",\"name\":\"Start It\",\"image\":{\"@type\":\"ImageObject\",\"@id\":\"http:\/\/startitkbs.org\/#personlogo\",\"inLanguage\":\"fr-FR\",\"url\":\"http:\/\/1.gravatar.com\/avatar\/11862acbc548da566658503207ce57f4?s=96&d=mm&r=g\",\"contentUrl\":\"http:\/\/1.gravatar.com\/avatar\/11862acbc548da566658503207ce57f4?s=96&d=mm&r=g\",\"caption\":\"Start It\"},\"sameAs\":[\"http:\/\/startitkbs.org\/\",\"https:\/\/www.instagram.com\/startit_asso\/\"],\"url\":\"http:\/\/startitkbs.org\/index.php\/author\/start-it\/\"}]}<\/script>\n<!-- \/ Yoast SEO plugin. -->","yoast_head_json":{"title":"Concerts annul\u00e9s pour cause de Corona Virus - Start It","robots":{"index":"index","follow":"follow","max-snippet":"max-snippet:-1","max-image-preview":"max-image-preview:large","max-video-preview":"max-video-preview:-1"},"canonical":"http:\/\/startitkbs.org\/index.php\/2020\/03\/05\/concerts-annules-pour-cause-de-corona-virus\/","og_locale":"fr_FR","og_type":"article","og_title":"Concerts annul\u00e9s pour cause de Corona Virus - Start It","og_description":"L\u2019\u00e9pid\u00e9mie de Coronavirus s\u2019\u00e9tend en Europe et commence \u00e0 toucher le monde de la musique. En effet, avec les mesures prises par le gouvernement concernant les rassemblements de plus de 5000 personnes, certains concerts sont d\u00e9j\u00e0 d\u00e9plac\u00e9s. C\u2019est le cas pour l\u2019AccorHotels Arena qui a annonc\u00e9 le d\u00e9placement de tous ces concerts jusqu\u2019\u00e0 fin mai. ... Lire la suite Concerts annul\u00e9s pour cause de Corona Virus","og_url":"http:\/\/startitkbs.org\/index.php\/2020\/03\/05\/concerts-annules-pour-cause-de-corona-virus\/","og_site_name":"Start It","article_publisher":"https:\/\/www.facebook.com\/startitkedgebs\/?ref=br_rs","article_published_time":"2020-03-05T17:14:19+00:00","article_modified_time":"2020-03-05T17:14:20+00:00","og_image":[{"width":2048,"height":1515,"url":"http:\/\/startitkbs.org\/wp-content\/uploads\/2020\/03\/maitre-gims-demonte-par-ses-fans-apres-un-concert-le-rappeur-s-explique.jpg","type":"image\/jpeg"}],"twitter_card":"summary_large_image","twitter_misc":{"\u00c9crit par":"Start It","Dur\u00e9e de lecture estim\u00e9e":"2 minutes"},"schema":{"@context":"https:\/\/schema.org","@graph":[{"@type":"WebSite","@id":"http:\/\/startitkbs.org\/#website","url":"http:\/\/startitkbs.org\/","name":"Start It","description":"Association musicale Bordelaise","potentialAction":[{"@type":"SearchAction","target":{"@type":"EntryPoint","urlTemplate":"http:\/\/startitkbs.org\/?s={search_term_string}"},"query-input":"required name=search_term_string"}],"inLanguage":"fr-FR"},{"@type":"ImageObject","@id":"http:\/\/startitkbs.org\/index.php\/2020\/03\/05\/concerts-annules-pour-cause-de-corona-virus\/#primaryimage","inLanguage":"fr-FR","url":"http:\/\/startitkbs.org\/wp-content\/uploads\/2020\/03\/maitre-gims-demonte-par-ses-fans-apres-un-concert-le-rappeur-s-explique.jpg","contentUrl":"http:\/\/startitkbs.org\/wp-content\/uploads\/2020\/03\/maitre-gims-demonte-par-ses-fans-apres-un-concert-le-rappeur-s-explique.jpg","width":2048,"height":1515},{"@type":"WebPage","@id":"http:\/\/startitkbs.org\/index.php\/2020\/03\/05\/concerts-annules-pour-cause-de-corona-virus\/#webpage","url":"http:\/\/startitkbs.org\/index.php\/2020\/03\/05\/concerts-annules-pour-cause-de-corona-virus\/","name":"Concerts annul\u00e9s pour cause de Corona Virus - Start It","isPartOf":{"@id":"http:\/\/startitkbs.org\/#website"},"primaryImageOfPage":{"@id":"http:\/\/startitkbs.org\/index.php\/2020\/03\/05\/concerts-annules-pour-cause-de-corona-virus\/#primaryimage"},"datePublished":"2020-03-05T17:14:19+00:00","dateModified":"2020-03-05T17:14:20+00:00","author":{"@id":"http:\/\/startitkbs.org\/#\/schema\/person\/e6547bfb2f056b56d41e21a1d4991de7"},"breadcrumb":{"@id":"http:\/\/startitkbs.org\/index.php\/2020\/03\/05\/concerts-annules-pour-cause-de-corona-virus\/#breadcrumb"},"inLanguage":"fr-FR","potentialAction":[{"@type":"ReadAction","target":["http:\/\/startitkbs.org\/index.php\/2020\/03\/05\/concerts-annules-pour-cause-de-corona-virus\/"]}]},{"@type":"BreadcrumbList","@id":"http:\/\/startitkbs.org\/index.php\/2020\/03\/05\/concerts-annules-pour-cause-de-corona-virus\/#breadcrumb","itemListElement":[{"@type":"ListItem","position":1,"name":"Home","item":"http:\/\/startitkbs.org\/"},{"@type":"ListItem","position":2,"name":"Concerts annul\u00e9s pour cause de Corona Virus"}]},{"@type":"Person","@id":"http:\/\/startitkbs.org\/#\/schema\/person\/e6547bfb2f056b56d41e21a1d4991de7","name":"Start It","image":{"@type":"ImageObject","@id":"http:\/\/startitkbs.org\/#personlogo","inLanguage":"fr-FR","url":"http:\/\/1.gravatar.com\/avatar\/11862acbc548da566658503207ce57f4?s=96&d=mm&r=g","contentUrl":"http:\/\/1.gravatar.com\/avatar\/11862acbc548da566658503207ce57f4?s=96&d=mm&r=g","caption":"Start It"},"sameAs":["http:\/\/startitkbs.org\/","https:\/\/www.instagram.com\/startit_asso\/"],"url":"http:\/\/startitkbs.org\/index.php\/author\/start-it\/"}]}},"_links":{"self":[{"href":"http:\/\/startitkbs.org\/index.php\/wp-json\/wp\/v2\/posts\/7819"}],"collection":[{"href":"http:\/\/startitkbs.org\/index.php\/wp-json\/wp\/v2\/posts"}],"about":[{"href":"http:\/\/startitkbs.org\/index.php\/wp-json\/wp\/v2\/types\/post"}],"author":[{"embeddable":true,"href":"http:\/\/startitkbs.org\/index.php\/wp-json\/wp\/v2\/users\/2"}],"replies":[{"embeddable":true,"href":"http:\/\/startitkbs.org\/index.php\/wp-json\/wp\/v2\/comments?post=7819"}],"version-history":[{"count":1,"href":"http:\/\/startitkbs.org\/index.php\/wp-json\/wp\/v2\/posts\/7819\/revisions"}],"predecessor-version":[{"id":7821,"href":"http:\/\/startitkbs.org\/index.php\/wp-json\/wp\/v2\/posts\/7819\/revisions\/7821"}],"wp:featuredmedia":[{"embeddable":true,"href":"http:\/\/startitkbs.org\/index.php\/wp-json\/wp\/v2\/media\/7820"}],"wp:attachment":[{"href":"http:\/\/startitkbs.org\/index.php\/wp-json\/wp\/v2\/media?parent=7819"}],"wp:term":[{"taxonomy":"category","embeddable":true,"href":"http:\/\/startitkbs.org\/index.php\/wp-json\/wp\/v2\/categories?post=7819"},{"taxonomy":"post_tag","embeddable":true,"href":"http:\/\/startitkbs.org\/index.php\/wp-json\/wp\/v2\/tags?post=7819"}],"curies":[{"name":"wp","href":"https:\/\/api.w.org\/{rel}","templated":true}]}}