{"id":8870,"date":"2020-12-06T09:44:51","date_gmt":"2020-12-06T08:44:51","guid":{"rendered":"http:\/\/startitkbs.org\/?p=8870"},"modified":"2020-12-06T09:44:52","modified_gmt":"2020-12-06T08:44:52","slug":"hamza-et-sch-sont-prets-a-nous-faire-oublier-lete-2020","status":"publish","type":"post","link":"http:\/\/startitkbs.org\/index.php\/2020\/12\/06\/hamza-et-sch-sont-prets-a-nous-faire-oublier-lete-2020\/","title":{"rendered":"Hamza et SCH sont pr\u00eats \u00e0 nous faire oublier l\u2019\u00e9t\u00e9 2020"},"content":{"rendered":"\n<p><em>Les premiers line up des festivals commencent \u00e0 tomber et cette ann\u00e9e la connexion Marseille-Bruxelles va \u00eatre mise \u00e0 l\u2019honneur<\/em>.<\/p>\n\n\n\n<p>A l\u2019heure o\u00f9 la ministre de la culture, Roselyne Bachelot, laisse entrevoir la possibilit\u00e9 de voir <strong>PNL<\/strong> le 26 f\u00e9vrier \u00e0 Bercy au micro de Konbini\u00a0; les festivals y voient une lueur d\u2019espoir pour l\u2019\u00e9t\u00e9 2021. Rite de passage in\u00e9vitable de la fin d\u2019ann\u00e9e, ils annoncent alors tour \u00e0 tour leur programmation. Cette ann\u00e9e, un duo retient l\u2019attention des festivaliers et amateurs de rap\u00a0: HS. Derri\u00e8re ce single, on retrouve <strong>Hamza<\/strong> et <strong>SCH<\/strong> qui avaient d\u00e9j\u00e0 honor\u00e9 ces deux lettres sur le titre \u00e9ponyme issu de l\u2019album <em>Paradise<\/em> d\u2019Hamza.<\/p>\n\n\n\n<figure class=\"wp-block-embed-youtube wp-block-embed is-type-video is-provider-youtube wp-embed-aspect-16-9 wp-has-aspect-ratio\"><div class=\"wp-block-embed__wrapper\">\n<iframe loading=\"lazy\" title=\"Hamza - HS feat. SCH (Clip officiel)\" width=\"1200\" height=\"675\" src=\"https:\/\/www.youtube.com\/embed\/ATypSV5c8hU?feature=oembed\" frameborder=\"0\" allow=\"accelerometer; autoplay; clipboard-write; encrypted-media; gyroscope; picture-in-picture\" allowfullscreen><\/iframe>\n<\/div><\/figure>\n\n\n\n<p>Les rumeurs annon\u00e7aient d\u00e9j\u00e0 une possible tourn\u00e9e commune \u00e0 l\u2019aube de 2020 mais Covid-19 oblige, elle n\u2019avait pas vu le jour. Aujourd\u2019hui, les deux artistes semblent pr\u00eats \u00e0 prendre la route et ravir les fans. Le festival de N\u00eemes et les Eurock\u00e9ennes ont d\u00e9j\u00e0 annonc\u00e9 les dates auxquels on pourra retrouver le duo. Seulement, si les dates tendent \u00e0 se faire nombreuses, le morceau marquant cette collaboration reste unique.<\/p>\n\n\n\n<figure class=\"wp-block-image\"><img loading=\"lazy\" width=\"1024\" height=\"557\" src=\"http:\/\/startitkbs.org\/wp-content\/uploads\/2020\/12\/Eurocke\u0301ennes-1-1024x557.jpg\" alt=\"\" class=\"wp-image-8873\" srcset=\"http:\/\/startitkbs.org\/wp-content\/uploads\/2020\/12\/Eurocke\u0301ennes-1-1024x557.jpg 1024w, http:\/\/startitkbs.org\/wp-content\/uploads\/2020\/12\/Eurocke\u0301ennes-1-300x163.jpg 300w, http:\/\/startitkbs.org\/wp-content\/uploads\/2020\/12\/Eurocke\u0301ennes-1-768x418.jpg 768w, http:\/\/startitkbs.org\/wp-content\/uploads\/2020\/12\/Eurocke\u0301ennes-1.jpg 1913w\" sizes=\"(max-width: 1024px) 100vw, 1024px\" \/><\/figure>\n\n\n\n<p>Hamza le disait d\u00e9j\u00e0 lors du tournage du clip de <em>HS<\/em>, ils ont \u00ab&nbsp;<em>d\u00e9j\u00e0 fait pas mal de morceaux, \u00e7a va super vite<\/em>&nbsp;\u00bb. Il n\u2019en fallait pas plus pour que les sp\u00e9culations de mixtape ou d\u2019album commun \u00e9mergent. D\u00e9sormais, avec l\u2019annonce de dates communes, un possible projet commun parait de plus en plus concret voire imminent. <\/p>\n\n\n\n<p>Tout de m\u00eame, il va falloir s\u2019armer de patience (et de tickets) avant de pouvoir profiter de leur connexion sur sc\u00e8ne. Rendez-vous le 25 juin 2021 \u00e0 N\u00eemes pour observer les r\u00e9sultats de cette collaboration en live. <\/p>\n\n\n\n<p>Enjoy &amp; Stay Tuned.<\/p>\n","protected":false},"excerpt":{"rendered":"<p>Les premiers line up des festivals commencent \u00e0 tomber et cette ann\u00e9e la connexion Marseille-Bruxelles va \u00eatre mise \u00e0 l\u2019honneur. A l\u2019heure o\u00f9 la ministre de la culture, Roselyne Bachelot, laisse entrevoir la possibilit\u00e9 de voir PNL le 26 f\u00e9vrier \u00e0 Bercy au micro de Konbini\u00a0; les festivals y voient une lueur d\u2019espoir pour l\u2019\u00e9t\u00e9 &#8230; <a title=\"Hamza et SCH sont pr\u00eats \u00e0 nous faire oublier l\u2019\u00e9t\u00e9 2020\" class=\"read-more\" href=\"http:\/\/startitkbs.org\/index.php\/2020\/12\/06\/hamza-et-sch-sont-prets-a-nous-faire-oublier-lete-2020\/\">Lire la suite <span class=\"screen-reader-text\">Hamza et SCH sont pr\u00eats \u00e0 nous faire oublier l\u2019\u00e9t\u00e9 2020<\/span><\/a><\/p>\n","protected":false},"author":2,"featured_media":8874,"comment_status":"open","ping_status":"open","sticky":false,"template":"","format":"standard","meta":{"_mi_skip_tracking":false,"cybocfi_hide_featured_image":""},"categories":[829],"tags":[32,102,362,285],"yoast_head":"<!-- This site is optimized with the Yoast SEO plugin v18.0 - https:\/\/yoast.com\/wordpress\/plugins\/seo\/ -->\n<title>Hamza et SCH sont pr\u00eats \u00e0 nous faire oublier l\u2019\u00e9t\u00e9 2020 - Start It<\/title>\n<meta name=\"robots\" content=\"index, follow, max-snippet:-1, max-image-preview:large, max-video-preview:-1\" \/>\n<link rel=\"canonical\" href=\"http:\/\/startitkbs.org\/index.php\/2020\/12\/06\/hamza-et-sch-sont-prets-a-nous-faire-oublier-lete-2020\/\" \/>\n<meta property=\"og:locale\" content=\"fr_FR\" \/>\n<meta property=\"og:type\" content=\"article\" \/>\n<meta property=\"og:title\" content=\"Hamza et SCH sont pr\u00eats \u00e0 nous faire oublier l\u2019\u00e9t\u00e9 2020 - Start It\" \/>\n<meta property=\"og:description\" content=\"Les premiers line up des festivals commencent \u00e0 tomber et cette ann\u00e9e la connexion Marseille-Bruxelles va \u00eatre mise \u00e0 l\u2019honneur. A l\u2019heure o\u00f9 la ministre de la culture, Roselyne Bachelot, laisse entrevoir la possibilit\u00e9 de voir PNL le 26 f\u00e9vrier \u00e0 Bercy au micro de Konbini\u00a0; les festivals y voient une lueur d\u2019espoir pour l\u2019\u00e9t\u00e9 ... Lire la suite Hamza et SCH sont pr\u00eats \u00e0 nous faire oublier l\u2019\u00e9t\u00e9 2020\" \/>\n<meta property=\"og:url\" content=\"http:\/\/startitkbs.org\/index.php\/2020\/12\/06\/hamza-et-sch-sont-prets-a-nous-faire-oublier-lete-2020\/\" \/>\n<meta property=\"og:site_name\" content=\"Start It\" \/>\n<meta property=\"article:publisher\" content=\"https:\/\/www.facebook.com\/startitkedgebs\/?ref=br_rs\" \/>\n<meta property=\"article:published_time\" content=\"2020-12-06T08:44:51+00:00\" \/>\n<meta property=\"article:modified_time\" content=\"2020-12-06T08:44:52+00:00\" \/>\n<meta property=\"og:image\" content=\"http:\/\/startitkbs.org\/wp-content\/uploads\/2020\/12\/hamzasch.png\" \/>\n\t<meta property=\"og:image:width\" content=\"2000\" \/>\n\t<meta property=\"og:image:height\" content=\"1200\" \/>\n\t<meta property=\"og:image:type\" content=\"image\/png\" \/>\n<meta name=\"twitter:card\" content=\"summary_large_image\" \/>\n<meta name=\"twitter:label1\" content=\"\u00c9crit par\" \/>\n\t<meta name=\"twitter:data1\" content=\"Start It\" \/>\n\t<meta name=\"twitter:label2\" content=\"Dur\u00e9e de lecture estim\u00e9e\" \/>\n\t<meta name=\"twitter:data2\" content=\"2 minutes\" \/>\n<script type=\"application\/ld+json\" class=\"yoast-schema-graph\">{\"@context\":\"https:\/\/schema.org\",\"@graph\":[{\"@type\":\"WebSite\",\"@id\":\"http:\/\/startitkbs.org\/#website\",\"url\":\"http:\/\/startitkbs.org\/\",\"name\":\"Start It\",\"description\":\"Association musicale Bordelaise\",\"potentialAction\":[{\"@type\":\"SearchAction\",\"target\":{\"@type\":\"EntryPoint\",\"urlTemplate\":\"http:\/\/startitkbs.org\/?s={search_term_string}\"},\"query-input\":\"required name=search_term_string\"}],\"inLanguage\":\"fr-FR\"},{\"@type\":\"ImageObject\",\"@id\":\"http:\/\/startitkbs.org\/index.php\/2020\/12\/06\/hamza-et-sch-sont-prets-a-nous-faire-oublier-lete-2020\/#primaryimage\",\"inLanguage\":\"fr-FR\",\"url\":\"http:\/\/startitkbs.org\/wp-content\/uploads\/2020\/12\/hamzasch.png\",\"contentUrl\":\"http:\/\/startitkbs.org\/wp-content\/uploads\/2020\/12\/hamzasch.png\",\"width\":2000,\"height\":1200},{\"@type\":\"WebPage\",\"@id\":\"http:\/\/startitkbs.org\/index.php\/2020\/12\/06\/hamza-et-sch-sont-prets-a-nous-faire-oublier-lete-2020\/#webpage\",\"url\":\"http:\/\/startitkbs.org\/index.php\/2020\/12\/06\/hamza-et-sch-sont-prets-a-nous-faire-oublier-lete-2020\/\",\"name\":\"Hamza et SCH sont pr\u00eats \u00e0 nous faire oublier l\u2019\u00e9t\u00e9 2020 - Start It\",\"isPartOf\":{\"@id\":\"http:\/\/startitkbs.org\/#website\"},\"primaryImageOfPage\":{\"@id\":\"http:\/\/startitkbs.org\/index.php\/2020\/12\/06\/hamza-et-sch-sont-prets-a-nous-faire-oublier-lete-2020\/#primaryimage\"},\"datePublished\":\"2020-12-06T08:44:51+00:00\",\"dateModified\":\"2020-12-06T08:44:52+00:00\",\"author\":{\"@id\":\"http:\/\/startitkbs.org\/#\/schema\/person\/e6547bfb2f056b56d41e21a1d4991de7\"},\"breadcrumb\":{\"@id\":\"http:\/\/startitkbs.org\/index.php\/2020\/12\/06\/hamza-et-sch-sont-prets-a-nous-faire-oublier-lete-2020\/#breadcrumb\"},\"inLanguage\":\"fr-FR\",\"potentialAction\":[{\"@type\":\"ReadAction\",\"target\":[\"http:\/\/startitkbs.org\/index.php\/2020\/12\/06\/hamza-et-sch-sont-prets-a-nous-faire-oublier-lete-2020\/\"]}]},{\"@type\":\"BreadcrumbList\",\"@id\":\"http:\/\/startitkbs.org\/index.php\/2020\/12\/06\/hamza-et-sch-sont-prets-a-nous-faire-oublier-lete-2020\/#breadcrumb\",\"itemListElement\":[{\"@type\":\"ListItem\",\"position\":1,\"name\":\"Home\",\"item\":\"http:\/\/startitkbs.org\/\"},{\"@type\":\"ListItem\",\"position\":2,\"name\":\"Hamza et SCH sont pr\u00eats \u00e0 nous faire oublier l\u2019\u00e9t\u00e9 2020\"}]},{\"@type\":\"Person\",\"@id\":\"http:\/\/startitkbs.org\/#\/schema\/person\/e6547bfb2f056b56d41e21a1d4991de7\",\"name\":\"Start It\",\"image\":{\"@type\":\"ImageObject\",\"@id\":\"http:\/\/startitkbs.org\/#personlogo\",\"inLanguage\":\"fr-FR\",\"url\":\"http:\/\/1.gravatar.com\/avatar\/11862acbc548da566658503207ce57f4?s=96&d=mm&r=g\",\"contentUrl\":\"http:\/\/1.gravatar.com\/avatar\/11862acbc548da566658503207ce57f4?s=96&d=mm&r=g\",\"caption\":\"Start It\"},\"sameAs\":[\"http:\/\/startitkbs.org\/\",\"https:\/\/www.instagram.com\/startit_asso\/\"],\"url\":\"http:\/\/startitkbs.org\/index.php\/author\/start-it\/\"}]}<\/script>\n<!-- \/ Yoast SEO plugin. -->","yoast_head_json":{"title":"Hamza et SCH sont pr\u00eats \u00e0 nous faire oublier l\u2019\u00e9t\u00e9 2020 - Start It","robots":{"index":"index","follow":"follow","max-snippet":"max-snippet:-1","max-image-preview":"max-image-preview:large","max-video-preview":"max-video-preview:-1"},"canonical":"http:\/\/startitkbs.org\/index.php\/2020\/12\/06\/hamza-et-sch-sont-prets-a-nous-faire-oublier-lete-2020\/","og_locale":"fr_FR","og_type":"article","og_title":"Hamza et SCH sont pr\u00eats \u00e0 nous faire oublier l\u2019\u00e9t\u00e9 2020 - Start It","og_description":"Les premiers line up des festivals commencent \u00e0 tomber et cette ann\u00e9e la connexion Marseille-Bruxelles va \u00eatre mise \u00e0 l\u2019honneur. A l\u2019heure o\u00f9 la ministre de la culture, Roselyne Bachelot, laisse entrevoir la possibilit\u00e9 de voir PNL le 26 f\u00e9vrier \u00e0 Bercy au micro de Konbini\u00a0; les festivals y voient une lueur d\u2019espoir pour l\u2019\u00e9t\u00e9 ... Lire la suite Hamza et SCH sont pr\u00eats \u00e0 nous faire oublier l\u2019\u00e9t\u00e9 2020","og_url":"http:\/\/startitkbs.org\/index.php\/2020\/12\/06\/hamza-et-sch-sont-prets-a-nous-faire-oublier-lete-2020\/","og_site_name":"Start It","article_publisher":"https:\/\/www.facebook.com\/startitkedgebs\/?ref=br_rs","article_published_time":"2020-12-06T08:44:51+00:00","article_modified_time":"2020-12-06T08:44:52+00:00","og_image":[{"width":2000,"height":1200,"url":"http:\/\/startitkbs.org\/wp-content\/uploads\/2020\/12\/hamzasch.png","type":"image\/png"}],"twitter_card":"summary_large_image","twitter_misc":{"\u00c9crit par":"Start It","Dur\u00e9e de lecture estim\u00e9e":"2 minutes"},"schema":{"@context":"https:\/\/schema.org","@graph":[{"@type":"WebSite","@id":"http:\/\/startitkbs.org\/#website","url":"http:\/\/startitkbs.org\/","name":"Start It","description":"Association musicale Bordelaise","potentialAction":[{"@type":"SearchAction","target":{"@type":"EntryPoint","urlTemplate":"http:\/\/startitkbs.org\/?s={search_term_string}"},"query-input":"required name=search_term_string"}],"inLanguage":"fr-FR"},{"@type":"ImageObject","@id":"http:\/\/startitkbs.org\/index.php\/2020\/12\/06\/hamza-et-sch-sont-prets-a-nous-faire-oublier-lete-2020\/#primaryimage","inLanguage":"fr-FR","url":"http:\/\/startitkbs.org\/wp-content\/uploads\/2020\/12\/hamzasch.png","contentUrl":"http:\/\/startitkbs.org\/wp-content\/uploads\/2020\/12\/hamzasch.png","width":2000,"height":1200},{"@type":"WebPage","@id":"http:\/\/startitkbs.org\/index.php\/2020\/12\/06\/hamza-et-sch-sont-prets-a-nous-faire-oublier-lete-2020\/#webpage","url":"http:\/\/startitkbs.org\/index.php\/2020\/12\/06\/hamza-et-sch-sont-prets-a-nous-faire-oublier-lete-2020\/","name":"Hamza et SCH sont pr\u00eats \u00e0 nous faire oublier l\u2019\u00e9t\u00e9 2020 - Start It","isPartOf":{"@id":"http:\/\/startitkbs.org\/#website"},"primaryImageOfPage":{"@id":"http:\/\/startitkbs.org\/index.php\/2020\/12\/06\/hamza-et-sch-sont-prets-a-nous-faire-oublier-lete-2020\/#primaryimage"},"datePublished":"2020-12-06T08:44:51+00:00","dateModified":"2020-12-06T08:44:52+00:00","author":{"@id":"http:\/\/startitkbs.org\/#\/schema\/person\/e6547bfb2f056b56d41e21a1d4991de7"},"breadcrumb":{"@id":"http:\/\/startitkbs.org\/index.php\/2020\/12\/06\/hamza-et-sch-sont-prets-a-nous-faire-oublier-lete-2020\/#breadcrumb"},"inLanguage":"fr-FR","potentialAction":[{"@type":"ReadAction","target":["http:\/\/startitkbs.org\/index.php\/2020\/12\/06\/hamza-et-sch-sont-prets-a-nous-faire-oublier-lete-2020\/"]}]},{"@type":"BreadcrumbList","@id":"http:\/\/startitkbs.org\/index.php\/2020\/12\/06\/hamza-et-sch-sont-prets-a-nous-faire-oublier-lete-2020\/#breadcrumb","itemListElement":[{"@type":"ListItem","position":1,"name":"Home","item":"http:\/\/startitkbs.org\/"},{"@type":"ListItem","position":2,"name":"Hamza et SCH sont pr\u00eats \u00e0 nous faire oublier l\u2019\u00e9t\u00e9 2020"}]},{"@type":"Person","@id":"http:\/\/startitkbs.org\/#\/schema\/person\/e6547bfb2f056b56d41e21a1d4991de7","name":"Start It","image":{"@type":"ImageObject","@id":"http:\/\/startitkbs.org\/#personlogo","inLanguage":"fr-FR","url":"http:\/\/1.gravatar.com\/avatar\/11862acbc548da566658503207ce57f4?s=96&d=mm&r=g","contentUrl":"http:\/\/1.gravatar.com\/avatar\/11862acbc548da566658503207ce57f4?s=96&d=mm&r=g","caption":"Start It"},"sameAs":["http:\/\/startitkbs.org\/","https:\/\/www.instagram.com\/startit_asso\/"],"url":"http:\/\/startitkbs.org\/index.php\/author\/start-it\/"}]}},"_links":{"self":[{"href":"http:\/\/startitkbs.org\/index.php\/wp-json\/wp\/v2\/posts\/8870"}],"collection":[{"href":"http:\/\/startitkbs.org\/index.php\/wp-json\/wp\/v2\/posts"}],"about":[{"href":"http:\/\/startitkbs.org\/index.php\/wp-json\/wp\/v2\/types\/post"}],"author":[{"embeddable":true,"href":"http:\/\/startitkbs.org\/index.php\/wp-json\/wp\/v2\/users\/2"}],"replies":[{"embeddable":true,"href":"http:\/\/startitkbs.org\/index.php\/wp-json\/wp\/v2\/comments?post=8870"}],"version-history":[{"count":5,"href":"http:\/\/startitkbs.org\/index.php\/wp-json\/wp\/v2\/posts\/8870\/revisions"}],"predecessor-version":[{"id":8881,"href":"http:\/\/startitkbs.org\/index.php\/wp-json\/wp\/v2\/posts\/8870\/revisions\/8881"}],"wp:featuredmedia":[{"embeddable":true,"href":"http:\/\/startitkbs.org\/index.php\/wp-json\/wp\/v2\/media\/8874"}],"wp:attachment":[{"href":"http:\/\/startitkbs.org\/index.php\/wp-json\/wp\/v2\/media?parent=8870"}],"wp:term":[{"taxonomy":"category","embeddable":true,"href":"http:\/\/startitkbs.org\/index.php\/wp-json\/wp\/v2\/categories?post=8870"},{"taxonomy":"post_tag","embeddable":true,"href":"http:\/\/startitkbs.org\/index.php\/wp-json\/wp\/v2\/tags?post=8870"}],"curies":[{"name":"wp","href":"https:\/\/api.w.org\/{rel}","templated":true}]}}