{"id":9503,"date":"2021-03-01T21:25:49","date_gmt":"2021-03-01T20:25:49","guid":{"rendered":"http:\/\/startitkbs.org\/?p=9503"},"modified":"2021-03-02T17:16:09","modified_gmt":"2021-03-02T16:16:09","slug":"caballero-jeanjass-retour-aux-sources","status":"publish","type":"post","link":"http:\/\/startitkbs.org\/index.php\/2021\/03\/01\/caballero-jeanjass-retour-aux-sources\/","title":{"rendered":"Caballero &#038; JeanJass, retour aux sources"},"content":{"rendered":"\n<p><em>Apr\u00e8s l\u2019avoir annonc\u00e9 implicitement en interviews depuis plus d\u2019un an, les deux belges font bel et bien leur retour en solo cette ann\u00e9e.<\/em><\/p>\n\n\n\n<p>En effet <strong>Caba et JJ<\/strong> alias Arthur de Bruxelles et Jassim de Charleroi ont commenc\u00e9 \u00e0 faire du rap de leur c\u00f4t\u00e9 et ont sorti des projets en solitaire comme <em>Pont de la Reine<\/em> de <strong>Caba<\/strong> et l\u2019excellent <em>JeanJass Goldman<\/em> du <strong>double J.<\/strong><\/p>\n\n\n\n<p>Une part de leur fan base, r\u00e9duite mais loyale, est donc issue de leur carri\u00e8re en solo et a continu\u00e9 de les suivre depuis plus de 5 ann\u00e9es passant par le succ\u00e8s fulgurant de leur duo. Ce dernier s\u2019est magiquement form\u00e9 au plus grand bonheur des amateurs de pogo, de bon rap et parfois de m\u00e9lancolie avec le magnifique \u00ab\u00a0<em>Un endroit s\u00fbr<\/em>\u00a0\u00bb dans lequel <strong>Caballero<\/strong> nous livre une partie de son couplet en espagnol. Une initiative que l\u2019on est en droit d\u2019esp\u00e9rer retrouver dans son prochain projet solo.<\/p>\n\n\n\n<p>Depuis, le duo s\u2019est forg\u00e9 une communaut\u00e9 fid\u00e8le et proche des deux rappeurs qu\u2019elle a pu apercevoir au cours de multiples concerts et festivals dont le duo raffole. Une proximit\u00e9 d\u2019autant plus forte s\u2019est install\u00e9e gr\u00e2ce \u00e0 la production des 3 saisons de \u00ab&nbsp;High et fines herbes&nbsp;\u00bb mettant en sc\u00e8ne des rappeurs en train de fumer de l\u2019herbe, relever des challenges et cuisiner avec l\u2019\u00e9pice pr\u00e9f\u00e9r\u00e9e de ces derniers accompagn\u00e9s de nos animateurs pr\u00e9f\u00e9r\u00e9s, <strong>Caba et JJ.<\/strong><\/p>\n\n\n\n<p>Le duo est finalement revenu en solo le 26 f\u00e9vrier apr\u00e8s une aventure qui aura marqu\u00e9 les esprits du rap francophone et qui aura contribu\u00e9 \u00e0 l\u2019explosion du rap Belge en France au m\u00eame titre que <strong>Rom\u00e9o Elvis, Hamza<\/strong> ou encore <strong>Damso.<\/strong><\/p>\n\n\n\n<p>C\u2019est un v\u00e9ritable d\u00e9fi pour l\u2019un comme pour l\u2019autre de satisfaire l\u2019ensemble de leur communaut\u00e9 et peut-\u00eatre m\u00eame de nouveaux auditeurs. Leur compl\u00e9mentarit\u00e9 \u00e9tant devenue leur plus grande force, ils vont devoir redoubler d\u2019efforts pour retrouver le succ\u00e8s qui leur fait de l\u2019\u0153il. <\/p>\n\n\n\n<p>En solo, Caba comme JJ ont bien chang\u00e9 depuis 5 ans. C\u2019est donc avec attention et enthousiasme que les amateurs de rap vont suivre l\u2019actualit\u00e9 des deux rappeurs que l\u2019on ne peut presque plus dissocier. Nous ne sommes pas \u00e0 l\u2019abri de plusieurs featurings des deux Belges au sein de leurs projets respectifs qui serviront probablement pour leur retour en festivals et concerts qu\u2019ils r\u00e9aliseront ensemble comme l\u2019on peut s\u2019en douter.<\/p>\n\n\n\n<p>Quant \u00e0 leur retour d\u2019un point de vue musical, nous retrouvons un <strong>Caballero <\/strong>toujours plus technique, incisif aux allures am\u00e9ricaines dans \u00ab&nbsp;<em>Polaire<\/em>&nbsp;\u00bb. Entre rimes riches et effets sonores, <strong>Caba<\/strong> est en \u00e9ruption solaire.<\/p>\n\n\n\n<figure class=\"wp-block-embed-youtube wp-block-embed is-type-video is-provider-youtube wp-embed-aspect-16-9 wp-has-aspect-ratio\"><div class=\"wp-block-embed__wrapper\">\n<iframe loading=\"lazy\" title=\"Caballero - Polaire\" width=\"1200\" height=\"675\" src=\"https:\/\/www.youtube.com\/embed\/Keza-5eutbs?feature=oembed\" frameborder=\"0\" allow=\"accelerometer; autoplay; clipboard-write; encrypted-media; gyroscope; picture-in-picture\" allowfullscreen><\/iframe>\n<\/div><\/figure>\n\n\n\n<p><strong>JeanJass<\/strong> de son c\u00f4t\u00e9 revient avec un flow plus planant, une approche mature et d\u00e9sabus\u00e9e d\u2019un rap qui a fini par prendre trop de place dans sa vie entre questionnement, introspection et c\u00e9l\u00e9brit\u00e9 ; notre double J se demande ce qu\u2019il lui arrive.<\/p>\n\n\n\n<figure class=\"wp-block-embed-youtube wp-block-embed is-type-video is-provider-youtube wp-embed-aspect-16-9 wp-has-aspect-ratio\"><div class=\"wp-block-embed__wrapper\">\n<iframe loading=\"lazy\" title=\"JeanJass - Qu&#039;est ce qui m&#039;arrive\" width=\"1200\" height=\"675\" src=\"https:\/\/www.youtube.com\/embed\/d2BEL2nk3wg?feature=oembed\" frameborder=\"0\" allow=\"accelerometer; autoplay; clipboard-write; encrypted-media; gyroscope; picture-in-picture\" allowfullscreen><\/iframe>\n<\/div><\/figure>\n\n\n\n<p>Enjoy &amp; Stay Tuned.<\/p>\n","protected":false},"excerpt":{"rendered":"<p>Apr\u00e8s l\u2019avoir annonc\u00e9 implicitement en interviews depuis plus d\u2019un an, les deux belges font bel et bien leur retour en solo cette ann\u00e9e. En effet Caba et JJ alias Arthur de Bruxelles et Jassim de Charleroi ont commenc\u00e9 \u00e0 faire du rap de leur c\u00f4t\u00e9 et ont sorti des projets en solitaire comme Pont de &#8230; <a title=\"Caballero &#038; JeanJass, retour aux sources\" class=\"read-more\" href=\"http:\/\/startitkbs.org\/index.php\/2021\/03\/01\/caballero-jeanjass-retour-aux-sources\/\">Lire la suite <span class=\"screen-reader-text\">Caballero &#038; JeanJass, retour aux sources<\/span><\/a><\/p>\n","protected":false},"author":2,"featured_media":9506,"comment_status":"open","ping_status":"open","sticky":false,"template":"","format":"standard","meta":{"_mi_skip_tracking":false,"cybocfi_hide_featured_image":""},"categories":[829],"tags":[1007,1006,989,1008,1009,1010,58],"yoast_head":"<!-- This site is optimized with the Yoast SEO plugin v18.0 - https:\/\/yoast.com\/wordpress\/plugins\/seo\/ -->\n<title>Caballero &amp; JeanJass, retour aux sources - Start It<\/title>\n<meta name=\"robots\" content=\"index, follow, max-snippet:-1, max-image-preview:large, max-video-preview:-1\" \/>\n<link rel=\"canonical\" href=\"http:\/\/startitkbs.org\/index.php\/2021\/03\/01\/caballero-jeanjass-retour-aux-sources\/\" \/>\n<meta property=\"og:locale\" content=\"fr_FR\" \/>\n<meta property=\"og:type\" content=\"article\" \/>\n<meta property=\"og:title\" content=\"Caballero &amp; JeanJass, retour aux sources - Start It\" \/>\n<meta property=\"og:description\" content=\"Apr\u00e8s l\u2019avoir annonc\u00e9 implicitement en interviews depuis plus d\u2019un an, les deux belges font bel et bien leur retour en solo cette ann\u00e9e. En effet Caba et JJ alias Arthur de Bruxelles et Jassim de Charleroi ont commenc\u00e9 \u00e0 faire du rap de leur c\u00f4t\u00e9 et ont sorti des projets en solitaire comme Pont de ... Lire la suite Caballero &#038; JeanJass, retour aux sources\" \/>\n<meta property=\"og:url\" content=\"http:\/\/startitkbs.org\/index.php\/2021\/03\/01\/caballero-jeanjass-retour-aux-sources\/\" \/>\n<meta property=\"og:site_name\" content=\"Start It\" \/>\n<meta property=\"article:publisher\" content=\"https:\/\/www.facebook.com\/startitkedgebs\/?ref=br_rs\" \/>\n<meta property=\"article:published_time\" content=\"2021-03-01T20:25:49+00:00\" \/>\n<meta property=\"article:modified_time\" content=\"2021-03-02T16:16:09+00:00\" \/>\n<meta property=\"og:image\" content=\"http:\/\/startitkbs.org\/wp-content\/uploads\/2021\/03\/1200x680_collage_sans_titre.jpg\" \/>\n\t<meta property=\"og:image:width\" content=\"1200\" \/>\n\t<meta property=\"og:image:height\" content=\"680\" \/>\n\t<meta property=\"og:image:type\" content=\"image\/jpeg\" \/>\n<meta name=\"twitter:card\" content=\"summary_large_image\" \/>\n<meta name=\"twitter:label1\" content=\"\u00c9crit par\" \/>\n\t<meta name=\"twitter:data1\" content=\"Start It\" \/>\n\t<meta name=\"twitter:label2\" content=\"Dur\u00e9e de lecture estim\u00e9e\" \/>\n\t<meta name=\"twitter:data2\" content=\"3 minutes\" \/>\n<script type=\"application\/ld+json\" class=\"yoast-schema-graph\">{\"@context\":\"https:\/\/schema.org\",\"@graph\":[{\"@type\":\"WebSite\",\"@id\":\"https:\/\/startitkbs.org\/#website\",\"url\":\"https:\/\/startitkbs.org\/\",\"name\":\"Start It\",\"description\":\"Association musicale Bordelaise\",\"potentialAction\":[{\"@type\":\"SearchAction\",\"target\":{\"@type\":\"EntryPoint\",\"urlTemplate\":\"https:\/\/startitkbs.org\/?s={search_term_string}\"},\"query-input\":\"required name=search_term_string\"}],\"inLanguage\":\"fr-FR\"},{\"@type\":\"ImageObject\",\"@id\":\"http:\/\/startitkbs.org\/index.php\/2021\/03\/01\/caballero-jeanjass-retour-aux-sources\/#primaryimage\",\"inLanguage\":\"fr-FR\",\"url\":\"http:\/\/startitkbs.org\/wp-content\/uploads\/2021\/03\/1200x680_collage_sans_titre.jpg\",\"contentUrl\":\"http:\/\/startitkbs.org\/wp-content\/uploads\/2021\/03\/1200x680_collage_sans_titre.jpg\",\"width\":1200,\"height\":680},{\"@type\":\"WebPage\",\"@id\":\"http:\/\/startitkbs.org\/index.php\/2021\/03\/01\/caballero-jeanjass-retour-aux-sources\/#webpage\",\"url\":\"http:\/\/startitkbs.org\/index.php\/2021\/03\/01\/caballero-jeanjass-retour-aux-sources\/\",\"name\":\"Caballero & JeanJass, retour aux sources - Start It\",\"isPartOf\":{\"@id\":\"https:\/\/startitkbs.org\/#website\"},\"primaryImageOfPage\":{\"@id\":\"http:\/\/startitkbs.org\/index.php\/2021\/03\/01\/caballero-jeanjass-retour-aux-sources\/#primaryimage\"},\"datePublished\":\"2021-03-01T20:25:49+00:00\",\"dateModified\":\"2021-03-02T16:16:09+00:00\",\"author\":{\"@id\":\"https:\/\/startitkbs.org\/#\/schema\/person\/e6547bfb2f056b56d41e21a1d4991de7\"},\"breadcrumb\":{\"@id\":\"http:\/\/startitkbs.org\/index.php\/2021\/03\/01\/caballero-jeanjass-retour-aux-sources\/#breadcrumb\"},\"inLanguage\":\"fr-FR\",\"potentialAction\":[{\"@type\":\"ReadAction\",\"target\":[\"http:\/\/startitkbs.org\/index.php\/2021\/03\/01\/caballero-jeanjass-retour-aux-sources\/\"]}]},{\"@type\":\"BreadcrumbList\",\"@id\":\"http:\/\/startitkbs.org\/index.php\/2021\/03\/01\/caballero-jeanjass-retour-aux-sources\/#breadcrumb\",\"itemListElement\":[{\"@type\":\"ListItem\",\"position\":1,\"name\":\"Home\",\"item\":\"https:\/\/startitkbs.org\/\"},{\"@type\":\"ListItem\",\"position\":2,\"name\":\"Caballero &#038; JeanJass, retour aux sources\"}]},{\"@type\":\"Person\",\"@id\":\"https:\/\/startitkbs.org\/#\/schema\/person\/e6547bfb2f056b56d41e21a1d4991de7\",\"name\":\"Start It\",\"image\":{\"@type\":\"ImageObject\",\"@id\":\"https:\/\/startitkbs.org\/#personlogo\",\"inLanguage\":\"fr-FR\",\"url\":\"http:\/\/1.gravatar.com\/avatar\/11862acbc548da566658503207ce57f4?s=96&d=mm&r=g\",\"contentUrl\":\"http:\/\/1.gravatar.com\/avatar\/11862acbc548da566658503207ce57f4?s=96&d=mm&r=g\",\"caption\":\"Start It\"},\"sameAs\":[\"http:\/\/startitkbs.org\/\",\"https:\/\/www.instagram.com\/startit_asso\/\"],\"url\":\"http:\/\/startitkbs.org\/index.php\/author\/start-it\/\"}]}<\/script>\n<!-- \/ Yoast SEO plugin. -->","yoast_head_json":{"title":"Caballero & JeanJass, retour aux sources - Start It","robots":{"index":"index","follow":"follow","max-snippet":"max-snippet:-1","max-image-preview":"max-image-preview:large","max-video-preview":"max-video-preview:-1"},"canonical":"http:\/\/startitkbs.org\/index.php\/2021\/03\/01\/caballero-jeanjass-retour-aux-sources\/","og_locale":"fr_FR","og_type":"article","og_title":"Caballero & JeanJass, retour aux sources - Start It","og_description":"Apr\u00e8s l\u2019avoir annonc\u00e9 implicitement en interviews depuis plus d\u2019un an, les deux belges font bel et bien leur retour en solo cette ann\u00e9e. En effet Caba et JJ alias Arthur de Bruxelles et Jassim de Charleroi ont commenc\u00e9 \u00e0 faire du rap de leur c\u00f4t\u00e9 et ont sorti des projets en solitaire comme Pont de ... Lire la suite Caballero &#038; JeanJass, retour aux sources","og_url":"http:\/\/startitkbs.org\/index.php\/2021\/03\/01\/caballero-jeanjass-retour-aux-sources\/","og_site_name":"Start It","article_publisher":"https:\/\/www.facebook.com\/startitkedgebs\/?ref=br_rs","article_published_time":"2021-03-01T20:25:49+00:00","article_modified_time":"2021-03-02T16:16:09+00:00","og_image":[{"width":1200,"height":680,"url":"http:\/\/startitkbs.org\/wp-content\/uploads\/2021\/03\/1200x680_collage_sans_titre.jpg","type":"image\/jpeg"}],"twitter_card":"summary_large_image","twitter_misc":{"\u00c9crit par":"Start It","Dur\u00e9e de lecture estim\u00e9e":"3 minutes"},"schema":{"@context":"https:\/\/schema.org","@graph":[{"@type":"WebSite","@id":"https:\/\/startitkbs.org\/#website","url":"https:\/\/startitkbs.org\/","name":"Start It","description":"Association musicale Bordelaise","potentialAction":[{"@type":"SearchAction","target":{"@type":"EntryPoint","urlTemplate":"https:\/\/startitkbs.org\/?s={search_term_string}"},"query-input":"required name=search_term_string"}],"inLanguage":"fr-FR"},{"@type":"ImageObject","@id":"http:\/\/startitkbs.org\/index.php\/2021\/03\/01\/caballero-jeanjass-retour-aux-sources\/#primaryimage","inLanguage":"fr-FR","url":"http:\/\/startitkbs.org\/wp-content\/uploads\/2021\/03\/1200x680_collage_sans_titre.jpg","contentUrl":"http:\/\/startitkbs.org\/wp-content\/uploads\/2021\/03\/1200x680_collage_sans_titre.jpg","width":1200,"height":680},{"@type":"WebPage","@id":"http:\/\/startitkbs.org\/index.php\/2021\/03\/01\/caballero-jeanjass-retour-aux-sources\/#webpage","url":"http:\/\/startitkbs.org\/index.php\/2021\/03\/01\/caballero-jeanjass-retour-aux-sources\/","name":"Caballero & JeanJass, retour aux sources - Start It","isPartOf":{"@id":"https:\/\/startitkbs.org\/#website"},"primaryImageOfPage":{"@id":"http:\/\/startitkbs.org\/index.php\/2021\/03\/01\/caballero-jeanjass-retour-aux-sources\/#primaryimage"},"datePublished":"2021-03-01T20:25:49+00:00","dateModified":"2021-03-02T16:16:09+00:00","author":{"@id":"https:\/\/startitkbs.org\/#\/schema\/person\/e6547bfb2f056b56d41e21a1d4991de7"},"breadcrumb":{"@id":"http:\/\/startitkbs.org\/index.php\/2021\/03\/01\/caballero-jeanjass-retour-aux-sources\/#breadcrumb"},"inLanguage":"fr-FR","potentialAction":[{"@type":"ReadAction","target":["http:\/\/startitkbs.org\/index.php\/2021\/03\/01\/caballero-jeanjass-retour-aux-sources\/"]}]},{"@type":"BreadcrumbList","@id":"http:\/\/startitkbs.org\/index.php\/2021\/03\/01\/caballero-jeanjass-retour-aux-sources\/#breadcrumb","itemListElement":[{"@type":"ListItem","position":1,"name":"Home","item":"https:\/\/startitkbs.org\/"},{"@type":"ListItem","position":2,"name":"Caballero &#038; JeanJass, retour aux sources"}]},{"@type":"Person","@id":"https:\/\/startitkbs.org\/#\/schema\/person\/e6547bfb2f056b56d41e21a1d4991de7","name":"Start It","image":{"@type":"ImageObject","@id":"https:\/\/startitkbs.org\/#personlogo","inLanguage":"fr-FR","url":"http:\/\/1.gravatar.com\/avatar\/11862acbc548da566658503207ce57f4?s=96&d=mm&r=g","contentUrl":"http:\/\/1.gravatar.com\/avatar\/11862acbc548da566658503207ce57f4?s=96&d=mm&r=g","caption":"Start It"},"sameAs":["http:\/\/startitkbs.org\/","https:\/\/www.instagram.com\/startit_asso\/"],"url":"http:\/\/startitkbs.org\/index.php\/author\/start-it\/"}]}},"_links":{"self":[{"href":"http:\/\/startitkbs.org\/index.php\/wp-json\/wp\/v2\/posts\/9503"}],"collection":[{"href":"http:\/\/startitkbs.org\/index.php\/wp-json\/wp\/v2\/posts"}],"about":[{"href":"http:\/\/startitkbs.org\/index.php\/wp-json\/wp\/v2\/types\/post"}],"author":[{"embeddable":true,"href":"http:\/\/startitkbs.org\/index.php\/wp-json\/wp\/v2\/users\/2"}],"replies":[{"embeddable":true,"href":"http:\/\/startitkbs.org\/index.php\/wp-json\/wp\/v2\/comments?post=9503"}],"version-history":[{"count":5,"href":"http:\/\/startitkbs.org\/index.php\/wp-json\/wp\/v2\/posts\/9503\/revisions"}],"predecessor-version":[{"id":9512,"href":"http:\/\/startitkbs.org\/index.php\/wp-json\/wp\/v2\/posts\/9503\/revisions\/9512"}],"wp:featuredmedia":[{"embeddable":true,"href":"http:\/\/startitkbs.org\/index.php\/wp-json\/wp\/v2\/media\/9506"}],"wp:attachment":[{"href":"http:\/\/startitkbs.org\/index.php\/wp-json\/wp\/v2\/media?parent=9503"}],"wp:term":[{"taxonomy":"category","embeddable":true,"href":"http:\/\/startitkbs.org\/index.php\/wp-json\/wp\/v2\/categories?post=9503"},{"taxonomy":"post_tag","embeddable":true,"href":"http:\/\/startitkbs.org\/index.php\/wp-json\/wp\/v2\/tags?post=9503"}],"curies":[{"name":"wp","href":"https:\/\/api.w.org\/{rel}","templated":true}]}}