{"id":9572,"date":"2021-03-06T19:10:23","date_gmt":"2021-03-06T18:10:23","guid":{"rendered":"http:\/\/startitkbs.org\/?p=9572"},"modified":"2021-03-06T19:10:24","modified_gmt":"2021-03-06T18:10:24","slug":"lhistoire-de-bob-marley-bientot-sur-grand-ecran","status":"publish","type":"post","link":"http:\/\/startitkbs.org\/index.php\/2021\/03\/06\/lhistoire-de-bob-marley-bientot-sur-grand-ecran\/","title":{"rendered":"L&#8217;histoire de Bob Marley bient\u00f4t sur grand \u00e9cran"},"content":{"rendered":"\n<p><strong><em>Bob Marley<\/em><\/strong><em>, star iconique et figure du reggae aura le droit \u00e0 son film biographique. Ce biopic, annonc\u00e9 en 2018, a connu ces derni\u00e8res semaines une actualit\u00e9 rebondissante. En effet, on a appris r\u00e9cemment que le film sortira le 19 janvier 2022, et que trois de ses enfants le co-produiront. A l\u2019aube du 40<sup>e<\/sup> anniversaire de la disparition de l\u2019artiste, quels sont les objectifs et ambitions de cette \u0153uvre qui rassemblera sans aucun doute de nombreuses personnes<\/em>?<\/p>\n\n\n\n<p>Les biopics d\u2019artistes associ\u00e9s \u00e0 la musique sont de plus en plus populaires. Que ce soit par leur nombre, il existe en effet de nombreux films de ce genre. Ou leur succ\u00e8s, qu\u2019il soit commercial ou critique. On peut citer le r\u00e9cent <em>Bohemian Rhapsody<\/em>. Ce film qui retrace la vie de <strong>Freddy Mercury<\/strong> a re\u00e7u 4 oscars en 2019 et les \u00e9loges du public. <strong>Bob Marley<\/strong> vient donc, avec ce nouveau projet, ajouter son nom \u00e0 une longue liste d\u2019artiste ayant leur biopic (<strong>Edith Piaf<\/strong>, <strong>Elton John<\/strong>, <strong>James Brown<\/strong>\u2026).<\/p>\n\n\n\n<figure class=\"wp-block-image\"><img loading=\"lazy\" width=\"1024\" height=\"353\" src=\"http:\/\/startitkbs.org\/wp-content\/uploads\/2021\/03\/Biopic-1024x353.png\" alt=\"\" class=\"wp-image-9573\" srcset=\"http:\/\/startitkbs.org\/wp-content\/uploads\/2021\/03\/Biopic-1024x353.png 1024w, http:\/\/startitkbs.org\/wp-content\/uploads\/2021\/03\/Biopic-300x103.png 300w, http:\/\/startitkbs.org\/wp-content\/uploads\/2021\/03\/Biopic-768x265.png 768w, http:\/\/startitkbs.org\/wp-content\/uploads\/2021\/03\/Biopic.png 1450w\" sizes=\"(max-width: 1024px) 100vw, 1024px\" \/><\/figure>\n\n\n\n<p>En ce qui concerne le film plus particuli\u00e8rement, l\u2019acteur principal qui jouera Bob Marley n\u2019a pas \u00e9t\u00e9 encore s\u00e9lectionn\u00e9. Cependant, l\u2019\u00e9quipe technique se pr\u00e9cise. Le r\u00e9alisateur <strong>Reinaldo Marcus Green<\/strong> aura la charge du biopic. Il a en autre r\u00e9alis\u00e9 le film <em>King Richard<\/em> qui retrace la vie du p\u00e8re des s\u0153urs Williams (tennis). Il confesse que \u00ab&nbsp;Le public veut conna\u00eetre le vrai Bob, l&#8217;homme mais aussi la l\u00e9gende. J&#8217;ai confiance en ce film pour amener des r\u00e9ponses sur son parcours et sa musique et continuer de porter le flambeau de son h\u00e9ritage avec humilit\u00e9, gr\u00e2ce et, par-dessus tout, amour \u00bb.<\/p>\n\n\n\n<p>A la production, on pourra retrouver Ziggy, Rita et Cedella Marley. Il y a en effet une vraie volont\u00e9 d\u2019offrir au spectateur une \u0153uvre qui se rapproche au mieux de la vie du chanteur jama\u00efcain. C\u2019est pour cette raison que sa famille a souhait\u00e9 int\u00e9grer l\u2019\u00e9quipe du film.<\/p>\n\n\n\n<p>Ziggy Marley affirme que \u00ab&nbsp;C&#8217;est une incroyable responsabilit\u00e9 que de raconter l&#8217;histoire de son p\u00e8re d&#8217;une fa\u00e7on qui lui rende vraiment honneur et qui va divertir et inspirer les fans du monde entier&nbsp;\u00bb. Il ajoute ensuite que ce sera \u00ab&nbsp;comme ouvrir une fen\u00eatre qui n&#8217;avait jamais \u00e9t\u00e9 ouverte auparavant \u00bb.<\/p>\n\n\n\n<p>Le groupe de reggae fran\u00e7ais <strong>Danakil<\/strong> nous avait cont\u00e9 en musique l\u2019histoire de Bob Marley sur le titre <em>Marley<\/em>. Ce biopic a pour ambition de mettre en image la vie de la star, et ce de mani\u00e8re fid\u00e8le. On esp\u00e8re donc que ce film aura la force de conqu\u00e9rir le c\u0153ur des fans, et de faire d\u00e9couvrir l\u2019artiste \u00e0 ceux qui ne le connaissent pas encore&nbsp;!<\/p>\n\n\n<p><iframe loading=\"lazy\" width=\"644\" height=\"362\" src=\"https:\/\/www.youtube.com\/embed\/NUn3lj64oNw\" frameborder=\"0\" allow=\"accelerometer; autoplay; clipboard-write; encrypted-media; gyroscope; picture-in-picture\" allowfullscreen=\"\"><\/iframe><\/p>\n\n\n\n<p>Enjoy &amp; Stay Tuned. <\/p>\n","protected":false},"excerpt":{"rendered":"<p>Bob Marley, star iconique et figure du reggae aura le droit \u00e0 son film biographique. Ce biopic, annonc\u00e9 en 2018, a connu ces derni\u00e8res semaines une actualit\u00e9 rebondissante. En effet, on a appris r\u00e9cemment que le film sortira le 19 janvier 2022, et que trois de ses enfants le co-produiront. A l\u2019aube du 40e anniversaire &#8230; <a title=\"L&#8217;histoire de Bob Marley bient\u00f4t sur grand \u00e9cran\" class=\"read-more\" href=\"http:\/\/startitkbs.org\/index.php\/2021\/03\/06\/lhistoire-de-bob-marley-bientot-sur-grand-ecran\/\">Lire la suite <span class=\"screen-reader-text\">L&#8217;histoire de Bob Marley bient\u00f4t sur grand \u00e9cran<\/span><\/a><\/p>\n","protected":false},"author":2,"featured_media":9575,"comment_status":"open","ping_status":"open","sticky":false,"template":"","format":"standard","meta":{"_mi_skip_tracking":false,"cybocfi_hide_featured_image":""},"categories":[829],"tags":[1021,663,1022],"yoast_head":"<!-- This site is optimized with the Yoast SEO plugin v18.0 - https:\/\/yoast.com\/wordpress\/plugins\/seo\/ -->\n<title>L&#039;histoire de Bob Marley bient\u00f4t sur grand \u00e9cran - Start It<\/title>\n<meta name=\"robots\" content=\"index, follow, max-snippet:-1, max-image-preview:large, max-video-preview:-1\" \/>\n<link rel=\"canonical\" href=\"http:\/\/startitkbs.org\/index.php\/2021\/03\/06\/lhistoire-de-bob-marley-bientot-sur-grand-ecran\/\" \/>\n<meta property=\"og:locale\" content=\"fr_FR\" \/>\n<meta property=\"og:type\" content=\"article\" \/>\n<meta property=\"og:title\" content=\"L&#039;histoire de Bob Marley bient\u00f4t sur grand \u00e9cran - Start It\" \/>\n<meta property=\"og:description\" content=\"Bob Marley, star iconique et figure du reggae aura le droit \u00e0 son film biographique. Ce biopic, annonc\u00e9 en 2018, a connu ces derni\u00e8res semaines une actualit\u00e9 rebondissante. En effet, on a appris r\u00e9cemment que le film sortira le 19 janvier 2022, et que trois de ses enfants le co-produiront. A l\u2019aube du 40e anniversaire ... Lire la suite L&#8217;histoire de Bob Marley bient\u00f4t sur grand \u00e9cran\" \/>\n<meta property=\"og:url\" content=\"http:\/\/startitkbs.org\/index.php\/2021\/03\/06\/lhistoire-de-bob-marley-bientot-sur-grand-ecran\/\" \/>\n<meta property=\"og:site_name\" content=\"Start It\" \/>\n<meta property=\"article:publisher\" content=\"https:\/\/www.facebook.com\/startitkedgebs\/?ref=br_rs\" \/>\n<meta property=\"article:published_time\" content=\"2021-03-06T18:10:23+00:00\" \/>\n<meta property=\"article:modified_time\" content=\"2021-03-06T18:10:24+00:00\" \/>\n<meta property=\"og:image\" content=\"http:\/\/startitkbs.org\/wp-content\/uploads\/2021\/03\/Bob-Marley.jpg\" \/>\n\t<meta property=\"og:image:width\" content=\"1920\" \/>\n\t<meta property=\"og:image:height\" content=\"1080\" \/>\n\t<meta property=\"og:image:type\" content=\"image\/jpeg\" \/>\n<meta name=\"twitter:card\" content=\"summary_large_image\" \/>\n<meta name=\"twitter:label1\" content=\"\u00c9crit par\" \/>\n\t<meta name=\"twitter:data1\" content=\"Start It\" \/>\n\t<meta name=\"twitter:label2\" content=\"Dur\u00e9e de lecture estim\u00e9e\" \/>\n\t<meta name=\"twitter:data2\" content=\"2 minutes\" \/>\n<script type=\"application\/ld+json\" class=\"yoast-schema-graph\">{\"@context\":\"https:\/\/schema.org\",\"@graph\":[{\"@type\":\"WebSite\",\"@id\":\"https:\/\/startitkbs.org\/#website\",\"url\":\"https:\/\/startitkbs.org\/\",\"name\":\"Start It\",\"description\":\"Association musicale Bordelaise\",\"potentialAction\":[{\"@type\":\"SearchAction\",\"target\":{\"@type\":\"EntryPoint\",\"urlTemplate\":\"https:\/\/startitkbs.org\/?s={search_term_string}\"},\"query-input\":\"required name=search_term_string\"}],\"inLanguage\":\"fr-FR\"},{\"@type\":\"ImageObject\",\"@id\":\"http:\/\/startitkbs.org\/index.php\/2021\/03\/06\/lhistoire-de-bob-marley-bientot-sur-grand-ecran\/#primaryimage\",\"inLanguage\":\"fr-FR\",\"url\":\"http:\/\/startitkbs.org\/wp-content\/uploads\/2021\/03\/Bob-Marley.jpg\",\"contentUrl\":\"http:\/\/startitkbs.org\/wp-content\/uploads\/2021\/03\/Bob-Marley.jpg\",\"width\":1920,\"height\":1080},{\"@type\":\"WebPage\",\"@id\":\"http:\/\/startitkbs.org\/index.php\/2021\/03\/06\/lhistoire-de-bob-marley-bientot-sur-grand-ecran\/#webpage\",\"url\":\"http:\/\/startitkbs.org\/index.php\/2021\/03\/06\/lhistoire-de-bob-marley-bientot-sur-grand-ecran\/\",\"name\":\"L'histoire de Bob Marley bient\u00f4t sur grand \u00e9cran - Start It\",\"isPartOf\":{\"@id\":\"https:\/\/startitkbs.org\/#website\"},\"primaryImageOfPage\":{\"@id\":\"http:\/\/startitkbs.org\/index.php\/2021\/03\/06\/lhistoire-de-bob-marley-bientot-sur-grand-ecran\/#primaryimage\"},\"datePublished\":\"2021-03-06T18:10:23+00:00\",\"dateModified\":\"2021-03-06T18:10:24+00:00\",\"author\":{\"@id\":\"https:\/\/startitkbs.org\/#\/schema\/person\/e6547bfb2f056b56d41e21a1d4991de7\"},\"breadcrumb\":{\"@id\":\"http:\/\/startitkbs.org\/index.php\/2021\/03\/06\/lhistoire-de-bob-marley-bientot-sur-grand-ecran\/#breadcrumb\"},\"inLanguage\":\"fr-FR\",\"potentialAction\":[{\"@type\":\"ReadAction\",\"target\":[\"http:\/\/startitkbs.org\/index.php\/2021\/03\/06\/lhistoire-de-bob-marley-bientot-sur-grand-ecran\/\"]}]},{\"@type\":\"BreadcrumbList\",\"@id\":\"http:\/\/startitkbs.org\/index.php\/2021\/03\/06\/lhistoire-de-bob-marley-bientot-sur-grand-ecran\/#breadcrumb\",\"itemListElement\":[{\"@type\":\"ListItem\",\"position\":1,\"name\":\"Home\",\"item\":\"https:\/\/startitkbs.org\/\"},{\"@type\":\"ListItem\",\"position\":2,\"name\":\"L&#8217;histoire de Bob Marley bient\u00f4t sur grand \u00e9cran\"}]},{\"@type\":\"Person\",\"@id\":\"https:\/\/startitkbs.org\/#\/schema\/person\/e6547bfb2f056b56d41e21a1d4991de7\",\"name\":\"Start It\",\"image\":{\"@type\":\"ImageObject\",\"@id\":\"https:\/\/startitkbs.org\/#personlogo\",\"inLanguage\":\"fr-FR\",\"url\":\"http:\/\/1.gravatar.com\/avatar\/11862acbc548da566658503207ce57f4?s=96&d=mm&r=g\",\"contentUrl\":\"http:\/\/1.gravatar.com\/avatar\/11862acbc548da566658503207ce57f4?s=96&d=mm&r=g\",\"caption\":\"Start It\"},\"sameAs\":[\"http:\/\/startitkbs.org\/\",\"https:\/\/www.instagram.com\/startit_asso\/\"],\"url\":\"http:\/\/startitkbs.org\/index.php\/author\/start-it\/\"}]}<\/script>\n<!-- \/ Yoast SEO plugin. -->","yoast_head_json":{"title":"L'histoire de Bob Marley bient\u00f4t sur grand \u00e9cran - Start It","robots":{"index":"index","follow":"follow","max-snippet":"max-snippet:-1","max-image-preview":"max-image-preview:large","max-video-preview":"max-video-preview:-1"},"canonical":"http:\/\/startitkbs.org\/index.php\/2021\/03\/06\/lhistoire-de-bob-marley-bientot-sur-grand-ecran\/","og_locale":"fr_FR","og_type":"article","og_title":"L'histoire de Bob Marley bient\u00f4t sur grand \u00e9cran - Start It","og_description":"Bob Marley, star iconique et figure du reggae aura le droit \u00e0 son film biographique. Ce biopic, annonc\u00e9 en 2018, a connu ces derni\u00e8res semaines une actualit\u00e9 rebondissante. En effet, on a appris r\u00e9cemment que le film sortira le 19 janvier 2022, et que trois de ses enfants le co-produiront. A l\u2019aube du 40e anniversaire ... Lire la suite L&#8217;histoire de Bob Marley bient\u00f4t sur grand \u00e9cran","og_url":"http:\/\/startitkbs.org\/index.php\/2021\/03\/06\/lhistoire-de-bob-marley-bientot-sur-grand-ecran\/","og_site_name":"Start It","article_publisher":"https:\/\/www.facebook.com\/startitkedgebs\/?ref=br_rs","article_published_time":"2021-03-06T18:10:23+00:00","article_modified_time":"2021-03-06T18:10:24+00:00","og_image":[{"width":1920,"height":1080,"url":"http:\/\/startitkbs.org\/wp-content\/uploads\/2021\/03\/Bob-Marley.jpg","type":"image\/jpeg"}],"twitter_card":"summary_large_image","twitter_misc":{"\u00c9crit par":"Start It","Dur\u00e9e de lecture estim\u00e9e":"2 minutes"},"schema":{"@context":"https:\/\/schema.org","@graph":[{"@type":"WebSite","@id":"https:\/\/startitkbs.org\/#website","url":"https:\/\/startitkbs.org\/","name":"Start It","description":"Association musicale Bordelaise","potentialAction":[{"@type":"SearchAction","target":{"@type":"EntryPoint","urlTemplate":"https:\/\/startitkbs.org\/?s={search_term_string}"},"query-input":"required name=search_term_string"}],"inLanguage":"fr-FR"},{"@type":"ImageObject","@id":"http:\/\/startitkbs.org\/index.php\/2021\/03\/06\/lhistoire-de-bob-marley-bientot-sur-grand-ecran\/#primaryimage","inLanguage":"fr-FR","url":"http:\/\/startitkbs.org\/wp-content\/uploads\/2021\/03\/Bob-Marley.jpg","contentUrl":"http:\/\/startitkbs.org\/wp-content\/uploads\/2021\/03\/Bob-Marley.jpg","width":1920,"height":1080},{"@type":"WebPage","@id":"http:\/\/startitkbs.org\/index.php\/2021\/03\/06\/lhistoire-de-bob-marley-bientot-sur-grand-ecran\/#webpage","url":"http:\/\/startitkbs.org\/index.php\/2021\/03\/06\/lhistoire-de-bob-marley-bientot-sur-grand-ecran\/","name":"L'histoire de Bob Marley bient\u00f4t sur grand \u00e9cran - Start It","isPartOf":{"@id":"https:\/\/startitkbs.org\/#website"},"primaryImageOfPage":{"@id":"http:\/\/startitkbs.org\/index.php\/2021\/03\/06\/lhistoire-de-bob-marley-bientot-sur-grand-ecran\/#primaryimage"},"datePublished":"2021-03-06T18:10:23+00:00","dateModified":"2021-03-06T18:10:24+00:00","author":{"@id":"https:\/\/startitkbs.org\/#\/schema\/person\/e6547bfb2f056b56d41e21a1d4991de7"},"breadcrumb":{"@id":"http:\/\/startitkbs.org\/index.php\/2021\/03\/06\/lhistoire-de-bob-marley-bientot-sur-grand-ecran\/#breadcrumb"},"inLanguage":"fr-FR","potentialAction":[{"@type":"ReadAction","target":["http:\/\/startitkbs.org\/index.php\/2021\/03\/06\/lhistoire-de-bob-marley-bientot-sur-grand-ecran\/"]}]},{"@type":"BreadcrumbList","@id":"http:\/\/startitkbs.org\/index.php\/2021\/03\/06\/lhistoire-de-bob-marley-bientot-sur-grand-ecran\/#breadcrumb","itemListElement":[{"@type":"ListItem","position":1,"name":"Home","item":"https:\/\/startitkbs.org\/"},{"@type":"ListItem","position":2,"name":"L&#8217;histoire de Bob Marley bient\u00f4t sur grand \u00e9cran"}]},{"@type":"Person","@id":"https:\/\/startitkbs.org\/#\/schema\/person\/e6547bfb2f056b56d41e21a1d4991de7","name":"Start It","image":{"@type":"ImageObject","@id":"https:\/\/startitkbs.org\/#personlogo","inLanguage":"fr-FR","url":"http:\/\/1.gravatar.com\/avatar\/11862acbc548da566658503207ce57f4?s=96&d=mm&r=g","contentUrl":"http:\/\/1.gravatar.com\/avatar\/11862acbc548da566658503207ce57f4?s=96&d=mm&r=g","caption":"Start It"},"sameAs":["http:\/\/startitkbs.org\/","https:\/\/www.instagram.com\/startit_asso\/"],"url":"http:\/\/startitkbs.org\/index.php\/author\/start-it\/"}]}},"_links":{"self":[{"href":"http:\/\/startitkbs.org\/index.php\/wp-json\/wp\/v2\/posts\/9572"}],"collection":[{"href":"http:\/\/startitkbs.org\/index.php\/wp-json\/wp\/v2\/posts"}],"about":[{"href":"http:\/\/startitkbs.org\/index.php\/wp-json\/wp\/v2\/types\/post"}],"author":[{"embeddable":true,"href":"http:\/\/startitkbs.org\/index.php\/wp-json\/wp\/v2\/users\/2"}],"replies":[{"embeddable":true,"href":"http:\/\/startitkbs.org\/index.php\/wp-json\/wp\/v2\/comments?post=9572"}],"version-history":[{"count":4,"href":"http:\/\/startitkbs.org\/index.php\/wp-json\/wp\/v2\/posts\/9572\/revisions"}],"predecessor-version":[{"id":9578,"href":"http:\/\/startitkbs.org\/index.php\/wp-json\/wp\/v2\/posts\/9572\/revisions\/9578"}],"wp:featuredmedia":[{"embeddable":true,"href":"http:\/\/startitkbs.org\/index.php\/wp-json\/wp\/v2\/media\/9575"}],"wp:attachment":[{"href":"http:\/\/startitkbs.org\/index.php\/wp-json\/wp\/v2\/media?parent=9572"}],"wp:term":[{"taxonomy":"category","embeddable":true,"href":"http:\/\/startitkbs.org\/index.php\/wp-json\/wp\/v2\/categories?post=9572"},{"taxonomy":"post_tag","embeddable":true,"href":"http:\/\/startitkbs.org\/index.php\/wp-json\/wp\/v2\/tags?post=9572"}],"curies":[{"name":"wp","href":"https:\/\/api.w.org\/{rel}","templated":true}]}}