{"id":11325,"date":"2021-05-25T11:57:49","date_gmt":"2021-05-25T09:57:49","guid":{"rendered":"http:\/\/startitkbs.org\/?p=11325"},"modified":"2021-05-25T12:00:41","modified_gmt":"2021-05-25T10:00:41","slug":"emmanuel-macron-rencontre-47-ter-et-presente-aux-jeunes-le-pass-culture","status":"publish","type":"post","link":"https:\/\/startitkbs.org\/index.php\/2021\/05\/25\/emmanuel-macron-rencontre-47-ter-et-presente-aux-jeunes-le-pass-culture\/","title":{"rendered":"Emmanuel Macron rencontre 47 Ter et pr\u00e9sente aux jeunes le pass Culture"},"content":{"rendered":"\n<p><\/p>\n\n\n\n<p><em>Le vendredi 21 mai, le groupe de pop urbaine <strong>47 Ter<\/strong> eut l\u2019honneur de participer au premier concert musical en France apr\u00e8s une longue p\u00e9riode de disette. Notre pr\u00e9sident en a profit\u00e9 pour promouvoir le pass culture<\/em>.<\/p>\n\n\n\n<p>Etant \u00e0 Nevers pour le lancement du pass culture, le pr\u00e9sident qui encha\u00eene les coups de communication s\u2019est encore une fois illustr\u00e9 en assistant au concert du groupe des trois jeunes Parisiens. Il s\u2019est exclam\u00e9 \u00ab\u00a0c\u2019est un moment g\u00e9nial\u00a0\u00bb dans une ambiance festive et souriante.<\/p>\n\n\n<blockquote class=\"instagram-media\" data-instgrm-permalink=\"https:\/\/www.instagram.com\/p\/CPK8Fm9pT5y\/?utm_source=ig_embed&amp;utm_campaign=loading\" data-instgrm-version=\"13\" style=\" background:#FFF; border:0; border-radius:3px; box-shadow:0 0 1px 0 rgba(0,0,0,0.5),0 1px 10px 0 rgba(0,0,0,0.15); margin: 1px; max-width:540px; min-width:326px; padding:0; width:99.375%; width:-webkit-calc(100% - 2px); width:calc(100% - 2px);\">\n<div style=\"padding:16px;\"> <a href=\"https:\/\/www.instagram.com\/p\/CPK8Fm9pT5y\/?utm_source=ig_embed&amp;utm_campaign=loading\" style=\" background:#FFFFFF; line-height:0; padding:0 0; text-align:center; text-decoration:none; width:100%;\" target=\"_blank\" rel=\"noopener\"> <\/p>\n<div style=\" display: flex; flex-direction: row; align-items: center;\">\n<div style=\"background-color: #F4F4F4; border-radius: 50%; flex-grow: 0; height: 40px; margin-right: 14px; width: 40px;\"><\/div>\n<div style=\"display: flex; flex-direction: column; flex-grow: 1; justify-content: center;\">\n<div style=\" background-color: #F4F4F4; border-radius: 4px; flex-grow: 0; height: 14px; margin-bottom: 6px; width: 100px;\"><\/div>\n<div style=\" background-color: #F4F4F4; border-radius: 4px; flex-grow: 0; height: 14px; width: 60px;\"><\/div>\n<\/div>\n<\/div>\n<div style=\"padding: 19% 0;\"><\/div>\n<div style=\"display:block; height:50px; margin:0 auto 12px; width:50px;\"><svg width=\"50px\" height=\"50px\" viewBox=\"0 0 60 60\" version=\"1.1\" xmlns=\"https:\/\/www.w3.org\/2000\/svg\" xmlns:xlink=\"https:\/\/www.w3.org\/1999\/xlink\"><g stroke=\"none\" stroke-width=\"1\" fill=\"none\" fill-rule=\"evenodd\"><g transform=\"translate(-511.000000, -20.000000)\" fill=\"#000000\"><g><path d=\"M556.869,30.41 C554.814,30.41 553.148,32.076 553.148,34.131 C553.148,36.186 554.814,37.852 556.869,37.852 C558.924,37.852 560.59,36.186 560.59,34.131 C560.59,32.076 558.924,30.41 556.869,30.41 M541,60.657 C535.114,60.657 530.342,55.887 530.342,50 C530.342,44.114 535.114,39.342 541,39.342 C546.887,39.342 551.658,44.114 551.658,50 C551.658,55.887 546.887,60.657 541,60.657 M541,33.886 C532.1,33.886 524.886,41.1 524.886,50 C524.886,58.899 532.1,66.113 541,66.113 C549.9,66.113 557.115,58.899 557.115,50 C557.115,41.1 549.9,33.886 541,33.886 M565.378,62.101 C565.244,65.022 564.756,66.606 564.346,67.663 C563.803,69.06 563.154,70.057 562.106,71.106 C561.058,72.155 560.06,72.803 558.662,73.347 C557.607,73.757 556.021,74.244 553.102,74.378 C549.944,74.521 548.997,74.552 541,74.552 C533.003,74.552 532.056,74.521 528.898,74.378 C525.979,74.244 524.393,73.757 523.338,73.347 C521.94,72.803 520.942,72.155 519.894,71.106 C518.846,70.057 518.197,69.06 517.654,67.663 C517.244,66.606 516.755,65.022 516.623,62.101 C516.479,58.943 516.448,57.996 516.448,50 C516.448,42.003 516.479,41.056 516.623,37.899 C516.755,34.978 517.244,33.391 517.654,32.338 C518.197,30.938 518.846,29.942 519.894,28.894 C520.942,27.846 521.94,27.196 523.338,26.654 C524.393,26.244 525.979,25.756 528.898,25.623 C532.057,25.479 533.004,25.448 541,25.448 C548.997,25.448 549.943,25.479 553.102,25.623 C556.021,25.756 557.607,26.244 558.662,26.654 C560.06,27.196 561.058,27.846 562.106,28.894 C563.154,29.942 563.803,30.938 564.346,32.338 C564.756,33.391 565.244,34.978 565.378,37.899 C565.522,41.056 565.552,42.003 565.552,50 C565.552,57.996 565.522,58.943 565.378,62.101 M570.82,37.631 C570.674,34.438 570.167,32.258 569.425,30.349 C568.659,28.377 567.633,26.702 565.965,25.035 C564.297,23.368 562.623,22.342 560.652,21.575 C558.743,20.834 556.562,20.326 553.369,20.18 C550.169,20.033 549.148,20 541,20 C532.853,20 531.831,20.033 528.631,20.18 C525.438,20.326 523.257,20.834 521.349,21.575 C519.376,22.342 517.703,23.368 516.035,25.035 C514.368,26.702 513.342,28.377 512.574,30.349 C511.834,32.258 511.326,34.438 511.181,37.631 C511.035,40.831 511,41.851 511,50 C511,58.147 511.035,59.17 511.181,62.369 C511.326,65.562 511.834,67.743 512.574,69.651 C513.342,71.625 514.368,73.296 516.035,74.965 C517.703,76.634 519.376,77.658 521.349,78.425 C523.257,79.167 525.438,79.673 528.631,79.82 C531.831,79.965 532.853,80.001 541,80.001 C549.148,80.001 550.169,79.965 553.369,79.82 C556.562,79.673 558.743,79.167 560.652,78.425 C562.623,77.658 564.297,76.634 565.965,74.965 C567.633,73.296 568.659,71.625 569.425,69.651 C570.167,67.743 570.674,65.562 570.82,62.369 C570.966,59.17 571,58.147 571,50 C571,41.851 570.966,40.831 570.82,37.631\"><\/path><\/g><\/g><\/g><\/svg><\/div>\n<div style=\"padding-top: 8px;\">\n<div style=\" color:#3897f0; font-family:Arial,sans-serif; font-size:14px; font-style:normal; font-weight:550; line-height:18px;\"> Voir cette publication sur Instagram<\/div>\n<\/div>\n<div style=\"padding: 12.5% 0;\"><\/div>\n<div style=\"display: flex; flex-direction: row; margin-bottom: 14px; align-items: center;\">\n<div>\n<div style=\"background-color: #F4F4F4; border-radius: 50%; height: 12.5px; width: 12.5px; transform: translateX(0px) translateY(7px);\"><\/div>\n<div style=\"background-color: #F4F4F4; height: 12.5px; transform: rotate(-45deg) translateX(3px) translateY(1px); width: 12.5px; flex-grow: 0; margin-right: 14px; margin-left: 2px;\"><\/div>\n<div style=\"background-color: #F4F4F4; border-radius: 50%; height: 12.5px; width: 12.5px; transform: translateX(9px) translateY(-18px);\"><\/div>\n<\/div>\n<div style=\"margin-left: 8px;\">\n<div style=\" background-color: #F4F4F4; border-radius: 50%; flex-grow: 0; height: 20px; width: 20px;\"><\/div>\n<div style=\" width: 0; height: 0; border-top: 2px solid transparent; border-left: 6px solid #f4f4f4; border-bottom: 2px solid transparent; transform: translateX(16px) translateY(-4px) rotate(30deg)\"><\/div>\n<\/div>\n<div style=\"margin-left: auto;\">\n<div style=\" width: 0px; border-top: 8px solid #F4F4F4; border-right: 8px solid transparent; transform: translateY(16px);\"><\/div>\n<div style=\" background-color: #F4F4F4; flex-grow: 0; height: 12px; width: 16px; transform: translateY(-4px);\"><\/div>\n<div style=\" width: 0; height: 0; border-top: 8px solid #F4F4F4; border-left: 8px solid transparent; transform: translateY(-4px) translateX(8px);\"><\/div>\n<\/div>\n<\/div>\n<div style=\"display: flex; flex-direction: column; flex-grow: 1; justify-content: center; margin-bottom: 24px;\">\n<div style=\" background-color: #F4F4F4; border-radius: 4px; flex-grow: 0; height: 14px; margin-bottom: 6px; width: 224px;\"><\/div>\n<div style=\" background-color: #F4F4F4; border-radius: 4px; flex-grow: 0; height: 14px; width: 144px;\"><\/div>\n<\/div>\n<p><\/a><\/p>\n<p style=\" color:#c9c8cd; font-family:Arial,sans-serif; font-size:14px; line-height:17px; margin-bottom:0; margin-top:8px; overflow:hidden; padding:8px 0 7px; text-align:center; text-overflow:ellipsis; white-space:nowrap;\"><a href=\"https:\/\/www.instagram.com\/p\/CPK8Fm9pT5y\/?utm_source=ig_embed&amp;utm_campaign=loading\" style=\" color:#c9c8cd; font-family:Arial,sans-serif; font-size:14px; font-style:normal; font-weight:normal; line-height:17px; text-decoration:none;\" target=\"_blank\" rel=\"noopener\">Une publication partag\u00e9e par Emmanuel Macron (@emmanuelmacron)<\/a><\/p>\n<\/div>\n<\/blockquote>\n<p> <script async=\"\" src=\"\/\/www.instagram.com\/embed.js\"><\/script><\/p>\n\n\n\n<p>C\u2019est une preuve formelle que la musique est un \u00e9l\u00e9ment indispensable pour les Fran\u00e7ais qui attendent avec impatience de pouvoir \u00e0 nouveau assister \u00e0 un concert et l\u00e2cher prise le temps d\u2019une soir\u00e9e.<\/p>\n\n\n\n<p>Mais qu\u2019en est-il du pass culture, l\u2019\u00e9l\u00e9ment central de cette rencontre inattendue entre le pr\u00e9sident et ce jeune groupe Parisien loin de faire l\u2019unanimit\u00e9\u00a0?<\/p>\n\n\n\n<p>Ce pass offert par l\u2019Etat, initi\u00e9 par le minist\u00e8re de la culture, permet \u00e0 chaque jeune de 18 ans de disposer de 300\u20ac sur deux ans afin de d\u00e9couvrir des repr\u00e9sentations culturelles diverses et vari\u00e9es comme le th\u00e9\u00e2tre, les livres, les mus\u00e9es mais aussi les concerts dont les jeunes sont particuli\u00e8rement friands. Cela peut m\u00eame leur donner acc\u00e8s \u00e0 des cours de musique.<\/p>\n\n\n\n<p>C\u2019est une bonne nouvelle pour le monde de la musique qui a besoin d\u2019\u00eatre soutenu ainsi que pour les jeunes qui vont pouvoir se faire plaisir \u00e0 moindre co\u00fbt avec des concerts, des festivals de musique, etc\u2026<\/p>\n\n\n\n<p>A vous de juger si cette op\u00e9ration n\u2019est que politique, en tout cas les jeunes de 18 ans ont d\u00e9sormais cette possibilit\u00e9 et ils pourront en profiter\u00a0d\u00e8s les prochains mois \u00e0 venir\u00a0!<\/p>\n\n\n\n<p>Enjoy &amp; Stay Tuned.<\/p>\n","protected":false},"excerpt":{"rendered":"<p>Le vendredi 21 mai, le groupe de pop urbaine 47 Ter eut l\u2019honneur de participer au premier concert musical en France apr\u00e8s une longue p\u00e9riode de disette. Notre pr\u00e9sident en a profit\u00e9 pour promouvoir le pass culture. Etant \u00e0 Nevers pour le lancement du pass culture, le pr\u00e9sident qui encha\u00eene les coups de communication s\u2019est &#8230; <a title=\"Emmanuel Macron rencontre 47 Ter et pr\u00e9sente aux jeunes le pass Culture\" class=\"read-more\" href=\"https:\/\/startitkbs.org\/index.php\/2021\/05\/25\/emmanuel-macron-rencontre-47-ter-et-presente-aux-jeunes-le-pass-culture\/\">Lire la suite <span class=\"screen-reader-text\">Emmanuel Macron rencontre 47 Ter et pr\u00e9sente aux jeunes le pass Culture<\/span><\/a><\/p>\n","protected":false},"author":2,"featured_media":11327,"comment_status":"open","ping_status":"open","sticky":false,"template":"","format":"standard","meta":{"_mi_skip_tracking":false,"cybocfi_hide_featured_image":""},"categories":[829],"tags":[1085,352,1086],"yoast_head":"<!-- This site is optimized with the Yoast SEO plugin v18.0 - https:\/\/yoast.com\/wordpress\/plugins\/seo\/ -->\n<title>Emmanuel Macron rencontre 47 Ter et pr\u00e9sente aux jeunes le pass Culture - Start It<\/title>\n<meta name=\"robots\" content=\"index, follow, max-snippet:-1, max-image-preview:large, max-video-preview:-1\" \/>\n<link rel=\"canonical\" href=\"https:\/\/startitkbs.org\/index.php\/2021\/05\/25\/emmanuel-macron-rencontre-47-ter-et-presente-aux-jeunes-le-pass-culture\/\" \/>\n<meta property=\"og:locale\" content=\"fr_FR\" \/>\n<meta property=\"og:type\" content=\"article\" \/>\n<meta property=\"og:title\" content=\"Emmanuel Macron rencontre 47 Ter et pr\u00e9sente aux jeunes le pass Culture - Start It\" \/>\n<meta property=\"og:description\" content=\"Le vendredi 21 mai, le groupe de pop urbaine 47 Ter eut l\u2019honneur de participer au premier concert musical en France apr\u00e8s une longue p\u00e9riode de disette. Notre pr\u00e9sident en a profit\u00e9 pour promouvoir le pass culture. Etant \u00e0 Nevers pour le lancement du pass culture, le pr\u00e9sident qui encha\u00eene les coups de communication s\u2019est ... Lire la suite Emmanuel Macron rencontre 47 Ter et pr\u00e9sente aux jeunes le pass Culture\" \/>\n<meta property=\"og:url\" content=\"https:\/\/startitkbs.org\/index.php\/2021\/05\/25\/emmanuel-macron-rencontre-47-ter-et-presente-aux-jeunes-le-pass-culture\/\" \/>\n<meta property=\"og:site_name\" content=\"Start It\" \/>\n<meta property=\"article:publisher\" content=\"https:\/\/www.facebook.com\/startitkedgebs\/?ref=br_rs\" \/>\n<meta property=\"article:published_time\" content=\"2021-05-25T09:57:49+00:00\" \/>\n<meta property=\"article:modified_time\" content=\"2021-05-25T10:00:41+00:00\" \/>\n<meta property=\"og:image\" content=\"https:\/\/startitkbs.org\/wp-content\/uploads\/2021\/05\/MACRON.jpg\" \/>\n\t<meta property=\"og:image:width\" content=\"801\" \/>\n\t<meta property=\"og:image:height\" content=\"410\" \/>\n\t<meta property=\"og:image:type\" content=\"image\/jpeg\" \/>\n<meta name=\"twitter:card\" content=\"summary_large_image\" \/>\n<meta name=\"twitter:label1\" content=\"\u00c9crit par\" \/>\n\t<meta name=\"twitter:data1\" content=\"Start It\" \/>\n\t<meta name=\"twitter:label2\" content=\"Dur\u00e9e de lecture estim\u00e9e\" \/>\n\t<meta name=\"twitter:data2\" content=\"2 minutes\" \/>\n<script type=\"application\/ld+json\" class=\"yoast-schema-graph\">{\"@context\":\"https:\/\/schema.org\",\"@graph\":[{\"@type\":\"WebSite\",\"@id\":\"https:\/\/startitkbs.org\/#website\",\"url\":\"https:\/\/startitkbs.org\/\",\"name\":\"Start It\",\"description\":\"Association musicale Bordelaise\",\"potentialAction\":[{\"@type\":\"SearchAction\",\"target\":{\"@type\":\"EntryPoint\",\"urlTemplate\":\"https:\/\/startitkbs.org\/?s={search_term_string}\"},\"query-input\":\"required name=search_term_string\"}],\"inLanguage\":\"fr-FR\"},{\"@type\":\"ImageObject\",\"@id\":\"https:\/\/startitkbs.org\/index.php\/2021\/05\/25\/emmanuel-macron-rencontre-47-ter-et-presente-aux-jeunes-le-pass-culture\/#primaryimage\",\"inLanguage\":\"fr-FR\",\"url\":\"https:\/\/startitkbs.org\/wp-content\/uploads\/2021\/05\/MACRON.jpg\",\"contentUrl\":\"https:\/\/startitkbs.org\/wp-content\/uploads\/2021\/05\/MACRON.jpg\",\"width\":801,\"height\":410},{\"@type\":\"WebPage\",\"@id\":\"https:\/\/startitkbs.org\/index.php\/2021\/05\/25\/emmanuel-macron-rencontre-47-ter-et-presente-aux-jeunes-le-pass-culture\/#webpage\",\"url\":\"https:\/\/startitkbs.org\/index.php\/2021\/05\/25\/emmanuel-macron-rencontre-47-ter-et-presente-aux-jeunes-le-pass-culture\/\",\"name\":\"Emmanuel Macron rencontre 47 Ter et pr\u00e9sente aux jeunes le pass Culture - Start It\",\"isPartOf\":{\"@id\":\"https:\/\/startitkbs.org\/#website\"},\"primaryImageOfPage\":{\"@id\":\"https:\/\/startitkbs.org\/index.php\/2021\/05\/25\/emmanuel-macron-rencontre-47-ter-et-presente-aux-jeunes-le-pass-culture\/#primaryimage\"},\"datePublished\":\"2021-05-25T09:57:49+00:00\",\"dateModified\":\"2021-05-25T10:00:41+00:00\",\"author\":{\"@id\":\"https:\/\/startitkbs.org\/#\/schema\/person\/e6547bfb2f056b56d41e21a1d4991de7\"},\"breadcrumb\":{\"@id\":\"https:\/\/startitkbs.org\/index.php\/2021\/05\/25\/emmanuel-macron-rencontre-47-ter-et-presente-aux-jeunes-le-pass-culture\/#breadcrumb\"},\"inLanguage\":\"fr-FR\",\"potentialAction\":[{\"@type\":\"ReadAction\",\"target\":[\"https:\/\/startitkbs.org\/index.php\/2021\/05\/25\/emmanuel-macron-rencontre-47-ter-et-presente-aux-jeunes-le-pass-culture\/\"]}]},{\"@type\":\"BreadcrumbList\",\"@id\":\"https:\/\/startitkbs.org\/index.php\/2021\/05\/25\/emmanuel-macron-rencontre-47-ter-et-presente-aux-jeunes-le-pass-culture\/#breadcrumb\",\"itemListElement\":[{\"@type\":\"ListItem\",\"position\":1,\"name\":\"Home\",\"item\":\"https:\/\/startitkbs.org\/\"},{\"@type\":\"ListItem\",\"position\":2,\"name\":\"Emmanuel Macron rencontre 47 Ter et pr\u00e9sente aux jeunes le pass Culture\"}]},{\"@type\":\"Person\",\"@id\":\"https:\/\/startitkbs.org\/#\/schema\/person\/e6547bfb2f056b56d41e21a1d4991de7\",\"name\":\"Start It\",\"image\":{\"@type\":\"ImageObject\",\"@id\":\"https:\/\/startitkbs.org\/#personlogo\",\"inLanguage\":\"fr-FR\",\"url\":\"https:\/\/secure.gravatar.com\/avatar\/11862acbc548da566658503207ce57f4?s=96&d=mm&r=g\",\"contentUrl\":\"https:\/\/secure.gravatar.com\/avatar\/11862acbc548da566658503207ce57f4?s=96&d=mm&r=g\",\"caption\":\"Start It\"},\"sameAs\":[\"http:\/\/startitkbs.org\/\",\"https:\/\/www.instagram.com\/startit_asso\/\"],\"url\":\"https:\/\/startitkbs.org\/index.php\/author\/start-it\/\"}]}<\/script>\n<!-- \/ Yoast SEO plugin. -->","yoast_head_json":{"title":"Emmanuel Macron rencontre 47 Ter et pr\u00e9sente aux jeunes le pass Culture - Start It","robots":{"index":"index","follow":"follow","max-snippet":"max-snippet:-1","max-image-preview":"max-image-preview:large","max-video-preview":"max-video-preview:-1"},"canonical":"https:\/\/startitkbs.org\/index.php\/2021\/05\/25\/emmanuel-macron-rencontre-47-ter-et-presente-aux-jeunes-le-pass-culture\/","og_locale":"fr_FR","og_type":"article","og_title":"Emmanuel Macron rencontre 47 Ter et pr\u00e9sente aux jeunes le pass Culture - Start It","og_description":"Le vendredi 21 mai, le groupe de pop urbaine 47 Ter eut l\u2019honneur de participer au premier concert musical en France apr\u00e8s une longue p\u00e9riode de disette. Notre pr\u00e9sident en a profit\u00e9 pour promouvoir le pass culture. Etant \u00e0 Nevers pour le lancement du pass culture, le pr\u00e9sident qui encha\u00eene les coups de communication s\u2019est ... Lire la suite Emmanuel Macron rencontre 47 Ter et pr\u00e9sente aux jeunes le pass Culture","og_url":"https:\/\/startitkbs.org\/index.php\/2021\/05\/25\/emmanuel-macron-rencontre-47-ter-et-presente-aux-jeunes-le-pass-culture\/","og_site_name":"Start It","article_publisher":"https:\/\/www.facebook.com\/startitkedgebs\/?ref=br_rs","article_published_time":"2021-05-25T09:57:49+00:00","article_modified_time":"2021-05-25T10:00:41+00:00","og_image":[{"width":801,"height":410,"url":"https:\/\/startitkbs.org\/wp-content\/uploads\/2021\/05\/MACRON.jpg","type":"image\/jpeg"}],"twitter_card":"summary_large_image","twitter_misc":{"\u00c9crit par":"Start It","Dur\u00e9e de lecture estim\u00e9e":"2 minutes"},"schema":{"@context":"https:\/\/schema.org","@graph":[{"@type":"WebSite","@id":"https:\/\/startitkbs.org\/#website","url":"https:\/\/startitkbs.org\/","name":"Start It","description":"Association musicale Bordelaise","potentialAction":[{"@type":"SearchAction","target":{"@type":"EntryPoint","urlTemplate":"https:\/\/startitkbs.org\/?s={search_term_string}"},"query-input":"required name=search_term_string"}],"inLanguage":"fr-FR"},{"@type":"ImageObject","@id":"https:\/\/startitkbs.org\/index.php\/2021\/05\/25\/emmanuel-macron-rencontre-47-ter-et-presente-aux-jeunes-le-pass-culture\/#primaryimage","inLanguage":"fr-FR","url":"https:\/\/startitkbs.org\/wp-content\/uploads\/2021\/05\/MACRON.jpg","contentUrl":"https:\/\/startitkbs.org\/wp-content\/uploads\/2021\/05\/MACRON.jpg","width":801,"height":410},{"@type":"WebPage","@id":"https:\/\/startitkbs.org\/index.php\/2021\/05\/25\/emmanuel-macron-rencontre-47-ter-et-presente-aux-jeunes-le-pass-culture\/#webpage","url":"https:\/\/startitkbs.org\/index.php\/2021\/05\/25\/emmanuel-macron-rencontre-47-ter-et-presente-aux-jeunes-le-pass-culture\/","name":"Emmanuel Macron rencontre 47 Ter et pr\u00e9sente aux jeunes le pass Culture - Start It","isPartOf":{"@id":"https:\/\/startitkbs.org\/#website"},"primaryImageOfPage":{"@id":"https:\/\/startitkbs.org\/index.php\/2021\/05\/25\/emmanuel-macron-rencontre-47-ter-et-presente-aux-jeunes-le-pass-culture\/#primaryimage"},"datePublished":"2021-05-25T09:57:49+00:00","dateModified":"2021-05-25T10:00:41+00:00","author":{"@id":"https:\/\/startitkbs.org\/#\/schema\/person\/e6547bfb2f056b56d41e21a1d4991de7"},"breadcrumb":{"@id":"https:\/\/startitkbs.org\/index.php\/2021\/05\/25\/emmanuel-macron-rencontre-47-ter-et-presente-aux-jeunes-le-pass-culture\/#breadcrumb"},"inLanguage":"fr-FR","potentialAction":[{"@type":"ReadAction","target":["https:\/\/startitkbs.org\/index.php\/2021\/05\/25\/emmanuel-macron-rencontre-47-ter-et-presente-aux-jeunes-le-pass-culture\/"]}]},{"@type":"BreadcrumbList","@id":"https:\/\/startitkbs.org\/index.php\/2021\/05\/25\/emmanuel-macron-rencontre-47-ter-et-presente-aux-jeunes-le-pass-culture\/#breadcrumb","itemListElement":[{"@type":"ListItem","position":1,"name":"Home","item":"https:\/\/startitkbs.org\/"},{"@type":"ListItem","position":2,"name":"Emmanuel Macron rencontre 47 Ter et pr\u00e9sente aux jeunes le pass Culture"}]},{"@type":"Person","@id":"https:\/\/startitkbs.org\/#\/schema\/person\/e6547bfb2f056b56d41e21a1d4991de7","name":"Start It","image":{"@type":"ImageObject","@id":"https:\/\/startitkbs.org\/#personlogo","inLanguage":"fr-FR","url":"https:\/\/secure.gravatar.com\/avatar\/11862acbc548da566658503207ce57f4?s=96&d=mm&r=g","contentUrl":"https:\/\/secure.gravatar.com\/avatar\/11862acbc548da566658503207ce57f4?s=96&d=mm&r=g","caption":"Start It"},"sameAs":["http:\/\/startitkbs.org\/","https:\/\/www.instagram.com\/startit_asso\/"],"url":"https:\/\/startitkbs.org\/index.php\/author\/start-it\/"}]}},"_links":{"self":[{"href":"https:\/\/startitkbs.org\/index.php\/wp-json\/wp\/v2\/posts\/11325"}],"collection":[{"href":"https:\/\/startitkbs.org\/index.php\/wp-json\/wp\/v2\/posts"}],"about":[{"href":"https:\/\/startitkbs.org\/index.php\/wp-json\/wp\/v2\/types\/post"}],"author":[{"embeddable":true,"href":"https:\/\/startitkbs.org\/index.php\/wp-json\/wp\/v2\/users\/2"}],"replies":[{"embeddable":true,"href":"https:\/\/startitkbs.org\/index.php\/wp-json\/wp\/v2\/comments?post=11325"}],"version-history":[{"count":5,"href":"https:\/\/startitkbs.org\/index.php\/wp-json\/wp\/v2\/posts\/11325\/revisions"}],"predecessor-version":[{"id":11332,"href":"https:\/\/startitkbs.org\/index.php\/wp-json\/wp\/v2\/posts\/11325\/revisions\/11332"}],"wp:featuredmedia":[{"embeddable":true,"href":"https:\/\/startitkbs.org\/index.php\/wp-json\/wp\/v2\/media\/11327"}],"wp:attachment":[{"href":"https:\/\/startitkbs.org\/index.php\/wp-json\/wp\/v2\/media?parent=11325"}],"wp:term":[{"taxonomy":"category","embeddable":true,"href":"https:\/\/startitkbs.org\/index.php\/wp-json\/wp\/v2\/categories?post=11325"},{"taxonomy":"post_tag","embeddable":true,"href":"https:\/\/startitkbs.org\/index.php\/wp-json\/wp\/v2\/tags?post=11325"}],"curies":[{"name":"wp","href":"https:\/\/api.w.org\/{rel}","templated":true}]}}