{"id":14931,"date":"2024-03-28T16:59:32","date_gmt":"2024-03-28T15:59:32","guid":{"rendered":"https:\/\/startitkbs.org\/?p=14931"},"modified":"2024-04-11T20:06:55","modified_gmt":"2024-04-11T18:06:55","slug":"luthertour-24-luther-retourne-le-rocher","status":"publish","type":"post","link":"https:\/\/startitkbs.org\/index.php\/2024\/03\/28\/luthertour-24-luther-retourne-le-rocher\/","title":{"rendered":"LutherTour 24 : Luther retourne le Rocher."},"content":{"rendered":"\n<p>Samedi 23 mars se d\u00e9roulait au Rocher le concert de <strong>Luther<\/strong>, pour sa tourn\u00e9e pour son nouvel album <em>Exit<\/em>, sorti le 1<sup>er<\/sup> mars, l\u2019occasion pour lui d\u2019offrir ses premi\u00e8res prestations sur ce dernier. La tourn\u00e9e \u00e9tant compl\u00e8te dans presque toutes les villes notamment Bordeaux, le public \u00e9tait bien \u00e9videmment au rendez-vous.<\/p>\n\n\n\n<figure class=\"wp-block-image size-full is-resized\"><img loading=\"lazy\" src=\"https:\/\/startitkbs.org\/wp-content\/uploads\/2024\/03\/image-2.png\" alt=\"\" class=\"wp-image-14932\" width=\"468\" height=\"468\" srcset=\"https:\/\/startitkbs.org\/wp-content\/uploads\/2024\/03\/image-2.png 741w, https:\/\/startitkbs.org\/wp-content\/uploads\/2024\/03\/image-2-300x300.png 300w, https:\/\/startitkbs.org\/wp-content\/uploads\/2024\/03\/image-2-150x150.png 150w\" sizes=\"(max-width: 468px) 100vw, 468px\" \/><figcaption><em>Exit<\/em><\/figcaption><\/figure>\n\n\n\n<h2>Une premi\u00e8re partie sign\u00e9e <strong>6ilverr<\/strong>.<\/h2>\n\n\n\n<p>Le rappeur <strong>6ilverr<\/strong> \u00e9tait charg\u00e9 d\u2019ouvrir le bal, chose qu\u2019il a su faire avec aisance en amenant un univers bien \u00e0 lui. En effet, ses toplines sur des instrumentales <em>plug<\/em> ont permis de faire monter l\u2019ambiance d\u00e8s le d\u00e9but. Le public a \u00e9t\u00e9 charm\u00e9, notamment par sa track la plus connue, <em>Main d\u2019argent. <\/em>Sublim\u00e9e par des lyrics \u00e9motionnelles, la discographie de <strong>6ilverr<\/strong> \u00e9tait \u00e0 la hauteur, ce qui nous a offert une belle entr\u00e9e en mati\u00e8re.<\/p>\n\n\n\n<h2><strong>Luther<\/strong>, une arriv\u00e9e discr\u00e8te mais attendue.<\/h2>\n\n\n\n<p>C\u2019est au tour de <strong>Luther<\/strong> d\u2019entrer en sc\u00e8ne, comme \u00e0 son habitude masqu\u00e9 et capuch\u00e9 afin de conserver l\u2019anonymat qu\u2019il entretient depuis le d\u00e9but de sa carri\u00e8re. Les jeux de lumi\u00e8re se mettent en place et rappellent les visuels pr\u00e9sents sur <em>Exit<\/em>, accompagn\u00e9s d\u2019effets de bugs, \u00e9galement tr\u00e8s pr\u00e9sents dans son dernier projet. L\u2019entr\u00e9e s\u2019est faite sur <em>Pabo<\/em>, l\u2019introduction de l\u2019album qui a \u00e9t\u00e9 tr\u00e8s bien accueillie par le publique. <strong>Luther<\/strong> est aussi revenu sur ses anciennes track, notamment celles de <em>Gar\u00e7on<\/em>, qui reste pour beaucoup son chef-d\u2019\u0153uvre, mais aussi celles d\u2019<em>Ami<\/em>, un EP de trois titres sorti l\u2019ann\u00e9e derni\u00e8re. L\u2019ordre des morceaux \u00e9tait coh\u00e9rent, LU a fait en sorte de faire passer son public par toutes les \u00e9motions, avec des morceaux comme <em>Alakazam<\/em> qu\u2019on pourrait qualifier de \u00ab&nbsp;sp\u00e9cial pogo&nbsp;\u00bb pour d\u00e9chainer la foule, suivi de <em>Gar\u00e7on<\/em>, morceau beaucoup plus calme et \u00e9motif. Finalement, le concert se termine sur <em>Aled<\/em>, outro mais aussi pour beaucoup meilleur morceau d\u2019<em>Exit<\/em>, une fin en beaut\u00e9.<\/p>\n\n\n\n<figure class=\"wp-block-image size-full is-resized\"><img loading=\"lazy\" src=\"https:\/\/startitkbs.org\/wp-content\/uploads\/2024\/03\/image-3.png\" alt=\"\" class=\"wp-image-14933\" width=\"303\" height=\"510\" srcset=\"https:\/\/startitkbs.org\/wp-content\/uploads\/2024\/03\/image-3.png 231w, https:\/\/startitkbs.org\/wp-content\/uploads\/2024\/03\/image-3-178x300.png 178w\" sizes=\"(max-width: 303px) 100vw, 303px\" \/><\/figure>\n\n\n\n<h2>Ressentis personnels<\/h2>\n\n\n\n<p>Pour ma part, c\u2019\u00e9tait un \u00e9v\u00e9nement tr\u00e8s attendu, et ce dernier n\u2019a pas \u00e9t\u00e9 d\u00e9cevant. J\u2019ai trouv\u00e9 les jeux de lumi\u00e8res particuli\u00e8rement efficaces, qui installaient une atmosph\u00e8re vraiment particuli\u00e8re en reprenant les visuels de chacun de ses projets. Ces jeux de lumi\u00e8res ont \u00e9t\u00e9 tr\u00e8s bien exploit\u00e9s par <strong>Luther<\/strong> car cela lui a permis de conserver une sc\u00e8ne \u00e9pur\u00e9e afin que le publique se concentre sur lui et la profondeur de sa musique. J\u2019ai \u00e9t\u00e9 particuli\u00e8rement surpris par la facilit\u00e9 de <strong>Luther<\/strong> \u00e0 capter notre attention. Il d\u00e9gage une vraie \u00e9nergie sur sc\u00e8ne et malgr\u00e9 \u2026, il a compl\u00e8tement retourn\u00e9 la salle de concert. Gr\u00e2ce \u00e0 ce concert, j\u2019\u00e9couterai d\u2019une autre oreille le projet <em>Exit<\/em>, qui jusque l\u00e0 ne m\u2019avais pas r\u00e9ellement convaincu. Merci Luther, LESSGUI.<\/p>\n\n\n\n<p>Enjoy and stay tuned,<\/p>\n\n\n\n<p>L\u00e9opold Girardot.<\/p>\n","protected":false},"excerpt":{"rendered":"<p>Samedi 23 mars se d\u00e9roulait au Rocher le concert de Luther, pour sa tourn\u00e9e pour son nouvel album Exit, sorti le 1er mars, l\u2019occasion pour lui d\u2019offrir ses premi\u00e8res prestations sur ce dernier. La tourn\u00e9e \u00e9tant compl\u00e8te dans presque toutes les villes notamment Bordeaux, le public \u00e9tait bien \u00e9videmment au rendez-vous. Une premi\u00e8re partie sign\u00e9e &#8230; <a title=\"LutherTour 24 : Luther retourne le Rocher.\" class=\"read-more\" href=\"https:\/\/startitkbs.org\/index.php\/2024\/03\/28\/luthertour-24-luther-retourne-le-rocher\/\">Lire la suite <span class=\"screen-reader-text\">LutherTour 24 : Luther retourne le Rocher.<\/span><\/a><\/p>\n","protected":false},"author":2,"featured_media":14972,"comment_status":"open","ping_status":"open","sticky":false,"template":"","format":"standard","meta":{"_mi_skip_tracking":false,"cybocfi_hide_featured_image":""},"categories":[836],"tags":[2354,2357,15,31,32,2353,2355,441,117,121,2351,13,12,2356,1322,41,58,2352,178],"yoast_head":"<!-- This site is optimized with the Yoast SEO plugin v18.0 - https:\/\/yoast.com\/wordpress\/plugins\/seo\/ -->\n<title>LutherTour 24 : Luther retourne le Rocher. - Start It<\/title>\n<meta name=\"description\" content=\"Samedi 23 mars se d\u00e9roulait au Rocher le concert de Luther, pour son nouvel album Exit, sorti le 1er mars.\" \/>\n<meta name=\"robots\" content=\"index, follow, max-snippet:-1, max-image-preview:large, max-video-preview:-1\" \/>\n<link rel=\"canonical\" href=\"https:\/\/startitkbs.org\/index.php\/2024\/03\/28\/luthertour-24-luther-retourne-le-rocher\/\" \/>\n<meta property=\"og:locale\" content=\"fr_FR\" \/>\n<meta property=\"og:type\" content=\"article\" \/>\n<meta property=\"og:title\" content=\"LutherTour 24 : Luther retourne le Rocher. - Start It\" \/>\n<meta property=\"og:description\" content=\"Samedi 23 mars se d\u00e9roulait au Rocher le concert de Luther, pour son nouvel album Exit, sorti le 1er mars.\" \/>\n<meta property=\"og:url\" content=\"https:\/\/startitkbs.org\/index.php\/2024\/03\/28\/luthertour-24-luther-retourne-le-rocher\/\" \/>\n<meta property=\"og:site_name\" content=\"Start It\" \/>\n<meta property=\"article:publisher\" content=\"https:\/\/www.facebook.com\/startitkedgebs\/?ref=br_rs\" \/>\n<meta property=\"article:published_time\" content=\"2024-03-28T15:59:32+00:00\" \/>\n<meta property=\"article:modified_time\" content=\"2024-04-11T18:06:55+00:00\" \/>\n<meta property=\"og:image\" content=\"https:\/\/startitkbs.org\/wp-content\/uploads\/2024\/03\/1200x680_sc_luther-3-c-caloulenka.jpg\" \/>\n\t<meta property=\"og:image:width\" content=\"1200\" \/>\n\t<meta property=\"og:image:height\" content=\"680\" \/>\n\t<meta property=\"og:image:type\" content=\"image\/jpeg\" \/>\n<meta name=\"twitter:card\" content=\"summary_large_image\" \/>\n<meta name=\"twitter:label1\" content=\"\u00c9crit par\" \/>\n\t<meta name=\"twitter:data1\" content=\"Start It\" \/>\n\t<meta name=\"twitter:label2\" content=\"Dur\u00e9e de lecture estim\u00e9e\" \/>\n\t<meta name=\"twitter:data2\" content=\"3 minutes\" \/>\n<script type=\"application\/ld+json\" class=\"yoast-schema-graph\">{\"@context\":\"https:\/\/schema.org\",\"@graph\":[{\"@type\":\"WebSite\",\"@id\":\"http:\/\/startitkbs.org\/#website\",\"url\":\"http:\/\/startitkbs.org\/\",\"name\":\"Start It\",\"description\":\"Association musicale Bordelaise\",\"potentialAction\":[{\"@type\":\"SearchAction\",\"target\":{\"@type\":\"EntryPoint\",\"urlTemplate\":\"http:\/\/startitkbs.org\/?s={search_term_string}\"},\"query-input\":\"required name=search_term_string\"}],\"inLanguage\":\"fr-FR\"},{\"@type\":\"ImageObject\",\"@id\":\"https:\/\/startitkbs.org\/index.php\/2024\/03\/28\/luthertour-24-luther-retourne-le-rocher\/#primaryimage\",\"inLanguage\":\"fr-FR\",\"url\":\"https:\/\/startitkbs.org\/wp-content\/uploads\/2024\/03\/1200x680_sc_luther-3-c-caloulenka.jpg\",\"contentUrl\":\"https:\/\/startitkbs.org\/wp-content\/uploads\/2024\/03\/1200x680_sc_luther-3-c-caloulenka.jpg\",\"width\":1200,\"height\":680},{\"@type\":\"WebPage\",\"@id\":\"https:\/\/startitkbs.org\/index.php\/2024\/03\/28\/luthertour-24-luther-retourne-le-rocher\/#webpage\",\"url\":\"https:\/\/startitkbs.org\/index.php\/2024\/03\/28\/luthertour-24-luther-retourne-le-rocher\/\",\"name\":\"LutherTour 24 : Luther retourne le Rocher. - Start It\",\"isPartOf\":{\"@id\":\"http:\/\/startitkbs.org\/#website\"},\"primaryImageOfPage\":{\"@id\":\"https:\/\/startitkbs.org\/index.php\/2024\/03\/28\/luthertour-24-luther-retourne-le-rocher\/#primaryimage\"},\"datePublished\":\"2024-03-28T15:59:32+00:00\",\"dateModified\":\"2024-04-11T18:06:55+00:00\",\"author\":{\"@id\":\"http:\/\/startitkbs.org\/#\/schema\/person\/e6547bfb2f056b56d41e21a1d4991de7\"},\"description\":\"Samedi 23 mars se d\u00e9roulait au Rocher le concert de Luther, pour son nouvel album Exit, sorti le 1er mars.\",\"breadcrumb\":{\"@id\":\"https:\/\/startitkbs.org\/index.php\/2024\/03\/28\/luthertour-24-luther-retourne-le-rocher\/#breadcrumb\"},\"inLanguage\":\"fr-FR\",\"potentialAction\":[{\"@type\":\"ReadAction\",\"target\":[\"https:\/\/startitkbs.org\/index.php\/2024\/03\/28\/luthertour-24-luther-retourne-le-rocher\/\"]}]},{\"@type\":\"BreadcrumbList\",\"@id\":\"https:\/\/startitkbs.org\/index.php\/2024\/03\/28\/luthertour-24-luther-retourne-le-rocher\/#breadcrumb\",\"itemListElement\":[{\"@type\":\"ListItem\",\"position\":1,\"name\":\"Home\",\"item\":\"http:\/\/startitkbs.org\/\"},{\"@type\":\"ListItem\",\"position\":2,\"name\":\"LutherTour 24 : Luther retourne le Rocher.\"}]},{\"@type\":\"Person\",\"@id\":\"http:\/\/startitkbs.org\/#\/schema\/person\/e6547bfb2f056b56d41e21a1d4991de7\",\"name\":\"Start It\",\"image\":{\"@type\":\"ImageObject\",\"@id\":\"http:\/\/startitkbs.org\/#personlogo\",\"inLanguage\":\"fr-FR\",\"url\":\"https:\/\/secure.gravatar.com\/avatar\/11862acbc548da566658503207ce57f4?s=96&d=mm&r=g\",\"contentUrl\":\"https:\/\/secure.gravatar.com\/avatar\/11862acbc548da566658503207ce57f4?s=96&d=mm&r=g\",\"caption\":\"Start It\"},\"sameAs\":[\"http:\/\/startitkbs.org\/\",\"https:\/\/www.instagram.com\/startit_asso\/\"],\"url\":\"https:\/\/startitkbs.org\/index.php\/author\/start-it\/\"}]}<\/script>\n<!-- \/ Yoast SEO plugin. -->","yoast_head_json":{"title":"LutherTour 24 : Luther retourne le Rocher. - Start It","description":"Samedi 23 mars se d\u00e9roulait au Rocher le concert de Luther, pour son nouvel album Exit, sorti le 1er mars.","robots":{"index":"index","follow":"follow","max-snippet":"max-snippet:-1","max-image-preview":"max-image-preview:large","max-video-preview":"max-video-preview:-1"},"canonical":"https:\/\/startitkbs.org\/index.php\/2024\/03\/28\/luthertour-24-luther-retourne-le-rocher\/","og_locale":"fr_FR","og_type":"article","og_title":"LutherTour 24 : Luther retourne le Rocher. - Start It","og_description":"Samedi 23 mars se d\u00e9roulait au Rocher le concert de Luther, pour son nouvel album Exit, sorti le 1er mars.","og_url":"https:\/\/startitkbs.org\/index.php\/2024\/03\/28\/luthertour-24-luther-retourne-le-rocher\/","og_site_name":"Start It","article_publisher":"https:\/\/www.facebook.com\/startitkedgebs\/?ref=br_rs","article_published_time":"2024-03-28T15:59:32+00:00","article_modified_time":"2024-04-11T18:06:55+00:00","og_image":[{"width":1200,"height":680,"url":"https:\/\/startitkbs.org\/wp-content\/uploads\/2024\/03\/1200x680_sc_luther-3-c-caloulenka.jpg","type":"image\/jpeg"}],"twitter_card":"summary_large_image","twitter_misc":{"\u00c9crit par":"Start It","Dur\u00e9e de lecture estim\u00e9e":"3 minutes"},"schema":{"@context":"https:\/\/schema.org","@graph":[{"@type":"WebSite","@id":"http:\/\/startitkbs.org\/#website","url":"http:\/\/startitkbs.org\/","name":"Start It","description":"Association musicale Bordelaise","potentialAction":[{"@type":"SearchAction","target":{"@type":"EntryPoint","urlTemplate":"http:\/\/startitkbs.org\/?s={search_term_string}"},"query-input":"required name=search_term_string"}],"inLanguage":"fr-FR"},{"@type":"ImageObject","@id":"https:\/\/startitkbs.org\/index.php\/2024\/03\/28\/luthertour-24-luther-retourne-le-rocher\/#primaryimage","inLanguage":"fr-FR","url":"https:\/\/startitkbs.org\/wp-content\/uploads\/2024\/03\/1200x680_sc_luther-3-c-caloulenka.jpg","contentUrl":"https:\/\/startitkbs.org\/wp-content\/uploads\/2024\/03\/1200x680_sc_luther-3-c-caloulenka.jpg","width":1200,"height":680},{"@type":"WebPage","@id":"https:\/\/startitkbs.org\/index.php\/2024\/03\/28\/luthertour-24-luther-retourne-le-rocher\/#webpage","url":"https:\/\/startitkbs.org\/index.php\/2024\/03\/28\/luthertour-24-luther-retourne-le-rocher\/","name":"LutherTour 24 : Luther retourne le Rocher. - Start It","isPartOf":{"@id":"http:\/\/startitkbs.org\/#website"},"primaryImageOfPage":{"@id":"https:\/\/startitkbs.org\/index.php\/2024\/03\/28\/luthertour-24-luther-retourne-le-rocher\/#primaryimage"},"datePublished":"2024-03-28T15:59:32+00:00","dateModified":"2024-04-11T18:06:55+00:00","author":{"@id":"http:\/\/startitkbs.org\/#\/schema\/person\/e6547bfb2f056b56d41e21a1d4991de7"},"description":"Samedi 23 mars se d\u00e9roulait au Rocher le concert de Luther, pour son nouvel album Exit, sorti le 1er mars.","breadcrumb":{"@id":"https:\/\/startitkbs.org\/index.php\/2024\/03\/28\/luthertour-24-luther-retourne-le-rocher\/#breadcrumb"},"inLanguage":"fr-FR","potentialAction":[{"@type":"ReadAction","target":["https:\/\/startitkbs.org\/index.php\/2024\/03\/28\/luthertour-24-luther-retourne-le-rocher\/"]}]},{"@type":"BreadcrumbList","@id":"https:\/\/startitkbs.org\/index.php\/2024\/03\/28\/luthertour-24-luther-retourne-le-rocher\/#breadcrumb","itemListElement":[{"@type":"ListItem","position":1,"name":"Home","item":"http:\/\/startitkbs.org\/"},{"@type":"ListItem","position":2,"name":"LutherTour 24 : Luther retourne le Rocher."}]},{"@type":"Person","@id":"http:\/\/startitkbs.org\/#\/schema\/person\/e6547bfb2f056b56d41e21a1d4991de7","name":"Start It","image":{"@type":"ImageObject","@id":"http:\/\/startitkbs.org\/#personlogo","inLanguage":"fr-FR","url":"https:\/\/secure.gravatar.com\/avatar\/11862acbc548da566658503207ce57f4?s=96&d=mm&r=g","contentUrl":"https:\/\/secure.gravatar.com\/avatar\/11862acbc548da566658503207ce57f4?s=96&d=mm&r=g","caption":"Start It"},"sameAs":["http:\/\/startitkbs.org\/","https:\/\/www.instagram.com\/startit_asso\/"],"url":"https:\/\/startitkbs.org\/index.php\/author\/start-it\/"}]}},"_links":{"self":[{"href":"https:\/\/startitkbs.org\/index.php\/wp-json\/wp\/v2\/posts\/14931"}],"collection":[{"href":"https:\/\/startitkbs.org\/index.php\/wp-json\/wp\/v2\/posts"}],"about":[{"href":"https:\/\/startitkbs.org\/index.php\/wp-json\/wp\/v2\/types\/post"}],"author":[{"embeddable":true,"href":"https:\/\/startitkbs.org\/index.php\/wp-json\/wp\/v2\/users\/2"}],"replies":[{"embeddable":true,"href":"https:\/\/startitkbs.org\/index.php\/wp-json\/wp\/v2\/comments?post=14931"}],"version-history":[{"count":2,"href":"https:\/\/startitkbs.org\/index.php\/wp-json\/wp\/v2\/posts\/14931\/revisions"}],"predecessor-version":[{"id":14943,"href":"https:\/\/startitkbs.org\/index.php\/wp-json\/wp\/v2\/posts\/14931\/revisions\/14943"}],"wp:featuredmedia":[{"embeddable":true,"href":"https:\/\/startitkbs.org\/index.php\/wp-json\/wp\/v2\/media\/14972"}],"wp:attachment":[{"href":"https:\/\/startitkbs.org\/index.php\/wp-json\/wp\/v2\/media?parent=14931"}],"wp:term":[{"taxonomy":"category","embeddable":true,"href":"https:\/\/startitkbs.org\/index.php\/wp-json\/wp\/v2\/categories?post=14931"},{"taxonomy":"post_tag","embeddable":true,"href":"https:\/\/startitkbs.org\/index.php\/wp-json\/wp\/v2\/tags?post=14931"}],"curies":[{"name":"wp","href":"https:\/\/api.w.org\/{rel}","templated":true}]}}