{"id":2747,"date":"2018-06-28T12:00:06","date_gmt":"2018-06-28T10:00:06","guid":{"rendered":"http:\/\/startitkbs.org\/?p=2747"},"modified":"2018-07-07T12:45:50","modified_gmt":"2018-07-07T10:45:50","slug":"les-actus-27","status":"publish","type":"post","link":"https:\/\/startitkbs.org\/index.php\/2018\/06\/28\/les-actus-27\/","title":{"rendered":"Les actus #27"},"content":{"rendered":"<p>Start It t\u2019aide \u00e0 affronter la canicule avec une petite dose de news rafra\u00eechissantes.<\/p>\n<ul>\n<li>Le label du rappeur <strong>XXXTENTACION<\/strong>, a publi\u00e9 le clip du titre \u00a0\u201c<b>SAD<i>!\u201d<\/i><\/b> jeudi, soit 10\u00a0jours apr\u00e8s son assasinat. Dans le clip, on assiste \u00e0 la redemption du rappeur o\u00f9 on le voit combattre son pass\u00e9. Une vid\u00e9o particuli\u00e8rement troublante car \u00e9trangement pr\u00e9monitoire&#8230;<\/li>\n<\/ul>\n<p><iframe loading=\"lazy\" title=\"XXXTENTACION - SAD! (Official Music Video)\" width=\"1200\" height=\"675\" src=\"https:\/\/www.youtube.com\/embed\/iAeYPfrXwk4?feature=oembed\" frameborder=\"0\" allow=\"accelerometer; autoplay; encrypted-media; gyroscope; picture-in-picture\" allowfullscreen><\/iframe><\/p>\n<ul>\n<li><b>Drake<\/b> d\u00e9voile \u201c<b>Scorpion<\/b>\u201d, un double album plut\u00f4t cons\u00e9quent puisqu\u2019il repr\u00e9sente tr\u00e8s exactement 1h29 de musique, pr\u00e9voyez donc un peu de temps devant vous pour le d\u00e9couvrir&#8230; Un album plein de surprises, comme un \u201cfeaturing\u201d avec le King de la pop, (oui, on parle bien de <b>Michael Jackson!)\u00a0<\/b>dans \u201c<b>Don\u2019t Matter to Me<\/b>\u201d ou encore l\u2019aveu de sa paternit\u00e9 dans le touchant \u201c<b>Emotionless<\/b>\u201d.<\/li>\n<\/ul>\n<ul>\n<li><b>The Blaze<\/b> annonce son prochain album \u201c<b>Dancehall<\/b>\u201d avec \u201c<b>SHE<\/b>\u201d, un morceau \u00e0 la melodie m\u00e9lancolique contrastant avec des sonorit\u00e9s house. Le duo ne nous offre pas de clip envo\u00fbtant\u00a0pour cette fois, mais on a trouv\u00e9 notre hit de l\u2019\u00e9t\u00e9.<\/li>\n<\/ul>\n<p><iframe loading=\"lazy\" title=\"The Blaze - She (Audio)\" width=\"1200\" height=\"675\" src=\"https:\/\/www.youtube.com\/embed\/ygi2H9W6VRQ?feature=oembed\" frameborder=\"0\" allow=\"accelerometer; autoplay; encrypted-media; gyroscope; picture-in-picture\" allowfullscreen><\/iframe><\/p>\n<ul>\n<li>Un nouvel album tout en douceur pour le groupe\u00a0<b>Florence &amp; The Machine<\/b>\u00a0avec \u201c<b>High as Hope<\/b>\u201d<\/li>\n<\/ul>\n<p><iframe loading=\"lazy\" title=\"June\" width=\"1200\" height=\"900\" src=\"https:\/\/www.youtube.com\/embed\/5sq0ukFzUc8?feature=oembed\" frameborder=\"0\" allow=\"accelerometer; autoplay; encrypted-media; gyroscope; picture-in-picture\" allowfullscreen><\/iframe><\/p>\n<ul>\n<li>15 mois apr\u00e8s leur dernier album, <b>Gorillaz<\/b> est d\u00e9j\u00e0 de retour avec \u201c<b>The Now Now\u201d.<\/b><\/li>\n<\/ul>\n<p><iframe loading=\"lazy\" title=\"Spotify Embed: The Now Now\" width=\"300\" height=\"380\" allowtransparency=\"true\" frameborder=\"0\" allow=\"encrypted-media\" src=\"https:\/\/open.spotify.com\/embed\/album\/1amYhlukNF8WdaQC3gKkgL\"><\/iframe><\/p>\n<ul>\n<li>Une programmation massive pour la 8\u00e8me \u00e9dition du <b>Fnac Live Festival Paris<\/b>\u00a0avec : <b>Angus &amp; Julia Stone, Ang\u00e8le, Eddy de Pretto, Vitalic, Moha La Squale, Ibeyi<\/b>&#8230;. RDV du 5 au 7 juillet sur le Parvis de l\u2019h\u00f4tel de ville.<\/li>\n<\/ul>\n<p>&nbsp;<\/p>\n<p>&nbsp;<\/p>\n<p>&nbsp;<\/p>\n","protected":false},"excerpt":{"rendered":"<p>Start It t\u2019aide \u00e0 affronter la canicule avec une petite dose de news rafra\u00eechissantes. Le label du rappeur XXXTENTACION, a publi\u00e9 le clip du titre \u00a0\u201cSAD!\u201d jeudi, soit 10\u00a0jours apr\u00e8s son assasinat. Dans le clip, on assiste \u00e0 la redemption du rappeur o\u00f9 on le voit combattre son pass\u00e9. Une vid\u00e9o particuli\u00e8rement troublante car \u00e9trangement &#8230; <a title=\"Les actus #27\" class=\"read-more\" href=\"https:\/\/startitkbs.org\/index.php\/2018\/06\/28\/les-actus-27\/\">Lire la suite <span class=\"screen-reader-text\">Les actus #27<\/span><\/a><\/p>\n","protected":false},"author":2,"featured_media":1742,"comment_status":"closed","ping_status":"closed","sticky":false,"template":"","format":"standard","meta":{"_mi_skip_tracking":false,"cybocfi_hide_featured_image":""},"categories":[829],"tags":[412,478,833,832],"yoast_head":"<!-- This site is optimized with the Yoast SEO plugin v18.0 - https:\/\/yoast.com\/wordpress\/plugins\/seo\/ -->\n<title>Les actus #27 - Start It<\/title>\n<meta name=\"robots\" content=\"index, follow, max-snippet:-1, max-image-preview:large, max-video-preview:-1\" \/>\n<link rel=\"canonical\" href=\"https:\/\/startitkbs.org\/index.php\/2018\/06\/28\/les-actus-27\/\" \/>\n<meta property=\"og:locale\" content=\"fr_FR\" \/>\n<meta property=\"og:type\" content=\"article\" \/>\n<meta property=\"og:title\" content=\"Les actus #27 - Start It\" \/>\n<meta property=\"og:description\" content=\"Start It t\u2019aide \u00e0 affronter la canicule avec une petite dose de news rafra\u00eechissantes. Le label du rappeur XXXTENTACION, a publi\u00e9 le clip du titre \u00a0\u201cSAD!\u201d jeudi, soit 10\u00a0jours apr\u00e8s son assasinat. Dans le clip, on assiste \u00e0 la redemption du rappeur o\u00f9 on le voit combattre son pass\u00e9. Une vid\u00e9o particuli\u00e8rement troublante car \u00e9trangement ... Lire la suite Les actus #27\" \/>\n<meta property=\"og:url\" content=\"https:\/\/startitkbs.org\/index.php\/2018\/06\/28\/les-actus-27\/\" \/>\n<meta property=\"og:site_name\" content=\"Start It\" \/>\n<meta property=\"article:publisher\" content=\"https:\/\/www.facebook.com\/startitkedgebs\/?ref=br_rs\" \/>\n<meta property=\"article:published_time\" content=\"2018-06-28T10:00:06+00:00\" \/>\n<meta property=\"article:modified_time\" content=\"2018-07-07T10:45:50+00:00\" \/>\n<meta property=\"og:image\" content=\"https:\/\/startitkbs.org\/wp-content\/uploads\/2017\/11\/Actu.jpg\" \/>\n\t<meta property=\"og:image:width\" content=\"1440\" \/>\n\t<meta property=\"og:image:height\" content=\"900\" \/>\n\t<meta property=\"og:image:type\" content=\"image\/jpeg\" \/>\n<meta name=\"twitter:card\" content=\"summary_large_image\" \/>\n<meta name=\"twitter:label1\" content=\"\u00c9crit par\" \/>\n\t<meta name=\"twitter:data1\" content=\"Start It\" \/>\n\t<meta name=\"twitter:label2\" content=\"Dur\u00e9e de lecture estim\u00e9e\" \/>\n\t<meta name=\"twitter:data2\" content=\"1 minute\" \/>\n<script type=\"application\/ld+json\" class=\"yoast-schema-graph\">{\"@context\":\"https:\/\/schema.org\",\"@graph\":[{\"@type\":\"WebSite\",\"@id\":\"http:\/\/startitkbs.org\/#website\",\"url\":\"http:\/\/startitkbs.org\/\",\"name\":\"Start It\",\"description\":\"Association musicale Bordelaise\",\"potentialAction\":[{\"@type\":\"SearchAction\",\"target\":{\"@type\":\"EntryPoint\",\"urlTemplate\":\"http:\/\/startitkbs.org\/?s={search_term_string}\"},\"query-input\":\"required name=search_term_string\"}],\"inLanguage\":\"fr-FR\"},{\"@type\":\"ImageObject\",\"@id\":\"https:\/\/startitkbs.org\/index.php\/2018\/06\/28\/les-actus-27\/#primaryimage\",\"inLanguage\":\"fr-FR\",\"url\":\"https:\/\/startitkbs.org\/wp-content\/uploads\/2017\/11\/Actu.jpg\",\"contentUrl\":\"https:\/\/startitkbs.org\/wp-content\/uploads\/2017\/11\/Actu.jpg\",\"width\":1440,\"height\":900},{\"@type\":\"WebPage\",\"@id\":\"https:\/\/startitkbs.org\/index.php\/2018\/06\/28\/les-actus-27\/#webpage\",\"url\":\"https:\/\/startitkbs.org\/index.php\/2018\/06\/28\/les-actus-27\/\",\"name\":\"Les actus #27 - Start It\",\"isPartOf\":{\"@id\":\"http:\/\/startitkbs.org\/#website\"},\"primaryImageOfPage\":{\"@id\":\"https:\/\/startitkbs.org\/index.php\/2018\/06\/28\/les-actus-27\/#primaryimage\"},\"datePublished\":\"2018-06-28T10:00:06+00:00\",\"dateModified\":\"2018-07-07T10:45:50+00:00\",\"author\":{\"@id\":\"http:\/\/startitkbs.org\/#\/schema\/person\/e6547bfb2f056b56d41e21a1d4991de7\"},\"breadcrumb\":{\"@id\":\"https:\/\/startitkbs.org\/index.php\/2018\/06\/28\/les-actus-27\/#breadcrumb\"},\"inLanguage\":\"fr-FR\",\"potentialAction\":[{\"@type\":\"ReadAction\",\"target\":[\"https:\/\/startitkbs.org\/index.php\/2018\/06\/28\/les-actus-27\/\"]}]},{\"@type\":\"BreadcrumbList\",\"@id\":\"https:\/\/startitkbs.org\/index.php\/2018\/06\/28\/les-actus-27\/#breadcrumb\",\"itemListElement\":[{\"@type\":\"ListItem\",\"position\":1,\"name\":\"Home\",\"item\":\"http:\/\/startitkbs.org\/\"},{\"@type\":\"ListItem\",\"position\":2,\"name\":\"Les actus #27\"}]},{\"@type\":\"Person\",\"@id\":\"http:\/\/startitkbs.org\/#\/schema\/person\/e6547bfb2f056b56d41e21a1d4991de7\",\"name\":\"Start It\",\"image\":{\"@type\":\"ImageObject\",\"@id\":\"http:\/\/startitkbs.org\/#personlogo\",\"inLanguage\":\"fr-FR\",\"url\":\"https:\/\/secure.gravatar.com\/avatar\/11862acbc548da566658503207ce57f4?s=96&d=mm&r=g\",\"contentUrl\":\"https:\/\/secure.gravatar.com\/avatar\/11862acbc548da566658503207ce57f4?s=96&d=mm&r=g\",\"caption\":\"Start It\"},\"sameAs\":[\"http:\/\/startitkbs.org\/\",\"https:\/\/www.instagram.com\/startit_asso\/\"],\"url\":\"https:\/\/startitkbs.org\/index.php\/author\/start-it\/\"}]}<\/script>\n<!-- \/ Yoast SEO plugin. -->","yoast_head_json":{"title":"Les actus #27 - Start It","robots":{"index":"index","follow":"follow","max-snippet":"max-snippet:-1","max-image-preview":"max-image-preview:large","max-video-preview":"max-video-preview:-1"},"canonical":"https:\/\/startitkbs.org\/index.php\/2018\/06\/28\/les-actus-27\/","og_locale":"fr_FR","og_type":"article","og_title":"Les actus #27 - Start It","og_description":"Start It t\u2019aide \u00e0 affronter la canicule avec une petite dose de news rafra\u00eechissantes. Le label du rappeur XXXTENTACION, a publi\u00e9 le clip du titre \u00a0\u201cSAD!\u201d jeudi, soit 10\u00a0jours apr\u00e8s son assasinat. Dans le clip, on assiste \u00e0 la redemption du rappeur o\u00f9 on le voit combattre son pass\u00e9. Une vid\u00e9o particuli\u00e8rement troublante car \u00e9trangement ... Lire la suite Les actus #27","og_url":"https:\/\/startitkbs.org\/index.php\/2018\/06\/28\/les-actus-27\/","og_site_name":"Start It","article_publisher":"https:\/\/www.facebook.com\/startitkedgebs\/?ref=br_rs","article_published_time":"2018-06-28T10:00:06+00:00","article_modified_time":"2018-07-07T10:45:50+00:00","og_image":[{"width":1440,"height":900,"url":"https:\/\/startitkbs.org\/wp-content\/uploads\/2017\/11\/Actu.jpg","type":"image\/jpeg"}],"twitter_card":"summary_large_image","twitter_misc":{"\u00c9crit par":"Start It","Dur\u00e9e de lecture estim\u00e9e":"1 minute"},"schema":{"@context":"https:\/\/schema.org","@graph":[{"@type":"WebSite","@id":"http:\/\/startitkbs.org\/#website","url":"http:\/\/startitkbs.org\/","name":"Start It","description":"Association musicale Bordelaise","potentialAction":[{"@type":"SearchAction","target":{"@type":"EntryPoint","urlTemplate":"http:\/\/startitkbs.org\/?s={search_term_string}"},"query-input":"required name=search_term_string"}],"inLanguage":"fr-FR"},{"@type":"ImageObject","@id":"https:\/\/startitkbs.org\/index.php\/2018\/06\/28\/les-actus-27\/#primaryimage","inLanguage":"fr-FR","url":"https:\/\/startitkbs.org\/wp-content\/uploads\/2017\/11\/Actu.jpg","contentUrl":"https:\/\/startitkbs.org\/wp-content\/uploads\/2017\/11\/Actu.jpg","width":1440,"height":900},{"@type":"WebPage","@id":"https:\/\/startitkbs.org\/index.php\/2018\/06\/28\/les-actus-27\/#webpage","url":"https:\/\/startitkbs.org\/index.php\/2018\/06\/28\/les-actus-27\/","name":"Les actus #27 - Start It","isPartOf":{"@id":"http:\/\/startitkbs.org\/#website"},"primaryImageOfPage":{"@id":"https:\/\/startitkbs.org\/index.php\/2018\/06\/28\/les-actus-27\/#primaryimage"},"datePublished":"2018-06-28T10:00:06+00:00","dateModified":"2018-07-07T10:45:50+00:00","author":{"@id":"http:\/\/startitkbs.org\/#\/schema\/person\/e6547bfb2f056b56d41e21a1d4991de7"},"breadcrumb":{"@id":"https:\/\/startitkbs.org\/index.php\/2018\/06\/28\/les-actus-27\/#breadcrumb"},"inLanguage":"fr-FR","potentialAction":[{"@type":"ReadAction","target":["https:\/\/startitkbs.org\/index.php\/2018\/06\/28\/les-actus-27\/"]}]},{"@type":"BreadcrumbList","@id":"https:\/\/startitkbs.org\/index.php\/2018\/06\/28\/les-actus-27\/#breadcrumb","itemListElement":[{"@type":"ListItem","position":1,"name":"Home","item":"http:\/\/startitkbs.org\/"},{"@type":"ListItem","position":2,"name":"Les actus #27"}]},{"@type":"Person","@id":"http:\/\/startitkbs.org\/#\/schema\/person\/e6547bfb2f056b56d41e21a1d4991de7","name":"Start It","image":{"@type":"ImageObject","@id":"http:\/\/startitkbs.org\/#personlogo","inLanguage":"fr-FR","url":"https:\/\/secure.gravatar.com\/avatar\/11862acbc548da566658503207ce57f4?s=96&d=mm&r=g","contentUrl":"https:\/\/secure.gravatar.com\/avatar\/11862acbc548da566658503207ce57f4?s=96&d=mm&r=g","caption":"Start It"},"sameAs":["http:\/\/startitkbs.org\/","https:\/\/www.instagram.com\/startit_asso\/"],"url":"https:\/\/startitkbs.org\/index.php\/author\/start-it\/"}]}},"_links":{"self":[{"href":"https:\/\/startitkbs.org\/index.php\/wp-json\/wp\/v2\/posts\/2747"}],"collection":[{"href":"https:\/\/startitkbs.org\/index.php\/wp-json\/wp\/v2\/posts"}],"about":[{"href":"https:\/\/startitkbs.org\/index.php\/wp-json\/wp\/v2\/types\/post"}],"author":[{"embeddable":true,"href":"https:\/\/startitkbs.org\/index.php\/wp-json\/wp\/v2\/users\/2"}],"replies":[{"embeddable":true,"href":"https:\/\/startitkbs.org\/index.php\/wp-json\/wp\/v2\/comments?post=2747"}],"version-history":[{"count":13,"href":"https:\/\/startitkbs.org\/index.php\/wp-json\/wp\/v2\/posts\/2747\/revisions"}],"predecessor-version":[{"id":2765,"href":"https:\/\/startitkbs.org\/index.php\/wp-json\/wp\/v2\/posts\/2747\/revisions\/2765"}],"wp:featuredmedia":[{"embeddable":true,"href":"https:\/\/startitkbs.org\/index.php\/wp-json\/wp\/v2\/media\/1742"}],"wp:attachment":[{"href":"https:\/\/startitkbs.org\/index.php\/wp-json\/wp\/v2\/media?parent=2747"}],"wp:term":[{"taxonomy":"category","embeddable":true,"href":"https:\/\/startitkbs.org\/index.php\/wp-json\/wp\/v2\/categories?post=2747"},{"taxonomy":"post_tag","embeddable":true,"href":"https:\/\/startitkbs.org\/index.php\/wp-json\/wp\/v2\/tags?post=2747"}],"curies":[{"name":"wp","href":"https:\/\/api.w.org\/{rel}","templated":true}]}}