{"id":4603,"date":"2019-03-07T16:54:20","date_gmt":"2019-03-07T15:54:20","guid":{"rendered":"http:\/\/startitkbs.org\/?p=4603"},"modified":"2019-03-07T16:55:02","modified_gmt":"2019-03-07T15:55:02","slug":"interview-la-jimoniere-un-collectif-haut-en-couleur","status":"publish","type":"post","link":"https:\/\/startitkbs.org\/index.php\/2019\/03\/07\/interview-la-jimoniere-un-collectif-haut-en-couleur\/","title":{"rendered":"[Interview] : La Jimoni\u00e8re, un collectif haut en couleur"},"content":{"rendered":"<p>Start It est all\u00e9 \u00e0 la rencontre d\u2019un collectif haut en couleur bien connu des bordelais : La Jimoni\u00e8re.<\/p>\n<p>Nous avons avec nous Jim et Antonin, deux membres fondateurs de l\u2019association. Quand Jim est aux platines, Antonin est derri\u00e8re la cam\u00e9ra pour garder une trace de leurs belles soir\u00e9es. Zoom sur cette asso pas comme les autres.<\/p>\n<hr \/>\n<ul>\n<li><strong>Qu\u2019est-ce que la <em>Jimoni\u00e8re<\/em>, depuis quand existez-vous, quel est votre concept\u00a0?<\/strong><\/li>\n<\/ul>\n<p>Jim\u00a0: La <strong><em>Jimoni\u00e8re\u00a0<\/em><\/strong>existe depuis trois ans, on organise des soir\u00e9es sur Bordeaux au cours desquelles on donne une grande importance \u00e0 la sc\u00e9no. On essaie de faire jouer pas mal d\u2019artistes issus de la sc\u00e8ne bordelaise. Au tout d\u00e9but nous \u00e9tions 10, depuis on s\u2019est un peu dispers\u00e9s entre les \u00e9tudes sur Paris et ceux qui sont partis vivre \u00e0 l\u2019\u00e9tranger (d\u00e9dicace Kam et Raph). Maintenant il y a un noyau de cinq personnes avec Antonin, Jim, Fran\u00e7ois (Valmont), Adrien et Sarah. On a commenc\u00e9 par faire des soir\u00e9es en appartements bien d\u00e9cor\u00e9s, puis on est pass\u00e9s dans des bars comme <strong><em>la Tencha\u00a0<\/em><\/strong>ou <strong><em>l\u2019Antidote<\/em><\/strong>.<\/p>\n<p>Anto\u00a0: On ne se d\u00e9finit pas simplement comme une asso qui organise des soir\u00e9es, on essaie de d\u00e9velopper un concept sur un th\u00e8me en particulier, \u00e0 base de mapping, de VJing, on fait appel \u00e0 des groupes de musique mais aussi \u00e0 des danseurs ou d\u2019autres types d\u2019artistes\/performers. M\u00eame si on n\u2019est officiellement plus que cinq il y a toujours les copains qui \u00e9taient d\u00e9j\u00e0 l\u00e0 au d\u00e9but qui viennent nous aider.<\/p>\n<ul>\n<li><strong>Alors ils ressemblent \u00e0 quoi vos \u00e9v\u00e8nements ? <\/strong><\/li>\n<\/ul>\n<p>Anto\u00a0: Par exemple une de nos derni\u00e8res soir\u00e9es a eu lieu \u00e0 La Voute, c\u2019\u00e9tait la <em>Jimocul<\/em>. Comme il est facile de le deviner le th\u00e8me \u00e9tait \u00ab\u00a0cul\u00a0\u00bb. On a fait un partenariat avec les imprim\u00e9s coquins, on a invit\u00e9 l\u2019artiste <strong>Aya<\/strong>, (musicienne \u00e9lectro qui chante), <strong>Coco Lala<\/strong>, qui nous a fait un superbe show d\u2019effeuillage et les <strong>Dolla Dolls<\/strong>, une troupe de danseurs queer.<\/p>\n<p><img loading=\"lazy\" class=\"aligncenter wp-image-4620\" src=\"http:\/\/startitkbs.org\/wp-content\/uploads\/2019\/03\/jimo.png\" alt=\"\" width=\"652\" height=\"812\" \/><\/p>\n<ul>\n<li><strong>Comment vous trouvez ces intervenants\u00a0? <\/strong><\/li>\n<\/ul>\n<p>Jim\u00a0: Par le r\u00e9seau, les potes, et puis on cherche aussi de notre c\u00f4t\u00e9 des artistes qui font des choses originales.<\/p>\n<ul>\n<li><strong>Comment vous \u00e9laborez les th\u00e8mes de vos soir\u00e9es\u00a0? <\/strong><\/li>\n<\/ul>\n<p>Jim\u00a0: Pour la <em>Jimocul\u00a0<\/em>on voulait faire ce th\u00e8me depuis un moment, et \u00e0 terme on voudrait que ce soit une soir\u00e9e qui revienne assez souvent. Apr\u00e8s on essaie de cr\u00e9er des soir\u00e9es auxquelles on aimerait participer nous-m\u00eame. On aime bien le th\u00e8me de la jungle parce que c\u2019est l\u2019un des premiers qu\u2019on a faits et qui repr\u00e9sente notre \u00e9tat d\u2019esprit.<\/p>\n<ul>\n<li><strong>On remarque que vous avez atteint un nouveau level depuis environ un an, comment vous l\u2019expliquez ? <\/strong><\/li>\n<\/ul>\n<p>Jim\u00a0: Notre r\u00e9seau a pu aider \u00e0 ce d\u00e9collage, on est assez proches de la Rock School par exemple. En trois ans on a pu acqu\u00e9rir pas mal de mat\u00e9riel de sc\u00e9nographie, et on peut organiser nos soir\u00e9es de A \u00e0 Z par nous-m\u00eame. C\u2019est arriv\u00e9 pas mal de fois qu\u2019on intervienne sur d\u2019autres soir\u00e9es pour r\u00e9aliser uniquement la sc\u00e9nographie. Aujourd\u2019hui on peut tout faire, de la d\u00e9co \u00e0 la programmation.<\/p>\n<p>Anto\u00a0: On a mis un peu de temps \u00e0 pouvoir \u00eatre autonomes sur la programmation parce que la majorit\u00e9 de notre budget \u00e9tait utilis\u00e9 pour la sc\u00e9nographie, qui co\u00fbte assez cher parce que m\u00eame si on r\u00e9utilise du matos il faut souvent le r\u00e9parer ou le renouveler.<\/p>\n<p>Jim\u00a0: On bricole pas mal, on a construit une borne d\u2019arcade qui est souvent l\u00e0 \u00e0 nos soir\u00e9es par exemple. On est assez fiers car on a pu faire notre premi\u00e8re vraie soir\u00e9e en club \u00e0 l\u2019<em><strong>IBOAT<\/strong><\/em> il y quelques semaines et \u00e7a s\u2019est vraiment bien pass\u00e9.<\/p>\n<ul>\n<li><strong>Comment vous est venue l\u2019id\u00e9e de mettre l\u2019accent sur la sc\u00e9no\u00a0? <\/strong><\/li>\n<\/ul>\n<p>Anto\u00a0: Lorsqu\u2019on \u00e9tait en appart on aimait bien les transformer, leur donner un tout autre aspect pour vraiment plonger les gens dans l\u2019ambiance de la soir\u00e9e. Par la suite on s\u2019est pas mal inspir\u00e9s de ce qui pouvait se faire \u00e0 l\u2019\u00e9tranger, comme \u00e0 Amsterdam ou \u00e0 Barcelone par exemple, o\u00f9 les soir\u00e9es sont souvent beaucoup plus immersives qu\u2019en France.<\/p>\n<ul>\n<li><strong>O\u00f9 trouvez-vous toute cette sc\u00e9no\u00a0? <\/strong><\/li>\n<\/ul>\n<p>Jim\u00a0: On chine \u00e0 droite \u00e0 gauche, on fait des vides-maisons, de la r\u00e9cup, Emma\u00fcs est notre magasin pr\u00e9f\u00e9r\u00e9, et puis \u00e0 force on s\u2019est cr\u00e9\u00e9 un petit r\u00e9seau de fournisseurs.<\/p>\n<p>Anto\u00a0: Ah \u00e7a oui, on fait marcher les petits commer\u00e7ants de d\u00e9guisements bordelais.<\/p>\n<ul>\n<li><strong>En parlant de vie nocturne, quel est votre avis sur les soir\u00e9es bordelaises qui existent actuellement ?<\/strong><\/li>\n<\/ul>\n<p>Jim\u00a0: Y\u2019a du bon et du mauvais, comme toujours, mais on remarque que ces derniers temps de plus en plus de collectifs essaient de proposer des soir\u00e9es qui sortent de l\u2019ordinaire. Les Open Air marchent pas mal en \u00e9t\u00e9, mais bon ce n\u2019est pas pour rien que Bordeaux s\u2019appelle \u00ab\u00a0la Belle Endormie\u00a0\u00bb \u2026 Avec la Jimoni\u00e8re on a une vraie volont\u00e9 de faire partie de la vague qui est en train d\u2019essayer de r\u00e9veiller la ville de ce sommeil de plomb.<\/p>\n<p>Anto\u00a0: C\u2019est s\u00fbr que sur Bordeaux c\u2019est une vraie probl\u00e9matique de proposer des soir\u00e9es. Il y a un vrai manque de lieu, et peu de choix en termes de clubs. Si on compare avec Toulouse par exemple, il y a le Bikini qui a un super syst\u00e8me son et une jauge plus adapt\u00e9e \u00e0 recevoir des grosses t\u00eates d\u2019affiche. Ici les lieux sont plus petits en termes de capacit\u00e9, donc forc\u00e9ment il est plus difficile de ramener les gros noms. D\u2019o\u00f9 le fait que pas mal de soir\u00e9es soient organis\u00e9es en semaine pour obtenir les artistes \u00e0 moindre co\u00fbt.<br \/>\nMalgr\u00e9 tout \u00e7a la vie nocturne \u00e9volue dans le bon sens\u00a0!<\/p>\n<ul>\n<li><strong>C\u2019est vrai qu\u2019il y a de plus en plus de collectifs sur Bordeaux, mais vous \u00eates les seuls \u00e0 proposer des soir\u00e9es aussi hautes en couleurs. C\u2019est un point d\u2019orgue que vous mettez \u00e0 chaque soir\u00e9e d\u2019aller \u00e0 fond dans le th\u00e8me et l\u2019esprit de la soir\u00e9e\u00a0?<\/strong><\/li>\n<\/ul>\n<p>Jim\u00a0: L\u2019asso s\u2019est cr\u00e9\u00e9e un lendemain de soir\u00e9e o\u00f9 les hommes \u00e9taient habill\u00e9s en femme et vice versa, \u00e7a nous a vraiment donn\u00e9 envie de jouer sur les l\u2019incarnation du th\u00e8me de nos soir\u00e9es<em>. <\/em>On a cr\u00e9\u00e9 les personnages DJs de Jimon et Valmont, on se d\u00e9guise \u00e0 chaque soir\u00e9e, on aime faire la f\u00eate et ne pas se prendre la t\u00eate. C\u2019est important pour nous que l\u2019aspect visuel soit bien travaill\u00e9.<\/p>\n<p><img loading=\"lazy\" class=\"aligncenter size-full wp-image-4614\" src=\"http:\/\/startitkbs.org\/wp-content\/uploads\/2019\/03\/Sans-titred.png\" alt=\"\" width=\"943\" height=\"704\" srcset=\"https:\/\/startitkbs.org\/wp-content\/uploads\/2019\/03\/Sans-titred.png 943w, https:\/\/startitkbs.org\/wp-content\/uploads\/2019\/03\/Sans-titred-300x224.png 300w, https:\/\/startitkbs.org\/wp-content\/uploads\/2019\/03\/Sans-titred-768x573.png 768w, https:\/\/startitkbs.org\/wp-content\/uploads\/2019\/03\/Sans-titred-552x412.png 552w\" sizes=\"(max-width: 943px) 100vw, 943px\" \/><\/p>\n<ul>\n<li><strong>D\u2019un point de vue plus global, que pensez-vous du fait qu\u2019aujourd\u2019hui les soir\u00e9es soient de plus en plus immersives, les concerts presque en 4D, avec des lightshows, des mappings, des animations dans tous les sens ? <\/strong><\/li>\n<\/ul>\n<p>Jim\u00a0: Je pense que \u00e7a va ensemble, aujourd\u2019hui il y a \u00e9norm\u00e9ment de DJs et de collectifs, alors pour se d\u00e9marquer on aime allier le son avec le visuel. On ne pense pas r\u00e9volutionner le milieu on s\u2019inspire surtout de ce qu\u2019on aime.<\/p>\n<p>Anto\u00a0: Sur Bordeaux, comme il existe peu de lieux diff\u00e9rents, le fait de transformer compl\u00e8tement un endroit, \u00e7a permet de rendre la soir\u00e9e beaucoup plus attractive et de surprendre les gens dans leurs habitudes. On aime jouer l\u00e0-dessus.<\/p>\n<ul>\n<li><strong>Est-ce que \u00e7a voudrait dire que les artistes ne sont plus vraiment capables de ramener les gens seulement pour leur musique et qu\u2019il faut toujours \u00eatre distrait pour passer une bonne soir\u00e9e\u00a0? <\/strong><\/li>\n<\/ul>\n<p>Anto\u00a0: Bien s\u00fbr, un tr\u00e8s bon DJ va toujours ramener du monde et te faire danser jusqu\u2019au bout de la nuit, mais c\u2019est s\u00fbr que si la sc\u00e9no est travaill\u00e9e \u00e7a constitue un vrai plus. Je ne pense pas que \u00e7a mette la musique au second pan, au contraire, \u00e7a la pousse encore plus loin.<\/p>\n<p>Certains prennent des psychotropes pour vivre de nouvelles exp\u00e9riences, et bien nous on essaie de le faire via la sc\u00e9nographie et des visuels travaill\u00e9s. On veut aider le spectateur \u00e0 rentrer dans la soir\u00e9e, \u00e0 se l\u00e2cher sur la piste.<\/p>\n<ul>\n<li><strong>Votre derni\u00e8re soir\u00e9e a super bien march\u00e9, vous pourriez nous d\u00e9voiler votre recette secr\u00e8te\u00a0? <\/strong><\/li>\n<\/ul>\n<p>Anto\u00a0: Tout d\u2019abord on a pu avoir une super t\u00eate d\u2019affiche (<strong>Bwi-Bwi<\/strong>), qui est du m\u00eame label que <strong>Khalk<\/strong>qu\u2019on avait fait venir \u00e0 une soir\u00e9e avec <strong>Kiddy Smile<\/strong>. Au niveau local on a programm\u00e9 <strong>Noke\u00a0<\/strong>et <strong>Obsimo<\/strong>, qui pour moi avant d\u2019\u00eatre des amis, sont l\u2019avenir de la sc\u00e8ne electro bordelaise. Puis les <strong>Dolla Dolls\u00a0<\/strong>sont revenu assurer le show\u00a0!<\/p>\n<p>Jim\u00a0: C\u2019est le th\u00e8me jungle o\u00f9 on sait qu\u2019on peut vraiment se l\u00e2cher et aller loin, avec cette fois un jeu de lumi\u00e8re noir. On a offert pleins de masques d\u2019animaux et de bou\u00e9es gonflables, les gens ont pu repartir avec leur petit souvenir de la Jimon\u00e8re\u00a0!<\/p>\n<p><img loading=\"lazy\" class=\"aligncenter size-full wp-image-4615\" src=\"http:\/\/startitkbs.org\/wp-content\/uploads\/2019\/03\/Sans-titree.png\" alt=\"\" width=\"943\" height=\"910\" srcset=\"https:\/\/startitkbs.org\/wp-content\/uploads\/2019\/03\/Sans-titree.png 943w, https:\/\/startitkbs.org\/wp-content\/uploads\/2019\/03\/Sans-titree-300x290.png 300w, https:\/\/startitkbs.org\/wp-content\/uploads\/2019\/03\/Sans-titree-768x741.png 768w, https:\/\/startitkbs.org\/wp-content\/uploads\/2019\/03\/Sans-titree-552x533.png 552w\" sizes=\"(max-width: 943px) 100vw, 943px\" \/><\/p>\n<ul>\n<li><strong>Vous avez d\u2019autres projets sur le long terme\u00a0? <\/strong><\/li>\n<\/ul>\n<p>Anto\u00a0: C\u2019est un peu comme le permis, tant que rien n\u2019est s\u00fbr on ne veut pas trop en parler <em>(rires).<\/em>Mais on aime beaucoup les festivals, on a d\u00e9j\u00e0 pu faire l\u2019<strong><em>Effet Papillon <\/em><\/strong>o\u00f9 on a pu investir tout un lieu. C\u2019\u00e9tait ouf, on aimerait vraiment continuer \u00e0 faire ce genre de choses.<\/p>\n<p>Jim\u00a0: Notre ambition pour 2019 c\u2019est de faire un peu moins de dates mais d\u2019aller encore plus loin dans les th\u00e8mes, de pousser la sc\u00e9no \u00e0 son apog\u00e9e, de travailler sur la programmation pour proposer quelque chose de super qualitatif sur tous les aspects\u00a0!<\/p>\n<p><em><strong>Jos\u00e9phine<\/strong><\/em><\/p>\n","protected":false},"excerpt":{"rendered":"<p>Start It est all\u00e9 \u00e0 la rencontre d\u2019un collectif haut en couleur bien connu des bordelais : La Jimoni\u00e8re. Nous avons avec nous Jim et Antonin, deux membres fondateurs de l\u2019association. Quand Jim est aux platines, Antonin est derri\u00e8re la cam\u00e9ra pour garder une trace de leurs belles soir\u00e9es. Zoom sur cette asso pas comme &#8230; <a title=\"[Interview] : La Jimoni\u00e8re, un collectif haut en couleur\" class=\"read-more\" href=\"https:\/\/startitkbs.org\/index.php\/2019\/03\/07\/interview-la-jimoniere-un-collectif-haut-en-couleur\/\">Lire la suite <span class=\"screen-reader-text\">[Interview] : La Jimoni\u00e8re, un collectif haut en couleur<\/span><\/a><\/p>\n","protected":false},"author":2,"featured_media":4618,"comment_status":"open","ping_status":"open","sticky":false,"template":"","format":"standard","meta":{"_mi_skip_tracking":false,"cybocfi_hide_featured_image":""},"categories":[386],"tags":[],"yoast_head":"<!-- This site is optimized with the Yoast SEO plugin v18.0 - https:\/\/yoast.com\/wordpress\/plugins\/seo\/ -->\n<title>[Interview] : La Jimoni\u00e8re, un collectif haut en couleur - Start It<\/title>\n<meta name=\"robots\" content=\"index, follow, max-snippet:-1, max-image-preview:large, max-video-preview:-1\" \/>\n<link rel=\"canonical\" href=\"http:\/\/startitkbs.org\/index.php\/2019\/03\/07\/interview-la-jimoniere-un-collectif-haut-en-couleur\/\" \/>\n<meta property=\"og:locale\" content=\"fr_FR\" \/>\n<meta property=\"og:type\" content=\"article\" \/>\n<meta property=\"og:title\" content=\"[Interview] : La Jimoni\u00e8re, un collectif haut en couleur - Start It\" \/>\n<meta property=\"og:description\" content=\"Start It est all\u00e9 \u00e0 la rencontre d\u2019un collectif haut en couleur bien connu des bordelais : La Jimoni\u00e8re. Nous avons avec nous Jim et Antonin, deux membres fondateurs de l\u2019association. Quand Jim est aux platines, Antonin est derri\u00e8re la cam\u00e9ra pour garder une trace de leurs belles soir\u00e9es. Zoom sur cette asso pas comme ... Lire la suite [Interview] : La Jimoni\u00e8re, un collectif haut en couleur\" \/>\n<meta property=\"og:url\" content=\"http:\/\/startitkbs.org\/index.php\/2019\/03\/07\/interview-la-jimoniere-un-collectif-haut-en-couleur\/\" \/>\n<meta property=\"og:site_name\" content=\"Start It\" \/>\n<meta property=\"article:publisher\" content=\"https:\/\/www.facebook.com\/startitkedgebs\/?ref=br_rs\" \/>\n<meta property=\"article:published_time\" content=\"2019-03-07T15:54:20+00:00\" \/>\n<meta property=\"article:modified_time\" content=\"2019-03-07T15:55:02+00:00\" \/>\n<meta property=\"og:image\" content=\"http:\/\/startitkbs.org\/wp-content\/uploads\/2019\/03\/jimoni\u00e8re2-1.png\" \/>\n\t<meta property=\"og:image:width\" content=\"1175\" \/>\n\t<meta property=\"og:image:height\" content=\"627\" \/>\n\t<meta property=\"og:image:type\" content=\"image\/png\" \/>\n<meta name=\"twitter:card\" content=\"summary_large_image\" \/>\n<meta name=\"twitter:label1\" content=\"\u00c9crit par\" \/>\n\t<meta name=\"twitter:data1\" content=\"Start It\" \/>\n\t<meta name=\"twitter:label2\" content=\"Dur\u00e9e de lecture estim\u00e9e\" \/>\n\t<meta name=\"twitter:data2\" content=\"8 minutes\" \/>\n<script type=\"application\/ld+json\" class=\"yoast-schema-graph\">{\"@context\":\"https:\/\/schema.org\",\"@graph\":[{\"@type\":\"WebSite\",\"@id\":\"http:\/\/startitkbs.org\/#website\",\"url\":\"http:\/\/startitkbs.org\/\",\"name\":\"Start It\",\"description\":\"Association musicale Bordelaise\",\"potentialAction\":[{\"@type\":\"SearchAction\",\"target\":{\"@type\":\"EntryPoint\",\"urlTemplate\":\"http:\/\/startitkbs.org\/?s={search_term_string}\"},\"query-input\":\"required name=search_term_string\"}],\"inLanguage\":\"fr-FR\"},{\"@type\":\"ImageObject\",\"@id\":\"http:\/\/startitkbs.org\/index.php\/2019\/03\/07\/interview-la-jimoniere-un-collectif-haut-en-couleur\/#primaryimage\",\"inLanguage\":\"fr-FR\",\"url\":\"https:\/\/startitkbs.org\/wp-content\/uploads\/2019\/03\/jimoni\u00e8re2-1.png\",\"contentUrl\":\"https:\/\/startitkbs.org\/wp-content\/uploads\/2019\/03\/jimoni\u00e8re2-1.png\",\"width\":1175,\"height\":627},{\"@type\":\"WebPage\",\"@id\":\"http:\/\/startitkbs.org\/index.php\/2019\/03\/07\/interview-la-jimoniere-un-collectif-haut-en-couleur\/#webpage\",\"url\":\"http:\/\/startitkbs.org\/index.php\/2019\/03\/07\/interview-la-jimoniere-un-collectif-haut-en-couleur\/\",\"name\":\"[Interview] : La Jimoni\u00e8re, un collectif haut en couleur - Start It\",\"isPartOf\":{\"@id\":\"http:\/\/startitkbs.org\/#website\"},\"primaryImageOfPage\":{\"@id\":\"http:\/\/startitkbs.org\/index.php\/2019\/03\/07\/interview-la-jimoniere-un-collectif-haut-en-couleur\/#primaryimage\"},\"datePublished\":\"2019-03-07T15:54:20+00:00\",\"dateModified\":\"2019-03-07T15:55:02+00:00\",\"author\":{\"@id\":\"http:\/\/startitkbs.org\/#\/schema\/person\/e6547bfb2f056b56d41e21a1d4991de7\"},\"breadcrumb\":{\"@id\":\"http:\/\/startitkbs.org\/index.php\/2019\/03\/07\/interview-la-jimoniere-un-collectif-haut-en-couleur\/#breadcrumb\"},\"inLanguage\":\"fr-FR\",\"potentialAction\":[{\"@type\":\"ReadAction\",\"target\":[\"http:\/\/startitkbs.org\/index.php\/2019\/03\/07\/interview-la-jimoniere-un-collectif-haut-en-couleur\/\"]}]},{\"@type\":\"BreadcrumbList\",\"@id\":\"http:\/\/startitkbs.org\/index.php\/2019\/03\/07\/interview-la-jimoniere-un-collectif-haut-en-couleur\/#breadcrumb\",\"itemListElement\":[{\"@type\":\"ListItem\",\"position\":1,\"name\":\"Home\",\"item\":\"http:\/\/startitkbs.org\/\"},{\"@type\":\"ListItem\",\"position\":2,\"name\":\"[Interview] : La Jimoni\u00e8re, un collectif haut en couleur\"}]},{\"@type\":\"Person\",\"@id\":\"http:\/\/startitkbs.org\/#\/schema\/person\/e6547bfb2f056b56d41e21a1d4991de7\",\"name\":\"Start It\",\"image\":{\"@type\":\"ImageObject\",\"@id\":\"http:\/\/startitkbs.org\/#personlogo\",\"inLanguage\":\"fr-FR\",\"url\":\"https:\/\/secure.gravatar.com\/avatar\/11862acbc548da566658503207ce57f4?s=96&d=mm&r=g\",\"contentUrl\":\"https:\/\/secure.gravatar.com\/avatar\/11862acbc548da566658503207ce57f4?s=96&d=mm&r=g\",\"caption\":\"Start It\"},\"sameAs\":[\"http:\/\/startitkbs.org\/\",\"https:\/\/www.instagram.com\/startit_asso\/\"],\"url\":\"https:\/\/startitkbs.org\/index.php\/author\/start-it\/\"}]}<\/script>\n<!-- \/ Yoast SEO plugin. -->","yoast_head_json":{"title":"[Interview] : La Jimoni\u00e8re, un collectif haut en couleur - Start It","robots":{"index":"index","follow":"follow","max-snippet":"max-snippet:-1","max-image-preview":"max-image-preview:large","max-video-preview":"max-video-preview:-1"},"canonical":"http:\/\/startitkbs.org\/index.php\/2019\/03\/07\/interview-la-jimoniere-un-collectif-haut-en-couleur\/","og_locale":"fr_FR","og_type":"article","og_title":"[Interview] : La Jimoni\u00e8re, un collectif haut en couleur - Start It","og_description":"Start It est all\u00e9 \u00e0 la rencontre d\u2019un collectif haut en couleur bien connu des bordelais : La Jimoni\u00e8re. Nous avons avec nous Jim et Antonin, deux membres fondateurs de l\u2019association. Quand Jim est aux platines, Antonin est derri\u00e8re la cam\u00e9ra pour garder une trace de leurs belles soir\u00e9es. Zoom sur cette asso pas comme ... Lire la suite [Interview] : La Jimoni\u00e8re, un collectif haut en couleur","og_url":"http:\/\/startitkbs.org\/index.php\/2019\/03\/07\/interview-la-jimoniere-un-collectif-haut-en-couleur\/","og_site_name":"Start It","article_publisher":"https:\/\/www.facebook.com\/startitkedgebs\/?ref=br_rs","article_published_time":"2019-03-07T15:54:20+00:00","article_modified_time":"2019-03-07T15:55:02+00:00","og_image":[{"width":1175,"height":627,"url":"http:\/\/startitkbs.org\/wp-content\/uploads\/2019\/03\/jimoni\u00e8re2-1.png","type":"image\/png"}],"twitter_card":"summary_large_image","twitter_misc":{"\u00c9crit par":"Start It","Dur\u00e9e de lecture estim\u00e9e":"8 minutes"},"schema":{"@context":"https:\/\/schema.org","@graph":[{"@type":"WebSite","@id":"http:\/\/startitkbs.org\/#website","url":"http:\/\/startitkbs.org\/","name":"Start It","description":"Association musicale Bordelaise","potentialAction":[{"@type":"SearchAction","target":{"@type":"EntryPoint","urlTemplate":"http:\/\/startitkbs.org\/?s={search_term_string}"},"query-input":"required name=search_term_string"}],"inLanguage":"fr-FR"},{"@type":"ImageObject","@id":"http:\/\/startitkbs.org\/index.php\/2019\/03\/07\/interview-la-jimoniere-un-collectif-haut-en-couleur\/#primaryimage","inLanguage":"fr-FR","url":"https:\/\/startitkbs.org\/wp-content\/uploads\/2019\/03\/jimoni\u00e8re2-1.png","contentUrl":"https:\/\/startitkbs.org\/wp-content\/uploads\/2019\/03\/jimoni\u00e8re2-1.png","width":1175,"height":627},{"@type":"WebPage","@id":"http:\/\/startitkbs.org\/index.php\/2019\/03\/07\/interview-la-jimoniere-un-collectif-haut-en-couleur\/#webpage","url":"http:\/\/startitkbs.org\/index.php\/2019\/03\/07\/interview-la-jimoniere-un-collectif-haut-en-couleur\/","name":"[Interview] : La Jimoni\u00e8re, un collectif haut en couleur - Start It","isPartOf":{"@id":"http:\/\/startitkbs.org\/#website"},"primaryImageOfPage":{"@id":"http:\/\/startitkbs.org\/index.php\/2019\/03\/07\/interview-la-jimoniere-un-collectif-haut-en-couleur\/#primaryimage"},"datePublished":"2019-03-07T15:54:20+00:00","dateModified":"2019-03-07T15:55:02+00:00","author":{"@id":"http:\/\/startitkbs.org\/#\/schema\/person\/e6547bfb2f056b56d41e21a1d4991de7"},"breadcrumb":{"@id":"http:\/\/startitkbs.org\/index.php\/2019\/03\/07\/interview-la-jimoniere-un-collectif-haut-en-couleur\/#breadcrumb"},"inLanguage":"fr-FR","potentialAction":[{"@type":"ReadAction","target":["http:\/\/startitkbs.org\/index.php\/2019\/03\/07\/interview-la-jimoniere-un-collectif-haut-en-couleur\/"]}]},{"@type":"BreadcrumbList","@id":"http:\/\/startitkbs.org\/index.php\/2019\/03\/07\/interview-la-jimoniere-un-collectif-haut-en-couleur\/#breadcrumb","itemListElement":[{"@type":"ListItem","position":1,"name":"Home","item":"http:\/\/startitkbs.org\/"},{"@type":"ListItem","position":2,"name":"[Interview] : La Jimoni\u00e8re, un collectif haut en couleur"}]},{"@type":"Person","@id":"http:\/\/startitkbs.org\/#\/schema\/person\/e6547bfb2f056b56d41e21a1d4991de7","name":"Start It","image":{"@type":"ImageObject","@id":"http:\/\/startitkbs.org\/#personlogo","inLanguage":"fr-FR","url":"https:\/\/secure.gravatar.com\/avatar\/11862acbc548da566658503207ce57f4?s=96&d=mm&r=g","contentUrl":"https:\/\/secure.gravatar.com\/avatar\/11862acbc548da566658503207ce57f4?s=96&d=mm&r=g","caption":"Start It"},"sameAs":["http:\/\/startitkbs.org\/","https:\/\/www.instagram.com\/startit_asso\/"],"url":"https:\/\/startitkbs.org\/index.php\/author\/start-it\/"}]}},"_links":{"self":[{"href":"https:\/\/startitkbs.org\/index.php\/wp-json\/wp\/v2\/posts\/4603"}],"collection":[{"href":"https:\/\/startitkbs.org\/index.php\/wp-json\/wp\/v2\/posts"}],"about":[{"href":"https:\/\/startitkbs.org\/index.php\/wp-json\/wp\/v2\/types\/post"}],"author":[{"embeddable":true,"href":"https:\/\/startitkbs.org\/index.php\/wp-json\/wp\/v2\/users\/2"}],"replies":[{"embeddable":true,"href":"https:\/\/startitkbs.org\/index.php\/wp-json\/wp\/v2\/comments?post=4603"}],"version-history":[{"count":8,"href":"https:\/\/startitkbs.org\/index.php\/wp-json\/wp\/v2\/posts\/4603\/revisions"}],"predecessor-version":[{"id":4623,"href":"https:\/\/startitkbs.org\/index.php\/wp-json\/wp\/v2\/posts\/4603\/revisions\/4623"}],"wp:featuredmedia":[{"embeddable":true,"href":"https:\/\/startitkbs.org\/index.php\/wp-json\/wp\/v2\/media\/4618"}],"wp:attachment":[{"href":"https:\/\/startitkbs.org\/index.php\/wp-json\/wp\/v2\/media?parent=4603"}],"wp:term":[{"taxonomy":"category","embeddable":true,"href":"https:\/\/startitkbs.org\/index.php\/wp-json\/wp\/v2\/categories?post=4603"},{"taxonomy":"post_tag","embeddable":true,"href":"https:\/\/startitkbs.org\/index.php\/wp-json\/wp\/v2\/tags?post=4603"}],"curies":[{"name":"wp","href":"https:\/\/api.w.org\/{rel}","templated":true}]}}