{"id":7541,"date":"2020-02-10T12:26:14","date_gmt":"2020-02-10T11:26:14","guid":{"rendered":"http:\/\/startitkbs.org\/?p=7541"},"modified":"2020-02-10T12:26:15","modified_gmt":"2020-02-10T11:26:15","slug":"le-rolling-loud-festival-une-premiere-pour-leurope","status":"publish","type":"post","link":"https:\/\/startitkbs.org\/index.php\/2020\/02\/10\/le-rolling-loud-festival-une-premiere-pour-leurope\/","title":{"rendered":"Le Rolling Loud Festival : Une premi\u00e8re pour l&#8217;Europe"},"content":{"rendered":"\n<p><em>Cinq ans apr\u00e8s sa cr\u00e9ation, le Rolling\u00a0Loud\u00a0Festival\u00a0a\u00a0d\u00e9cid\u00e9 de changer d\u2019horizon.\u00a0En\u00a0effet, apr\u00e8s cinq dates aux Etats-Unis, les organisateurs du festival ont\u00a0d\u00e9cid\u00e9\u00a0de s\u2019installer du 8 au 10 juillet 2020 au Portugal, plus\u00a0pr\u00e9cis\u00e9ment\u00a0sur la plage de\u00a0Praia\u00a0de Rocha, dans la commune de\u00a0Portim\u00e3o.<\/em><\/p>\n\n\n\n<figure class=\"wp-block-image\"><img loading=\"lazy\" width=\"1024\" height=\"578\" src=\"http:\/\/startitkbs.org\/wp-content\/uploads\/2020\/02\/praia-da-rocha-portimao-1024x578.jpg\" alt=\"\" class=\"wp-image-7543\" srcset=\"https:\/\/startitkbs.org\/wp-content\/uploads\/2020\/02\/praia-da-rocha-portimao-1024x578.jpg 1024w, https:\/\/startitkbs.org\/wp-content\/uploads\/2020\/02\/praia-da-rocha-portimao-300x169.jpg 300w, https:\/\/startitkbs.org\/wp-content\/uploads\/2020\/02\/praia-da-rocha-portimao-768x433.jpg 768w, https:\/\/startitkbs.org\/wp-content\/uploads\/2020\/02\/praia-da-rocha-portimao.jpg 1500w\" sizes=\"(max-width: 1024px) 100vw, 1024px\" \/><\/figure>\n\n\n\n<p>Ce festival est devenu incontournable, Miami \u00e0 l\u2019origine puis&nbsp;Los&nbsp;Angeles,&nbsp;New York&nbsp;et d\u2019autres lieux n\u2019ont pas laiss\u00e9s indiff\u00e9rents les&nbsp;Am\u00e9ricains&nbsp;et les amoureux de rap US venus du monde entier.&nbsp;<\/p>\n\n\n\n<p>Cette premi\u00e8re date hors des Etats-Unis a tr\u00e8s certainement pour but de se rapprocher de leur communaut\u00e9 europ\u00e9enne.\u00a0En effet, tout le monde ne pouvait pas s\u2019offrir ce plaisir, mais cette fois, la donne a chang\u00e9 et c\u2019est aux Am\u00e9ricains de venir d\u00e9couvrir le charme europ\u00e9en.\u00a0<\/p>\n\n\n\n<p>De plus, le fait que le festival se d\u00e9roule sur une plage ne peut qu\u2019\u00eatre un plus pour les festivaliers.&nbsp;Le soleil, la mer, le sable blanc et du rap\u2026<\/p>\n\n\n\n<figure class=\"wp-block-image\"><img loading=\"lazy\" width=\"512\" height=\"342\" src=\"http:\/\/startitkbs.org\/wp-content\/uploads\/2020\/02\/unnamed.jpg\" alt=\"\" class=\"wp-image-7544\" srcset=\"https:\/\/startitkbs.org\/wp-content\/uploads\/2020\/02\/unnamed.jpg 512w, https:\/\/startitkbs.org\/wp-content\/uploads\/2020\/02\/unnamed-300x200.jpg 300w\" sizes=\"(max-width: 512px) 100vw, 512px\" \/><\/figure>\n\n\n\n<p>Mais ce n\u2019est pas tout, les organisateurs du Rolling Loud Festival avaient d\u00e9j\u00e0 su comment plaire en invitant \u00e0 leurs \u00e9v\u00e9nements <strong>Travis Scott, Young Thug, Kendrick Lamar, Migos Cardi B, Lil Uzi Vert, Gunna, Post Malone<\/strong> et encore d\u2019autres noms \u00e0 vous faire tomber par terre.\u00a0<\/p>\n\n\n\n<p>Mais pour cette programmation de ces trois jours de festival, ils ont voulu vous faire plaisir\u00a0puisqu&#8217;elle est juste MAGNIFIQUE et tous les fans de rap US ne devraient pas h\u00e9siter une seule seconde \u00e0 prendre leurs billets\u00a0(sous r\u00e9serve de fonds car les prix des billets varient tout de m\u00eame de 260\u20ac \u00e0 320\u20ac pour les trois jours).<\/p>\n\n\n\n<figure class=\"wp-block-image\"><img loading=\"lazy\" width=\"1024\" height=\"684\" src=\"http:\/\/startitkbs.org\/wp-content\/uploads\/2020\/02\/https___bucketeer-e05bbc84-baa3-437e-9518-adb32be77984.s3.amazonaws.com_public_images_a3e6b90c-6d61-4e05-a542-b7747a0c05d3_1600x1068-1024x684.jpeg\" alt=\"\" class=\"wp-image-7546\" srcset=\"https:\/\/startitkbs.org\/wp-content\/uploads\/2020\/02\/https___bucketeer-e05bbc84-baa3-437e-9518-adb32be77984.s3.amazonaws.com_public_images_a3e6b90c-6d61-4e05-a542-b7747a0c05d3_1600x1068-1024x684.jpeg 1024w, https:\/\/startitkbs.org\/wp-content\/uploads\/2020\/02\/https___bucketeer-e05bbc84-baa3-437e-9518-adb32be77984.s3.amazonaws.com_public_images_a3e6b90c-6d61-4e05-a542-b7747a0c05d3_1600x1068-300x200.jpeg 300w, https:\/\/startitkbs.org\/wp-content\/uploads\/2020\/02\/https___bucketeer-e05bbc84-baa3-437e-9518-adb32be77984.s3.amazonaws.com_public_images_a3e6b90c-6d61-4e05-a542-b7747a0c05d3_1600x1068-768x513.jpeg 768w, https:\/\/startitkbs.org\/wp-content\/uploads\/2020\/02\/https___bucketeer-e05bbc84-baa3-437e-9518-adb32be77984.s3.amazonaws.com_public_images_a3e6b90c-6d61-4e05-a542-b7747a0c05d3_1600x1068.jpeg 1600w\" sizes=\"(max-width: 1024px) 100vw, 1024px\" \/><\/figure>\n\n\n\n<p>Mais revenons \u00e0 nos moutons.\u00a0Cette ann\u00e9e, ce n\u2019est \u00ab\u00a0que \u00bb <strong>A$AP\u00a0ROCKY, Future &amp;\u00a0Wiz\u00a0Khalifa<\/strong> qui sont en t\u00eate d\u2019affiche, mais\u00a0c\u2019est tr\u00e8s loin d\u2019\u00eatre les seules stars actuelles de la sc\u00e8ne rap\u00a0am\u00e9ricaine.\u00a0En effet, les organisateurs ont mis les moyens car\u00a0il y aura sur sc\u00e8ne, en plus des trois t\u00eates d\u2019affiches,\u00a0<strong>Dababy,\u00a0Roddy\u00a0Rich, Gucci\u00a0Mane,\u00a0Trippie\u00a0Red,\u00a0NAV, A Boogie Wit Da Hoodie, Chief Keef, Young Thug<\/strong>\u00a0pour ne citer qu\u2019eux.<\/p>\n\n\n\n<p>Alors voil\u00e0, cette \u00e9dition europ\u00e9enne du Rolling\u00a0Loud\u00a0Festival n\u2019attend que vous pour profiter de cet \u00e9v\u00e8nement qui s\u2019annonce OUF.<\/p>\n\n\n\n<p>Enjoy&nbsp;&amp;&nbsp;Stay&nbsp;Tuned.&nbsp; <\/p>\n","protected":false},"excerpt":{"rendered":"<p>Cinq ans apr\u00e8s sa cr\u00e9ation, le Rolling\u00a0Loud\u00a0Festival\u00a0a\u00a0d\u00e9cid\u00e9 de changer d\u2019horizon.\u00a0En\u00a0effet, apr\u00e8s cinq dates aux Etats-Unis, les organisateurs du festival ont\u00a0d\u00e9cid\u00e9\u00a0de s\u2019installer du 8 au 10 juillet 2020 au Portugal, plus\u00a0pr\u00e9cis\u00e9ment\u00a0sur la plage de\u00a0Praia\u00a0de Rocha, dans la commune de\u00a0Portim\u00e3o. Ce festival est devenu incontournable, Miami \u00e0 l\u2019origine puis&nbsp;Los&nbsp;Angeles,&nbsp;New York&nbsp;et d\u2019autres lieux n\u2019ont pas laiss\u00e9s indiff\u00e9rents les&nbsp;Am\u00e9ricains&nbsp;et &#8230; <a title=\"Le Rolling Loud Festival : Une premi\u00e8re pour l&#8217;Europe\" class=\"read-more\" href=\"https:\/\/startitkbs.org\/index.php\/2020\/02\/10\/le-rolling-loud-festival-une-premiere-pour-leurope\/\">Lire la suite <span class=\"screen-reader-text\">Le Rolling Loud Festival : Une premi\u00e8re pour l&#8217;Europe<\/span><\/a><\/p>\n","protected":false},"author":2,"featured_media":7542,"comment_status":"open","ping_status":"open","sticky":false,"template":"","format":"standard","meta":{"_mi_skip_tracking":false,"cybocfi_hide_featured_image":""},"categories":[829],"tags":[],"yoast_head":"<!-- This site is optimized with the Yoast SEO plugin v18.0 - https:\/\/yoast.com\/wordpress\/plugins\/seo\/ -->\n<title>Le Rolling Loud Festival : Une premi\u00e8re pour l&#039;Europe - Start It<\/title>\n<meta name=\"robots\" content=\"index, follow, max-snippet:-1, max-image-preview:large, max-video-preview:-1\" \/>\n<link rel=\"canonical\" href=\"http:\/\/startitkbs.org\/index.php\/2020\/02\/10\/le-rolling-loud-festival-une-premiere-pour-leurope\/\" \/>\n<meta property=\"og:locale\" content=\"fr_FR\" \/>\n<meta property=\"og:type\" content=\"article\" \/>\n<meta property=\"og:title\" content=\"Le Rolling Loud Festival : Une premi\u00e8re pour l&#039;Europe - Start It\" \/>\n<meta property=\"og:description\" content=\"Cinq ans apr\u00e8s sa cr\u00e9ation, le Rolling\u00a0Loud\u00a0Festival\u00a0a\u00a0d\u00e9cid\u00e9 de changer d\u2019horizon.\u00a0En\u00a0effet, apr\u00e8s cinq dates aux Etats-Unis, les organisateurs du festival ont\u00a0d\u00e9cid\u00e9\u00a0de s\u2019installer du 8 au 10 juillet 2020 au Portugal, plus\u00a0pr\u00e9cis\u00e9ment\u00a0sur la plage de\u00a0Praia\u00a0de Rocha, dans la commune de\u00a0Portim\u00e3o. Ce festival est devenu incontournable, Miami \u00e0 l\u2019origine puis&nbsp;Los&nbsp;Angeles,&nbsp;New York&nbsp;et d\u2019autres lieux n\u2019ont pas laiss\u00e9s indiff\u00e9rents les&nbsp;Am\u00e9ricains&nbsp;et ... Lire la suite Le Rolling Loud Festival : Une premi\u00e8re pour l&#8217;Europe\" \/>\n<meta property=\"og:url\" content=\"http:\/\/startitkbs.org\/index.php\/2020\/02\/10\/le-rolling-loud-festival-une-premiere-pour-leurope\/\" \/>\n<meta property=\"og:site_name\" content=\"Start It\" \/>\n<meta property=\"article:publisher\" content=\"https:\/\/www.facebook.com\/startitkedgebs\/?ref=br_rs\" \/>\n<meta property=\"article:published_time\" content=\"2020-02-10T11:26:14+00:00\" \/>\n<meta property=\"article:modified_time\" content=\"2020-02-10T11:26:15+00:00\" \/>\n<meta property=\"og:image\" content=\"http:\/\/startitkbs.org\/wp-content\/uploads\/2020\/02\/rolling-loud-festival-2019-1561471414.48.2560x1440.jpg\" \/>\n\t<meta property=\"og:image:width\" content=\"2560\" \/>\n\t<meta property=\"og:image:height\" content=\"1440\" \/>\n\t<meta property=\"og:image:type\" content=\"image\/jpeg\" \/>\n<meta name=\"twitter:card\" content=\"summary_large_image\" \/>\n<meta name=\"twitter:label1\" content=\"\u00c9crit par\" \/>\n\t<meta name=\"twitter:data1\" content=\"Start It\" \/>\n\t<meta name=\"twitter:label2\" content=\"Dur\u00e9e de lecture estim\u00e9e\" \/>\n\t<meta name=\"twitter:data2\" content=\"2 minutes\" \/>\n<script type=\"application\/ld+json\" class=\"yoast-schema-graph\">{\"@context\":\"https:\/\/schema.org\",\"@graph\":[{\"@type\":\"WebSite\",\"@id\":\"http:\/\/startitkbs.org\/#website\",\"url\":\"http:\/\/startitkbs.org\/\",\"name\":\"Start It\",\"description\":\"Association musicale Bordelaise\",\"potentialAction\":[{\"@type\":\"SearchAction\",\"target\":{\"@type\":\"EntryPoint\",\"urlTemplate\":\"http:\/\/startitkbs.org\/?s={search_term_string}\"},\"query-input\":\"required name=search_term_string\"}],\"inLanguage\":\"fr-FR\"},{\"@type\":\"ImageObject\",\"@id\":\"http:\/\/startitkbs.org\/index.php\/2020\/02\/10\/le-rolling-loud-festival-une-premiere-pour-leurope\/#primaryimage\",\"inLanguage\":\"fr-FR\",\"url\":\"https:\/\/startitkbs.org\/wp-content\/uploads\/2020\/02\/rolling-loud-festival-2019-1561471414.48.2560x1440.jpg\",\"contentUrl\":\"https:\/\/startitkbs.org\/wp-content\/uploads\/2020\/02\/rolling-loud-festival-2019-1561471414.48.2560x1440.jpg\",\"width\":2560,\"height\":1440},{\"@type\":\"WebPage\",\"@id\":\"http:\/\/startitkbs.org\/index.php\/2020\/02\/10\/le-rolling-loud-festival-une-premiere-pour-leurope\/#webpage\",\"url\":\"http:\/\/startitkbs.org\/index.php\/2020\/02\/10\/le-rolling-loud-festival-une-premiere-pour-leurope\/\",\"name\":\"Le Rolling Loud Festival : Une premi\u00e8re pour l'Europe - Start It\",\"isPartOf\":{\"@id\":\"http:\/\/startitkbs.org\/#website\"},\"primaryImageOfPage\":{\"@id\":\"http:\/\/startitkbs.org\/index.php\/2020\/02\/10\/le-rolling-loud-festival-une-premiere-pour-leurope\/#primaryimage\"},\"datePublished\":\"2020-02-10T11:26:14+00:00\",\"dateModified\":\"2020-02-10T11:26:15+00:00\",\"author\":{\"@id\":\"http:\/\/startitkbs.org\/#\/schema\/person\/e6547bfb2f056b56d41e21a1d4991de7\"},\"breadcrumb\":{\"@id\":\"http:\/\/startitkbs.org\/index.php\/2020\/02\/10\/le-rolling-loud-festival-une-premiere-pour-leurope\/#breadcrumb\"},\"inLanguage\":\"fr-FR\",\"potentialAction\":[{\"@type\":\"ReadAction\",\"target\":[\"http:\/\/startitkbs.org\/index.php\/2020\/02\/10\/le-rolling-loud-festival-une-premiere-pour-leurope\/\"]}]},{\"@type\":\"BreadcrumbList\",\"@id\":\"http:\/\/startitkbs.org\/index.php\/2020\/02\/10\/le-rolling-loud-festival-une-premiere-pour-leurope\/#breadcrumb\",\"itemListElement\":[{\"@type\":\"ListItem\",\"position\":1,\"name\":\"Home\",\"item\":\"http:\/\/startitkbs.org\/\"},{\"@type\":\"ListItem\",\"position\":2,\"name\":\"Le Rolling Loud Festival : Une premi\u00e8re pour l&#8217;Europe\"}]},{\"@type\":\"Person\",\"@id\":\"http:\/\/startitkbs.org\/#\/schema\/person\/e6547bfb2f056b56d41e21a1d4991de7\",\"name\":\"Start It\",\"image\":{\"@type\":\"ImageObject\",\"@id\":\"http:\/\/startitkbs.org\/#personlogo\",\"inLanguage\":\"fr-FR\",\"url\":\"https:\/\/secure.gravatar.com\/avatar\/11862acbc548da566658503207ce57f4?s=96&d=mm&r=g\",\"contentUrl\":\"https:\/\/secure.gravatar.com\/avatar\/11862acbc548da566658503207ce57f4?s=96&d=mm&r=g\",\"caption\":\"Start It\"},\"sameAs\":[\"http:\/\/startitkbs.org\/\",\"https:\/\/www.instagram.com\/startit_asso\/\"],\"url\":\"https:\/\/startitkbs.org\/index.php\/author\/start-it\/\"}]}<\/script>\n<!-- \/ Yoast SEO plugin. -->","yoast_head_json":{"title":"Le Rolling Loud Festival : Une premi\u00e8re pour l'Europe - Start It","robots":{"index":"index","follow":"follow","max-snippet":"max-snippet:-1","max-image-preview":"max-image-preview:large","max-video-preview":"max-video-preview:-1"},"canonical":"http:\/\/startitkbs.org\/index.php\/2020\/02\/10\/le-rolling-loud-festival-une-premiere-pour-leurope\/","og_locale":"fr_FR","og_type":"article","og_title":"Le Rolling Loud Festival : Une premi\u00e8re pour l'Europe - Start It","og_description":"Cinq ans apr\u00e8s sa cr\u00e9ation, le Rolling\u00a0Loud\u00a0Festival\u00a0a\u00a0d\u00e9cid\u00e9 de changer d\u2019horizon.\u00a0En\u00a0effet, apr\u00e8s cinq dates aux Etats-Unis, les organisateurs du festival ont\u00a0d\u00e9cid\u00e9\u00a0de s\u2019installer du 8 au 10 juillet 2020 au Portugal, plus\u00a0pr\u00e9cis\u00e9ment\u00a0sur la plage de\u00a0Praia\u00a0de Rocha, dans la commune de\u00a0Portim\u00e3o. Ce festival est devenu incontournable, Miami \u00e0 l\u2019origine puis&nbsp;Los&nbsp;Angeles,&nbsp;New York&nbsp;et d\u2019autres lieux n\u2019ont pas laiss\u00e9s indiff\u00e9rents les&nbsp;Am\u00e9ricains&nbsp;et ... Lire la suite Le Rolling Loud Festival : Une premi\u00e8re pour l&#8217;Europe","og_url":"http:\/\/startitkbs.org\/index.php\/2020\/02\/10\/le-rolling-loud-festival-une-premiere-pour-leurope\/","og_site_name":"Start It","article_publisher":"https:\/\/www.facebook.com\/startitkedgebs\/?ref=br_rs","article_published_time":"2020-02-10T11:26:14+00:00","article_modified_time":"2020-02-10T11:26:15+00:00","og_image":[{"width":2560,"height":1440,"url":"http:\/\/startitkbs.org\/wp-content\/uploads\/2020\/02\/rolling-loud-festival-2019-1561471414.48.2560x1440.jpg","type":"image\/jpeg"}],"twitter_card":"summary_large_image","twitter_misc":{"\u00c9crit par":"Start It","Dur\u00e9e de lecture estim\u00e9e":"2 minutes"},"schema":{"@context":"https:\/\/schema.org","@graph":[{"@type":"WebSite","@id":"http:\/\/startitkbs.org\/#website","url":"http:\/\/startitkbs.org\/","name":"Start It","description":"Association musicale Bordelaise","potentialAction":[{"@type":"SearchAction","target":{"@type":"EntryPoint","urlTemplate":"http:\/\/startitkbs.org\/?s={search_term_string}"},"query-input":"required name=search_term_string"}],"inLanguage":"fr-FR"},{"@type":"ImageObject","@id":"http:\/\/startitkbs.org\/index.php\/2020\/02\/10\/le-rolling-loud-festival-une-premiere-pour-leurope\/#primaryimage","inLanguage":"fr-FR","url":"https:\/\/startitkbs.org\/wp-content\/uploads\/2020\/02\/rolling-loud-festival-2019-1561471414.48.2560x1440.jpg","contentUrl":"https:\/\/startitkbs.org\/wp-content\/uploads\/2020\/02\/rolling-loud-festival-2019-1561471414.48.2560x1440.jpg","width":2560,"height":1440},{"@type":"WebPage","@id":"http:\/\/startitkbs.org\/index.php\/2020\/02\/10\/le-rolling-loud-festival-une-premiere-pour-leurope\/#webpage","url":"http:\/\/startitkbs.org\/index.php\/2020\/02\/10\/le-rolling-loud-festival-une-premiere-pour-leurope\/","name":"Le Rolling Loud Festival : Une premi\u00e8re pour l'Europe - Start It","isPartOf":{"@id":"http:\/\/startitkbs.org\/#website"},"primaryImageOfPage":{"@id":"http:\/\/startitkbs.org\/index.php\/2020\/02\/10\/le-rolling-loud-festival-une-premiere-pour-leurope\/#primaryimage"},"datePublished":"2020-02-10T11:26:14+00:00","dateModified":"2020-02-10T11:26:15+00:00","author":{"@id":"http:\/\/startitkbs.org\/#\/schema\/person\/e6547bfb2f056b56d41e21a1d4991de7"},"breadcrumb":{"@id":"http:\/\/startitkbs.org\/index.php\/2020\/02\/10\/le-rolling-loud-festival-une-premiere-pour-leurope\/#breadcrumb"},"inLanguage":"fr-FR","potentialAction":[{"@type":"ReadAction","target":["http:\/\/startitkbs.org\/index.php\/2020\/02\/10\/le-rolling-loud-festival-une-premiere-pour-leurope\/"]}]},{"@type":"BreadcrumbList","@id":"http:\/\/startitkbs.org\/index.php\/2020\/02\/10\/le-rolling-loud-festival-une-premiere-pour-leurope\/#breadcrumb","itemListElement":[{"@type":"ListItem","position":1,"name":"Home","item":"http:\/\/startitkbs.org\/"},{"@type":"ListItem","position":2,"name":"Le Rolling Loud Festival : Une premi\u00e8re pour l&#8217;Europe"}]},{"@type":"Person","@id":"http:\/\/startitkbs.org\/#\/schema\/person\/e6547bfb2f056b56d41e21a1d4991de7","name":"Start It","image":{"@type":"ImageObject","@id":"http:\/\/startitkbs.org\/#personlogo","inLanguage":"fr-FR","url":"https:\/\/secure.gravatar.com\/avatar\/11862acbc548da566658503207ce57f4?s=96&d=mm&r=g","contentUrl":"https:\/\/secure.gravatar.com\/avatar\/11862acbc548da566658503207ce57f4?s=96&d=mm&r=g","caption":"Start It"},"sameAs":["http:\/\/startitkbs.org\/","https:\/\/www.instagram.com\/startit_asso\/"],"url":"https:\/\/startitkbs.org\/index.php\/author\/start-it\/"}]}},"_links":{"self":[{"href":"https:\/\/startitkbs.org\/index.php\/wp-json\/wp\/v2\/posts\/7541"}],"collection":[{"href":"https:\/\/startitkbs.org\/index.php\/wp-json\/wp\/v2\/posts"}],"about":[{"href":"https:\/\/startitkbs.org\/index.php\/wp-json\/wp\/v2\/types\/post"}],"author":[{"embeddable":true,"href":"https:\/\/startitkbs.org\/index.php\/wp-json\/wp\/v2\/users\/2"}],"replies":[{"embeddable":true,"href":"https:\/\/startitkbs.org\/index.php\/wp-json\/wp\/v2\/comments?post=7541"}],"version-history":[{"count":2,"href":"https:\/\/startitkbs.org\/index.php\/wp-json\/wp\/v2\/posts\/7541\/revisions"}],"predecessor-version":[{"id":7549,"href":"https:\/\/startitkbs.org\/index.php\/wp-json\/wp\/v2\/posts\/7541\/revisions\/7549"}],"wp:featuredmedia":[{"embeddable":true,"href":"https:\/\/startitkbs.org\/index.php\/wp-json\/wp\/v2\/media\/7542"}],"wp:attachment":[{"href":"https:\/\/startitkbs.org\/index.php\/wp-json\/wp\/v2\/media?parent=7541"}],"wp:term":[{"taxonomy":"category","embeddable":true,"href":"https:\/\/startitkbs.org\/index.php\/wp-json\/wp\/v2\/categories?post=7541"},{"taxonomy":"post_tag","embeddable":true,"href":"https:\/\/startitkbs.org\/index.php\/wp-json\/wp\/v2\/tags?post=7541"}],"curies":[{"name":"wp","href":"https:\/\/api.w.org\/{rel}","templated":true}]}}