{"id":8951,"date":"2020-12-17T22:48:22","date_gmt":"2020-12-17T21:48:22","guid":{"rendered":"http:\/\/startitkbs.org\/?p=8951"},"modified":"2020-12-17T22:48:23","modified_gmt":"2020-12-17T21:48:23","slug":"nouvel-album-de-jul-le-18-decembre","status":"publish","type":"post","link":"https:\/\/startitkbs.org\/index.php\/2020\/12\/17\/nouvel-album-de-jul-le-18-decembre\/","title":{"rendered":"Nouvel album de Jul le 18 d\u00e9cembre ?"},"content":{"rendered":"\n<p><em>En effet, le rappeur le plus productif du rap Fran\u00e7ais a annonc\u00e9 la sortie de son prochain album pour le vendredi 18 d\u00e9cembre prochain ! Son 21\u00e8me album est intitul\u00e9 &#8220;Loin du Monde&#8221; et nous avons maintenant connaissance de la cover et la tracklist du projet. <\/em>              <\/p>\n\n\n\n<figure class=\"wp-block-image\"><img loading=\"lazy\" width=\"830\" height=\"532\" src=\"http:\/\/startitkbs.org\/wp-content\/uploads\/2020\/12\/830x532_jul-mis-disques-or-encheres-vente-caritative.jpg\" alt=\"\" class=\"wp-image-8966\" srcset=\"https:\/\/startitkbs.org\/wp-content\/uploads\/2020\/12\/830x532_jul-mis-disques-or-encheres-vente-caritative.jpg 830w, https:\/\/startitkbs.org\/wp-content\/uploads\/2020\/12\/830x532_jul-mis-disques-or-encheres-vente-caritative-300x192.jpg 300w, https:\/\/startitkbs.org\/wp-content\/uploads\/2020\/12\/830x532_jul-mis-disques-or-encheres-vente-caritative-768x492.jpg 768w\" sizes=\"(max-width: 830px) 100vw, 830px\" \/><\/figure>\n\n\n\n<p>Le 11 d\u00e9cembre dernier, <strong>JuL<\/strong> fait de nouveau parler de lui avec l&#8217;annonce d&#8217;un nouvel album dont la sortie est pr\u00e9vue pour le 18 d\u00e9cembre prochain.&nbsp;De quoi se faire plaisir pendant les f\u00eates de fin d&#8217;ann\u00e9e.&nbsp; <\/p>\n\n\n\n<p>Le rappeur marseillais \u00e0 par la suite publi\u00e9 la tracklist de son projet&nbsp;sur ses r\u00e9seaux, et il n&#8217;a pas fait les choses \u00e0 moiti\u00e9.&nbsp; <\/p>\n\n\n\n<p> Ayant d\u00e9voil\u00e9 les titres officiels sur ses r\u00e9seaux, nous avons pu voir de nombreux featurings ! &#8220;<em>Loin du Monde<\/em>&#8221; contient en effet de nombreuses collaborations en passant par <strong>Sch<\/strong>, <strong>Wejdene<\/strong> ou encore <strong>Naps<\/strong> et bien d&#8217;autres artistes .. <\/p>\n\n\n\n<blockquote class=\"twitter-tweet\"><p lang=\"fr\" dir=\"ltr\">Tracklist loin du monde <br>\ud83d\udea818 decembre \ud83d\udea8<a href=\"https:\/\/t.co\/H7H2fA76Ut\">https:\/\/t.co\/H7H2fA76Ut<\/a> <a href=\"https:\/\/t.co\/xNYydJkNRU\">pic.twitter.com\/xNYydJkNRU<\/a><\/p>&mdash; Jul (@jul) <a href=\"https:\/\/twitter.com\/jul\/status\/1338236807977250818?ref_src=twsrc%5Etfw\">December 13, 2020<\/a><\/blockquote> <script async src=\"https:\/\/platform.twitter.com\/widgets.js\" charset=\"utf-8\"><\/script>\n\n\n\n<p>Comme nous pouvons le voir sur le teaser de l&#8217;album, &#8220;<em>Loin du Monde<\/em>&#8221; contiendra 18 titres et 11 invit\u00e9s.&nbsp;On retrouvera donc&nbsp;<strong>Wejdene<\/strong>,&nbsp;<strong>Naps, Le Rat Luciano, Alonzo et l&#8217;Algerino<\/strong>, ou encore&nbsp;<strong>SCH<\/strong>&nbsp;sur le titre &#8220;<em>Motherf**k<\/em>&#8221; sorti 10 d\u00e9cembre dernier. Dans cet eni\u00e8me projet, <strong>JuL<\/strong> regroupe un beau panel d&#8217;artistes d&#8217;horizons diff\u00e9rents et c&#8217;est ca qu&#8217;on aime ! &nbsp;<\/p>\n\n\n\n<p>On vous invite donc \u00e0 aller streamer ce nouvel album qui sera surement riche cr\u00e9ativit\u00e9, comme <strong>JuL<\/strong> a toujours su le faire depuis le d\u00e9but de sa carri\u00e8re.<\/p>\n\n\n\n<p>Enjoy and stay tuned ! <\/p>\n","protected":false},"excerpt":{"rendered":"<p>En effet, le rappeur le plus productif du rap Fran\u00e7ais a annonc\u00e9 la sortie de son prochain album pour le vendredi 18 d\u00e9cembre prochain ! Son 21\u00e8me album est intitul\u00e9 &#8220;Loin du Monde&#8221; et nous avons maintenant connaissance de la cover et la tracklist du projet. Le 11 d\u00e9cembre dernier, JuL fait de nouveau parler &#8230; <a title=\"Nouvel album de Jul le 18 d\u00e9cembre ?\" class=\"read-more\" href=\"https:\/\/startitkbs.org\/index.php\/2020\/12\/17\/nouvel-album-de-jul-le-18-decembre\/\">Lire la suite <span class=\"screen-reader-text\">Nouvel album de Jul le 18 d\u00e9cembre ?<\/span><\/a><\/p>\n","protected":false},"author":2,"featured_media":8952,"comment_status":"open","ping_status":"open","sticky":false,"template":"","format":"standard","meta":{"_mi_skip_tracking":false,"cybocfi_hide_featured_image":""},"categories":[829],"tags":[15,959,699,961,730,957,893,958,963,285,960,962],"yoast_head":"<!-- This site is optimized with the Yoast SEO plugin v18.0 - https:\/\/yoast.com\/wordpress\/plugins\/seo\/ -->\n<title>Nouvel album de Jul le 18 d\u00e9cembre ? - Start It<\/title>\n<meta name=\"robots\" content=\"index, follow, max-snippet:-1, max-image-preview:large, max-video-preview:-1\" \/>\n<link rel=\"canonical\" href=\"https:\/\/startitkbs.org\/index.php\/2020\/12\/17\/nouvel-album-de-jul-le-18-decembre\/\" \/>\n<meta property=\"og:locale\" content=\"fr_FR\" \/>\n<meta property=\"og:type\" content=\"article\" \/>\n<meta property=\"og:title\" content=\"Nouvel album de Jul le 18 d\u00e9cembre ? - Start It\" \/>\n<meta property=\"og:description\" content=\"En effet, le rappeur le plus productif du rap Fran\u00e7ais a annonc\u00e9 la sortie de son prochain album pour le vendredi 18 d\u00e9cembre prochain ! Son 21\u00e8me album est intitul\u00e9 &#8220;Loin du Monde&#8221; et nous avons maintenant connaissance de la cover et la tracklist du projet. Le 11 d\u00e9cembre dernier, JuL fait de nouveau parler ... Lire la suite Nouvel album de Jul le 18 d\u00e9cembre ?\" \/>\n<meta property=\"og:url\" content=\"https:\/\/startitkbs.org\/index.php\/2020\/12\/17\/nouvel-album-de-jul-le-18-decembre\/\" \/>\n<meta property=\"og:site_name\" content=\"Start It\" \/>\n<meta property=\"article:publisher\" content=\"https:\/\/www.facebook.com\/startitkedgebs\/?ref=br_rs\" \/>\n<meta property=\"article:published_time\" content=\"2020-12-17T21:48:22+00:00\" \/>\n<meta property=\"article:modified_time\" content=\"2020-12-17T21:48:23+00:00\" \/>\n<meta property=\"og:image\" content=\"https:\/\/startitkbs.org\/wp-content\/uploads\/2020\/12\/EpJGiQ_XYAUwLtY.jpg\" \/>\n\t<meta property=\"og:image:width\" content=\"1200\" \/>\n\t<meta property=\"og:image:height\" content=\"1200\" \/>\n\t<meta property=\"og:image:type\" content=\"image\/jpeg\" \/>\n<meta name=\"twitter:card\" content=\"summary_large_image\" \/>\n<meta name=\"twitter:label1\" content=\"\u00c9crit par\" \/>\n\t<meta name=\"twitter:data1\" content=\"Start It\" \/>\n\t<meta name=\"twitter:label2\" content=\"Dur\u00e9e de lecture estim\u00e9e\" \/>\n\t<meta name=\"twitter:data2\" content=\"1 minute\" \/>\n<script type=\"application\/ld+json\" class=\"yoast-schema-graph\">{\"@context\":\"https:\/\/schema.org\",\"@graph\":[{\"@type\":\"WebSite\",\"@id\":\"https:\/\/startitkbs.org\/#website\",\"url\":\"https:\/\/startitkbs.org\/\",\"name\":\"Start It\",\"description\":\"Association musicale Bordelaise\",\"potentialAction\":[{\"@type\":\"SearchAction\",\"target\":{\"@type\":\"EntryPoint\",\"urlTemplate\":\"https:\/\/startitkbs.org\/?s={search_term_string}\"},\"query-input\":\"required name=search_term_string\"}],\"inLanguage\":\"fr-FR\"},{\"@type\":\"ImageObject\",\"@id\":\"https:\/\/startitkbs.org\/index.php\/2020\/12\/17\/nouvel-album-de-jul-le-18-decembre\/#primaryimage\",\"inLanguage\":\"fr-FR\",\"url\":\"https:\/\/startitkbs.org\/wp-content\/uploads\/2020\/12\/EpJGiQ_XYAUwLtY.jpg\",\"contentUrl\":\"https:\/\/startitkbs.org\/wp-content\/uploads\/2020\/12\/EpJGiQ_XYAUwLtY.jpg\",\"width\":1200,\"height\":1200},{\"@type\":\"WebPage\",\"@id\":\"https:\/\/startitkbs.org\/index.php\/2020\/12\/17\/nouvel-album-de-jul-le-18-decembre\/#webpage\",\"url\":\"https:\/\/startitkbs.org\/index.php\/2020\/12\/17\/nouvel-album-de-jul-le-18-decembre\/\",\"name\":\"Nouvel album de Jul le 18 d\u00e9cembre ? - Start It\",\"isPartOf\":{\"@id\":\"https:\/\/startitkbs.org\/#website\"},\"primaryImageOfPage\":{\"@id\":\"https:\/\/startitkbs.org\/index.php\/2020\/12\/17\/nouvel-album-de-jul-le-18-decembre\/#primaryimage\"},\"datePublished\":\"2020-12-17T21:48:22+00:00\",\"dateModified\":\"2020-12-17T21:48:23+00:00\",\"author\":{\"@id\":\"https:\/\/startitkbs.org\/#\/schema\/person\/e6547bfb2f056b56d41e21a1d4991de7\"},\"breadcrumb\":{\"@id\":\"https:\/\/startitkbs.org\/index.php\/2020\/12\/17\/nouvel-album-de-jul-le-18-decembre\/#breadcrumb\"},\"inLanguage\":\"fr-FR\",\"potentialAction\":[{\"@type\":\"ReadAction\",\"target\":[\"https:\/\/startitkbs.org\/index.php\/2020\/12\/17\/nouvel-album-de-jul-le-18-decembre\/\"]}]},{\"@type\":\"BreadcrumbList\",\"@id\":\"https:\/\/startitkbs.org\/index.php\/2020\/12\/17\/nouvel-album-de-jul-le-18-decembre\/#breadcrumb\",\"itemListElement\":[{\"@type\":\"ListItem\",\"position\":1,\"name\":\"Home\",\"item\":\"https:\/\/startitkbs.org\/\"},{\"@type\":\"ListItem\",\"position\":2,\"name\":\"Nouvel album de Jul le 18 d\u00e9cembre ?\"}]},{\"@type\":\"Person\",\"@id\":\"https:\/\/startitkbs.org\/#\/schema\/person\/e6547bfb2f056b56d41e21a1d4991de7\",\"name\":\"Start It\",\"image\":{\"@type\":\"ImageObject\",\"@id\":\"https:\/\/startitkbs.org\/#personlogo\",\"inLanguage\":\"fr-FR\",\"url\":\"https:\/\/secure.gravatar.com\/avatar\/11862acbc548da566658503207ce57f4?s=96&d=mm&r=g\",\"contentUrl\":\"https:\/\/secure.gravatar.com\/avatar\/11862acbc548da566658503207ce57f4?s=96&d=mm&r=g\",\"caption\":\"Start It\"},\"sameAs\":[\"http:\/\/startitkbs.org\/\",\"https:\/\/www.instagram.com\/startit_asso\/\"],\"url\":\"https:\/\/startitkbs.org\/index.php\/author\/start-it\/\"}]}<\/script>\n<!-- \/ Yoast SEO plugin. -->","yoast_head_json":{"title":"Nouvel album de Jul le 18 d\u00e9cembre ? - Start It","robots":{"index":"index","follow":"follow","max-snippet":"max-snippet:-1","max-image-preview":"max-image-preview:large","max-video-preview":"max-video-preview:-1"},"canonical":"https:\/\/startitkbs.org\/index.php\/2020\/12\/17\/nouvel-album-de-jul-le-18-decembre\/","og_locale":"fr_FR","og_type":"article","og_title":"Nouvel album de Jul le 18 d\u00e9cembre ? - Start It","og_description":"En effet, le rappeur le plus productif du rap Fran\u00e7ais a annonc\u00e9 la sortie de son prochain album pour le vendredi 18 d\u00e9cembre prochain ! Son 21\u00e8me album est intitul\u00e9 &#8220;Loin du Monde&#8221; et nous avons maintenant connaissance de la cover et la tracklist du projet. Le 11 d\u00e9cembre dernier, JuL fait de nouveau parler ... Lire la suite Nouvel album de Jul le 18 d\u00e9cembre ?","og_url":"https:\/\/startitkbs.org\/index.php\/2020\/12\/17\/nouvel-album-de-jul-le-18-decembre\/","og_site_name":"Start It","article_publisher":"https:\/\/www.facebook.com\/startitkedgebs\/?ref=br_rs","article_published_time":"2020-12-17T21:48:22+00:00","article_modified_time":"2020-12-17T21:48:23+00:00","og_image":[{"width":1200,"height":1200,"url":"https:\/\/startitkbs.org\/wp-content\/uploads\/2020\/12\/EpJGiQ_XYAUwLtY.jpg","type":"image\/jpeg"}],"twitter_card":"summary_large_image","twitter_misc":{"\u00c9crit par":"Start It","Dur\u00e9e de lecture estim\u00e9e":"1 minute"},"schema":{"@context":"https:\/\/schema.org","@graph":[{"@type":"WebSite","@id":"https:\/\/startitkbs.org\/#website","url":"https:\/\/startitkbs.org\/","name":"Start It","description":"Association musicale Bordelaise","potentialAction":[{"@type":"SearchAction","target":{"@type":"EntryPoint","urlTemplate":"https:\/\/startitkbs.org\/?s={search_term_string}"},"query-input":"required name=search_term_string"}],"inLanguage":"fr-FR"},{"@type":"ImageObject","@id":"https:\/\/startitkbs.org\/index.php\/2020\/12\/17\/nouvel-album-de-jul-le-18-decembre\/#primaryimage","inLanguage":"fr-FR","url":"https:\/\/startitkbs.org\/wp-content\/uploads\/2020\/12\/EpJGiQ_XYAUwLtY.jpg","contentUrl":"https:\/\/startitkbs.org\/wp-content\/uploads\/2020\/12\/EpJGiQ_XYAUwLtY.jpg","width":1200,"height":1200},{"@type":"WebPage","@id":"https:\/\/startitkbs.org\/index.php\/2020\/12\/17\/nouvel-album-de-jul-le-18-decembre\/#webpage","url":"https:\/\/startitkbs.org\/index.php\/2020\/12\/17\/nouvel-album-de-jul-le-18-decembre\/","name":"Nouvel album de Jul le 18 d\u00e9cembre ? - Start It","isPartOf":{"@id":"https:\/\/startitkbs.org\/#website"},"primaryImageOfPage":{"@id":"https:\/\/startitkbs.org\/index.php\/2020\/12\/17\/nouvel-album-de-jul-le-18-decembre\/#primaryimage"},"datePublished":"2020-12-17T21:48:22+00:00","dateModified":"2020-12-17T21:48:23+00:00","author":{"@id":"https:\/\/startitkbs.org\/#\/schema\/person\/e6547bfb2f056b56d41e21a1d4991de7"},"breadcrumb":{"@id":"https:\/\/startitkbs.org\/index.php\/2020\/12\/17\/nouvel-album-de-jul-le-18-decembre\/#breadcrumb"},"inLanguage":"fr-FR","potentialAction":[{"@type":"ReadAction","target":["https:\/\/startitkbs.org\/index.php\/2020\/12\/17\/nouvel-album-de-jul-le-18-decembre\/"]}]},{"@type":"BreadcrumbList","@id":"https:\/\/startitkbs.org\/index.php\/2020\/12\/17\/nouvel-album-de-jul-le-18-decembre\/#breadcrumb","itemListElement":[{"@type":"ListItem","position":1,"name":"Home","item":"https:\/\/startitkbs.org\/"},{"@type":"ListItem","position":2,"name":"Nouvel album de Jul le 18 d\u00e9cembre ?"}]},{"@type":"Person","@id":"https:\/\/startitkbs.org\/#\/schema\/person\/e6547bfb2f056b56d41e21a1d4991de7","name":"Start It","image":{"@type":"ImageObject","@id":"https:\/\/startitkbs.org\/#personlogo","inLanguage":"fr-FR","url":"https:\/\/secure.gravatar.com\/avatar\/11862acbc548da566658503207ce57f4?s=96&d=mm&r=g","contentUrl":"https:\/\/secure.gravatar.com\/avatar\/11862acbc548da566658503207ce57f4?s=96&d=mm&r=g","caption":"Start It"},"sameAs":["http:\/\/startitkbs.org\/","https:\/\/www.instagram.com\/startit_asso\/"],"url":"https:\/\/startitkbs.org\/index.php\/author\/start-it\/"}]}},"_links":{"self":[{"href":"https:\/\/startitkbs.org\/index.php\/wp-json\/wp\/v2\/posts\/8951"}],"collection":[{"href":"https:\/\/startitkbs.org\/index.php\/wp-json\/wp\/v2\/posts"}],"about":[{"href":"https:\/\/startitkbs.org\/index.php\/wp-json\/wp\/v2\/types\/post"}],"author":[{"embeddable":true,"href":"https:\/\/startitkbs.org\/index.php\/wp-json\/wp\/v2\/users\/2"}],"replies":[{"embeddable":true,"href":"https:\/\/startitkbs.org\/index.php\/wp-json\/wp\/v2\/comments?post=8951"}],"version-history":[{"count":18,"href":"https:\/\/startitkbs.org\/index.php\/wp-json\/wp\/v2\/posts\/8951\/revisions"}],"predecessor-version":[{"id":8976,"href":"https:\/\/startitkbs.org\/index.php\/wp-json\/wp\/v2\/posts\/8951\/revisions\/8976"}],"wp:featuredmedia":[{"embeddable":true,"href":"https:\/\/startitkbs.org\/index.php\/wp-json\/wp\/v2\/media\/8952"}],"wp:attachment":[{"href":"https:\/\/startitkbs.org\/index.php\/wp-json\/wp\/v2\/media?parent=8951"}],"wp:term":[{"taxonomy":"category","embeddable":true,"href":"https:\/\/startitkbs.org\/index.php\/wp-json\/wp\/v2\/categories?post=8951"},{"taxonomy":"post_tag","embeddable":true,"href":"https:\/\/startitkbs.org\/index.php\/wp-json\/wp\/v2\/tags?post=8951"}],"curies":[{"name":"wp","href":"https:\/\/api.w.org\/{rel}","templated":true}]}}