{"id":9150,"date":"2021-01-20T20:12:44","date_gmt":"2021-01-20T19:12:44","guid":{"rendered":"http:\/\/startitkbs.org\/?p=9150"},"modified":"2021-01-20T20:12:45","modified_gmt":"2021-01-20T19:12:45","slug":"damso-une-fin-de-carriere-prevue-pour-2022","status":"publish","type":"post","link":"https:\/\/startitkbs.org\/index.php\/2021\/01\/20\/damso-une-fin-de-carriere-prevue-pour-2022\/","title":{"rendered":"Damso : une fin de carri\u00e8re pr\u00e9vue pour 2022"},"content":{"rendered":"\n<p><em>Lors d\u2019une interview accord\u00e9e au journal britannique The Guardian, Damso s\u2019est exprim\u00e9 entre autres sur son rapport \u00e0 l\u2019amour, son enfance au Congo et sur son intention de quitter l\u2019industrie musicale d\u2019ici 2022.<\/em><\/p>\n\n\n\n<p>L\u2019interpr\u00e8te de <em>QALF<\/em> est revenu sur les motivations qui l\u2019ont incit\u00e9 \u00e0 se lancer dans une carri\u00e8re musicale il y a 9 ans de cela : \u201cLa vie qu\u2019on m\u2019offrait ne me parlait pas : me r\u00e9veiller \u00e0 8 heures du matin, rentrer \u00e0 la maison \u00e0 5 heures ou plus tard, et attendre la retraite. J\u2019ai donc fait un plan sur 10 ans pour r\u00e9ussir, puis je suis parti&#8221;. <\/p>\n\n\n\n<p>Dans une interview accord\u00e9e \u00e0 Tarmac, <strong>Damso<\/strong> annon\u00e7ait d\u00e9j\u00e0 sa volont\u00e9 de se retirer de la sc\u00e8ne en 2022&nbsp;pour prendre le large : &#8220;J&#8217;ach\u00e8te un camping-car, je fais un studio dedans, je fais le tour du monde si je peux puis je fais des sons pour moi&#8221;. <\/p>\n\n\n\n<p>Cette d\u00e9cision est en partie motiv\u00e9e par le fonctionnement de l\u2019industrie musicale qu\u2019il juge n\u00e9faste \u00e0 la cr\u00e9ativit\u00e9 en raison de la recherche perp\u00e9tuelle de buzz. En effet, selon <strong>Damso<\/strong> &#8220;l\u2019industrie musicale tue les artistes&#8221;. <\/p>\n\n\n\n<figure class=\"wp-block-embed-twitter wp-block-embed is-type-rich is-provider-twitter\"><div class=\"wp-block-embed__wrapper\">\n<blockquote class=\"twitter-tweet\" data-width=\"550\" data-dnt=\"true\"><p lang=\"en\" dir=\"ltr\">&#39;The music industry kills artists&#39;: Damso, Belgium&#39;s biggest rap star <a href=\"https:\/\/t.co\/gqGVijBxpZ\">https:\/\/t.co\/gqGVijBxpZ<\/a><\/p>&mdash; The Guardian (@guardian) <a href=\"https:\/\/twitter.com\/guardian\/status\/1349342782830342144?ref_src=twsrc%5Etfw\">January 13, 2021<\/a><\/blockquote><script async src=\"https:\/\/platform.twitter.com\/widgets.js\" charset=\"utf-8\"><\/script>\n<\/div><\/figure>\n\n\n\n<p>Le rappeur <strong>Booba<\/strong> s\u2019est empress\u00e9 de r\u00e9agir \u00e0 cette annonce sur les r\u00e9seaux sociaux. Selon lui, la carri\u00e8re de <strong>Damso <\/strong>sera \u00e9court\u00e9e d\u00e8s le 5 mars prochain, soit la date de sortie de son nouvel album <em>Ultra<\/em>. <\/p>\n\n\n\n<figure class=\"wp-block-embed-twitter wp-block-embed is-type-rich is-provider-twitter\"><div class=\"wp-block-embed__wrapper\">\n<blockquote class=\"twitter-tweet\" data-width=\"550\" data-dnt=\"true\"><p lang=\"fr\" dir=\"ltr\">C\u2019est le 5 mars 2021 que tout s\u2019arr\u00eate en fait. Va falloir que qqun lui dise. <a href=\"https:\/\/t.co\/AX4XsSZUvd\">pic.twitter.com\/AX4XsSZUvd<\/a><\/p>&mdash; Booba (@booba) <a href=\"https:\/\/twitter.com\/booba\/status\/1349725246094503937?ref_src=twsrc%5Etfw\">January 14, 2021<\/a><\/blockquote><script async src=\"https:\/\/platform.twitter.com\/widgets.js\" charset=\"utf-8\"><\/script>\n<\/div><\/figure>\n\n\n\n<p>Enjoy &amp; Stay Tuned. <\/p>\n","protected":false},"excerpt":{"rendered":"<p>Lors d\u2019une interview accord\u00e9e au journal britannique The Guardian, Damso s\u2019est exprim\u00e9 entre autres sur son rapport \u00e0 l\u2019amour, son enfance au Congo et sur son intention de quitter l\u2019industrie musicale d\u2019ici 2022. L\u2019interpr\u00e8te de QALF est revenu sur les motivations qui l\u2019ont incit\u00e9 \u00e0 se lancer dans une carri\u00e8re musicale il y a 9 &#8230; <a title=\"Damso : une fin de carri\u00e8re pr\u00e9vue pour 2022\" class=\"read-more\" href=\"https:\/\/startitkbs.org\/index.php\/2021\/01\/20\/damso-une-fin-de-carriere-prevue-pour-2022\/\">Lire la suite <span class=\"screen-reader-text\">Damso : une fin de carri\u00e8re pr\u00e9vue pour 2022<\/span><\/a><\/p>\n","protected":false},"author":2,"featured_media":9152,"comment_status":"open","ping_status":"open","sticky":false,"template":"","format":"standard","meta":{"_mi_skip_tracking":false,"cybocfi_hide_featured_image":""},"categories":[829],"tags":[363,364,892],"yoast_head":"<!-- This site is optimized with the Yoast SEO plugin v18.0 - https:\/\/yoast.com\/wordpress\/plugins\/seo\/ -->\n<title>Damso : une fin de carri\u00e8re pr\u00e9vue pour 2022 - Start It<\/title>\n<meta name=\"robots\" content=\"index, follow, max-snippet:-1, max-image-preview:large, max-video-preview:-1\" \/>\n<link rel=\"canonical\" href=\"https:\/\/startitkbs.org\/index.php\/2021\/01\/20\/damso-une-fin-de-carriere-prevue-pour-2022\/\" \/>\n<meta property=\"og:locale\" content=\"fr_FR\" \/>\n<meta property=\"og:type\" content=\"article\" \/>\n<meta property=\"og:title\" content=\"Damso : une fin de carri\u00e8re pr\u00e9vue pour 2022 - Start It\" \/>\n<meta property=\"og:description\" content=\"Lors d\u2019une interview accord\u00e9e au journal britannique The Guardian, Damso s\u2019est exprim\u00e9 entre autres sur son rapport \u00e0 l\u2019amour, son enfance au Congo et sur son intention de quitter l\u2019industrie musicale d\u2019ici 2022. L\u2019interpr\u00e8te de QALF est revenu sur les motivations qui l\u2019ont incit\u00e9 \u00e0 se lancer dans une carri\u00e8re musicale il y a 9 ... Lire la suite Damso : une fin de carri\u00e8re pr\u00e9vue pour 2022\" \/>\n<meta property=\"og:url\" content=\"https:\/\/startitkbs.org\/index.php\/2021\/01\/20\/damso-une-fin-de-carriere-prevue-pour-2022\/\" \/>\n<meta property=\"og:site_name\" content=\"Start It\" \/>\n<meta property=\"article:publisher\" content=\"https:\/\/www.facebook.com\/startitkedgebs\/?ref=br_rs\" \/>\n<meta property=\"article:published_time\" content=\"2021-01-20T19:12:44+00:00\" \/>\n<meta property=\"article:modified_time\" content=\"2021-01-20T19:12:45+00:00\" \/>\n<meta property=\"og:image\" content=\"https:\/\/startitkbs.org\/wp-content\/uploads\/2021\/01\/860098F0-7BC3-4C62-86D7-2B0F4700F73B.jpeg\" \/>\n\t<meta property=\"og:image:width\" content=\"1393\" \/>\n\t<meta property=\"og:image:height\" content=\"784\" \/>\n\t<meta property=\"og:image:type\" content=\"image\/jpeg\" \/>\n<meta name=\"twitter:card\" content=\"summary_large_image\" \/>\n<meta name=\"twitter:label1\" content=\"\u00c9crit par\" \/>\n\t<meta name=\"twitter:data1\" content=\"Start It\" \/>\n\t<meta name=\"twitter:label2\" content=\"Dur\u00e9e de lecture estim\u00e9e\" \/>\n\t<meta name=\"twitter:data2\" content=\"1 minute\" \/>\n<script type=\"application\/ld+json\" class=\"yoast-schema-graph\">{\"@context\":\"https:\/\/schema.org\",\"@graph\":[{\"@type\":\"WebSite\",\"@id\":\"https:\/\/startitkbs.org\/#website\",\"url\":\"https:\/\/startitkbs.org\/\",\"name\":\"Start It\",\"description\":\"Association musicale Bordelaise\",\"potentialAction\":[{\"@type\":\"SearchAction\",\"target\":{\"@type\":\"EntryPoint\",\"urlTemplate\":\"https:\/\/startitkbs.org\/?s={search_term_string}\"},\"query-input\":\"required name=search_term_string\"}],\"inLanguage\":\"fr-FR\"},{\"@type\":\"ImageObject\",\"@id\":\"https:\/\/startitkbs.org\/index.php\/2021\/01\/20\/damso-une-fin-de-carriere-prevue-pour-2022\/#primaryimage\",\"inLanguage\":\"fr-FR\",\"url\":\"https:\/\/startitkbs.org\/wp-content\/uploads\/2021\/01\/860098F0-7BC3-4C62-86D7-2B0F4700F73B.jpeg\",\"contentUrl\":\"https:\/\/startitkbs.org\/wp-content\/uploads\/2021\/01\/860098F0-7BC3-4C62-86D7-2B0F4700F73B.jpeg\",\"width\":1393,\"height\":784},{\"@type\":\"WebPage\",\"@id\":\"https:\/\/startitkbs.org\/index.php\/2021\/01\/20\/damso-une-fin-de-carriere-prevue-pour-2022\/#webpage\",\"url\":\"https:\/\/startitkbs.org\/index.php\/2021\/01\/20\/damso-une-fin-de-carriere-prevue-pour-2022\/\",\"name\":\"Damso : une fin de carri\u00e8re pr\u00e9vue pour 2022 - Start It\",\"isPartOf\":{\"@id\":\"https:\/\/startitkbs.org\/#website\"},\"primaryImageOfPage\":{\"@id\":\"https:\/\/startitkbs.org\/index.php\/2021\/01\/20\/damso-une-fin-de-carriere-prevue-pour-2022\/#primaryimage\"},\"datePublished\":\"2021-01-20T19:12:44+00:00\",\"dateModified\":\"2021-01-20T19:12:45+00:00\",\"author\":{\"@id\":\"https:\/\/startitkbs.org\/#\/schema\/person\/e6547bfb2f056b56d41e21a1d4991de7\"},\"breadcrumb\":{\"@id\":\"https:\/\/startitkbs.org\/index.php\/2021\/01\/20\/damso-une-fin-de-carriere-prevue-pour-2022\/#breadcrumb\"},\"inLanguage\":\"fr-FR\",\"potentialAction\":[{\"@type\":\"ReadAction\",\"target\":[\"https:\/\/startitkbs.org\/index.php\/2021\/01\/20\/damso-une-fin-de-carriere-prevue-pour-2022\/\"]}]},{\"@type\":\"BreadcrumbList\",\"@id\":\"https:\/\/startitkbs.org\/index.php\/2021\/01\/20\/damso-une-fin-de-carriere-prevue-pour-2022\/#breadcrumb\",\"itemListElement\":[{\"@type\":\"ListItem\",\"position\":1,\"name\":\"Home\",\"item\":\"https:\/\/startitkbs.org\/\"},{\"@type\":\"ListItem\",\"position\":2,\"name\":\"Damso : une fin de carri\u00e8re pr\u00e9vue pour 2022\"}]},{\"@type\":\"Person\",\"@id\":\"https:\/\/startitkbs.org\/#\/schema\/person\/e6547bfb2f056b56d41e21a1d4991de7\",\"name\":\"Start It\",\"image\":{\"@type\":\"ImageObject\",\"@id\":\"https:\/\/startitkbs.org\/#personlogo\",\"inLanguage\":\"fr-FR\",\"url\":\"https:\/\/secure.gravatar.com\/avatar\/11862acbc548da566658503207ce57f4?s=96&d=mm&r=g\",\"contentUrl\":\"https:\/\/secure.gravatar.com\/avatar\/11862acbc548da566658503207ce57f4?s=96&d=mm&r=g\",\"caption\":\"Start It\"},\"sameAs\":[\"http:\/\/startitkbs.org\/\",\"https:\/\/www.instagram.com\/startit_asso\/\"],\"url\":\"https:\/\/startitkbs.org\/index.php\/author\/start-it\/\"}]}<\/script>\n<!-- \/ Yoast SEO plugin. -->","yoast_head_json":{"title":"Damso : une fin de carri\u00e8re pr\u00e9vue pour 2022 - Start It","robots":{"index":"index","follow":"follow","max-snippet":"max-snippet:-1","max-image-preview":"max-image-preview:large","max-video-preview":"max-video-preview:-1"},"canonical":"https:\/\/startitkbs.org\/index.php\/2021\/01\/20\/damso-une-fin-de-carriere-prevue-pour-2022\/","og_locale":"fr_FR","og_type":"article","og_title":"Damso : une fin de carri\u00e8re pr\u00e9vue pour 2022 - Start It","og_description":"Lors d\u2019une interview accord\u00e9e au journal britannique The Guardian, Damso s\u2019est exprim\u00e9 entre autres sur son rapport \u00e0 l\u2019amour, son enfance au Congo et sur son intention de quitter l\u2019industrie musicale d\u2019ici 2022. L\u2019interpr\u00e8te de QALF est revenu sur les motivations qui l\u2019ont incit\u00e9 \u00e0 se lancer dans une carri\u00e8re musicale il y a 9 ... Lire la suite Damso : une fin de carri\u00e8re pr\u00e9vue pour 2022","og_url":"https:\/\/startitkbs.org\/index.php\/2021\/01\/20\/damso-une-fin-de-carriere-prevue-pour-2022\/","og_site_name":"Start It","article_publisher":"https:\/\/www.facebook.com\/startitkedgebs\/?ref=br_rs","article_published_time":"2021-01-20T19:12:44+00:00","article_modified_time":"2021-01-20T19:12:45+00:00","og_image":[{"width":1393,"height":784,"url":"https:\/\/startitkbs.org\/wp-content\/uploads\/2021\/01\/860098F0-7BC3-4C62-86D7-2B0F4700F73B.jpeg","type":"image\/jpeg"}],"twitter_card":"summary_large_image","twitter_misc":{"\u00c9crit par":"Start It","Dur\u00e9e de lecture estim\u00e9e":"1 minute"},"schema":{"@context":"https:\/\/schema.org","@graph":[{"@type":"WebSite","@id":"https:\/\/startitkbs.org\/#website","url":"https:\/\/startitkbs.org\/","name":"Start It","description":"Association musicale Bordelaise","potentialAction":[{"@type":"SearchAction","target":{"@type":"EntryPoint","urlTemplate":"https:\/\/startitkbs.org\/?s={search_term_string}"},"query-input":"required name=search_term_string"}],"inLanguage":"fr-FR"},{"@type":"ImageObject","@id":"https:\/\/startitkbs.org\/index.php\/2021\/01\/20\/damso-une-fin-de-carriere-prevue-pour-2022\/#primaryimage","inLanguage":"fr-FR","url":"https:\/\/startitkbs.org\/wp-content\/uploads\/2021\/01\/860098F0-7BC3-4C62-86D7-2B0F4700F73B.jpeg","contentUrl":"https:\/\/startitkbs.org\/wp-content\/uploads\/2021\/01\/860098F0-7BC3-4C62-86D7-2B0F4700F73B.jpeg","width":1393,"height":784},{"@type":"WebPage","@id":"https:\/\/startitkbs.org\/index.php\/2021\/01\/20\/damso-une-fin-de-carriere-prevue-pour-2022\/#webpage","url":"https:\/\/startitkbs.org\/index.php\/2021\/01\/20\/damso-une-fin-de-carriere-prevue-pour-2022\/","name":"Damso : une fin de carri\u00e8re pr\u00e9vue pour 2022 - Start It","isPartOf":{"@id":"https:\/\/startitkbs.org\/#website"},"primaryImageOfPage":{"@id":"https:\/\/startitkbs.org\/index.php\/2021\/01\/20\/damso-une-fin-de-carriere-prevue-pour-2022\/#primaryimage"},"datePublished":"2021-01-20T19:12:44+00:00","dateModified":"2021-01-20T19:12:45+00:00","author":{"@id":"https:\/\/startitkbs.org\/#\/schema\/person\/e6547bfb2f056b56d41e21a1d4991de7"},"breadcrumb":{"@id":"https:\/\/startitkbs.org\/index.php\/2021\/01\/20\/damso-une-fin-de-carriere-prevue-pour-2022\/#breadcrumb"},"inLanguage":"fr-FR","potentialAction":[{"@type":"ReadAction","target":["https:\/\/startitkbs.org\/index.php\/2021\/01\/20\/damso-une-fin-de-carriere-prevue-pour-2022\/"]}]},{"@type":"BreadcrumbList","@id":"https:\/\/startitkbs.org\/index.php\/2021\/01\/20\/damso-une-fin-de-carriere-prevue-pour-2022\/#breadcrumb","itemListElement":[{"@type":"ListItem","position":1,"name":"Home","item":"https:\/\/startitkbs.org\/"},{"@type":"ListItem","position":2,"name":"Damso : une fin de carri\u00e8re pr\u00e9vue pour 2022"}]},{"@type":"Person","@id":"https:\/\/startitkbs.org\/#\/schema\/person\/e6547bfb2f056b56d41e21a1d4991de7","name":"Start It","image":{"@type":"ImageObject","@id":"https:\/\/startitkbs.org\/#personlogo","inLanguage":"fr-FR","url":"https:\/\/secure.gravatar.com\/avatar\/11862acbc548da566658503207ce57f4?s=96&d=mm&r=g","contentUrl":"https:\/\/secure.gravatar.com\/avatar\/11862acbc548da566658503207ce57f4?s=96&d=mm&r=g","caption":"Start It"},"sameAs":["http:\/\/startitkbs.org\/","https:\/\/www.instagram.com\/startit_asso\/"],"url":"https:\/\/startitkbs.org\/index.php\/author\/start-it\/"}]}},"_links":{"self":[{"href":"https:\/\/startitkbs.org\/index.php\/wp-json\/wp\/v2\/posts\/9150"}],"collection":[{"href":"https:\/\/startitkbs.org\/index.php\/wp-json\/wp\/v2\/posts"}],"about":[{"href":"https:\/\/startitkbs.org\/index.php\/wp-json\/wp\/v2\/types\/post"}],"author":[{"embeddable":true,"href":"https:\/\/startitkbs.org\/index.php\/wp-json\/wp\/v2\/users\/2"}],"replies":[{"embeddable":true,"href":"https:\/\/startitkbs.org\/index.php\/wp-json\/wp\/v2\/comments?post=9150"}],"version-history":[{"count":3,"href":"https:\/\/startitkbs.org\/index.php\/wp-json\/wp\/v2\/posts\/9150\/revisions"}],"predecessor-version":[{"id":9156,"href":"https:\/\/startitkbs.org\/index.php\/wp-json\/wp\/v2\/posts\/9150\/revisions\/9156"}],"wp:featuredmedia":[{"embeddable":true,"href":"https:\/\/startitkbs.org\/index.php\/wp-json\/wp\/v2\/media\/9152"}],"wp:attachment":[{"href":"https:\/\/startitkbs.org\/index.php\/wp-json\/wp\/v2\/media?parent=9150"}],"wp:term":[{"taxonomy":"category","embeddable":true,"href":"https:\/\/startitkbs.org\/index.php\/wp-json\/wp\/v2\/categories?post=9150"},{"taxonomy":"post_tag","embeddable":true,"href":"https:\/\/startitkbs.org\/index.php\/wp-json\/wp\/v2\/tags?post=9150"}],"curies":[{"name":"wp","href":"https:\/\/api.w.org\/{rel}","templated":true}]}}