{"id":9325,"date":"2021-02-08T16:12:38","date_gmt":"2021-02-08T15:12:38","guid":{"rendered":"http:\/\/startitkbs.org\/?p=9325"},"modified":"2021-02-08T16:12:39","modified_gmt":"2021-02-08T15:12:39","slug":"des-festival-cet-ete","status":"publish","type":"post","link":"https:\/\/startitkbs.org\/index.php\/2021\/02\/08\/des-festival-cet-ete\/","title":{"rendered":"Des festival cet \u00e9t\u00e9 ?"},"content":{"rendered":"\n<p><strong><em>Roselyne Bachelot<\/em><\/strong><em> (actuelle ministre de la Culture), a dialogu\u00e9 le 29 janvier dernier avec diff\u00e9rents festivals afin de discuter d&#8217;une \u00e9ventuelle possibilit\u00e9 d&#8217;une reprise de leurs activit\u00e9s d&#8217;ici cet \u00e9t\u00e9. La ministre s&#8217;est donn\u00e9e deux semaines pour leur proposer un plan d&#8217;action.<\/em><\/p>\n\n\n\n<p>Le vendredi 29 janvier dernier, notre ministre de la Culture a d\u00e9cid\u00e9 de s&#8217;entretenir avec les responsables de grands festivals fran\u00e7ais tels que les <strong>Vieilles<\/strong> <strong>Charrues<\/strong>, les <strong>Francofolies<\/strong> le <strong>Cabaret Vert<\/strong>, le <strong>Hellfest<\/strong> ou bien les <strong>Eurock\u00e9ennes<\/strong> ainsi qu&#8217;avec l&#8217;association <strong>Technopol<\/strong> et le syndicat national des producteurs, diffuseurs, festivals et salles de spectacle musical de vari\u00e9t\u00e9 intitul\u00e9 <strong>PRODISS<\/strong>. Cette longue discussion a pour objectif la reprise des festivals d&#8217;ici l&#8217;\u00e9t\u00e9 2021. Mais avant cela, <strong>Roselyne<\/strong> <strong>Bachelot<\/strong> a d\u00e9cid\u00e9 de travailler sur un plan d&#8217;action efficace pendant 15 jours et a donn\u00e9 rendez-vous aux organisateurs, associations et syndicats le 15 f\u00e9vrier prochain. Ce plan d&#8217;action sera compos\u00e9 d&#8217;un panel de proposition d&#8217;actions concr\u00e8tes ainsi que les aides financi\u00e8res et mesures d&#8217;accompagnement de la part de l&#8217;\u00c9tat. <\/p>\n\n\n\n<blockquote class=\"twitter-tweet\"><p lang=\"fr\" dir=\"ltr\">[Communiqu\u00e9] 15 jours pour sauver les festivals. Roselyne Bachelot, ministre de la Culture a \u00e9chang\u00e9 aujourd&#8217;hui avec des repr\u00e9sentants de festivals.<br>Nouveaux RV aux professionnels, le 15 f\u00e9vrier, pour pr\u00e9senter des r\u00e9ponses aux organisateurs de festivals et des solutions. <a href=\"https:\/\/t.co\/gMQNonMAOp\">pic.twitter.com\/gMQNonMAOp<\/a><\/p>\u2014 PRODISS (@prodiss) <a href=\"https:\/\/twitter.com\/prodiss\/status\/1355219613085216772?ref_src=twsrc%5Etfw\">January 29, 2021<\/a><\/blockquote> <script async=\"\" src=\"https:\/\/platform.twitter.com\/widgets.js\" charset=\"utf-8\"><\/script>\n\n\n\n<p>Durant une interview chez <strong>RTL<\/strong> qui a eu lieu le 5 janvier, la ministre de la Culture affirmait ceci : &#8220;On va aller dans les festivals cet \u00e9t\u00e9, on a le temps.&#8221;. Pour beaucoup, c&#8217;est d\u00e9sormais le moment de le prouver et de mettre tout en \u0153uvre pour que les organisateurs des festivals puissent reprendre leur activit\u00e9 d&#8217;ici cet \u00e9t\u00e9. Malgr\u00e9 cette intervention chez RTL, certains ont tout de m\u00eame des r\u00e9ticences sur cette affirmation. On peut voir <strong>Angelo Gopee<\/strong>, directeur g\u00e9n\u00e9ral de <strong>Live Nation France<\/strong>, qui \u00e9tait l&#8217;invit\u00e9 le lundi 11 janvier du Good Morning Business sur BFM Business pour faire part aux autres de ses peurs et de montrer tr\u00e8s clairement \u00e0 la ministre que non &#8220;Madame la ministre, nous n&#8217;avons plus le temps.&#8221;.<\/p>\n\n\n\n<p>On rappelle que le\u00a0<strong>Hellfest\u00a0<\/strong>a r\u00e9cemment adress\u00e9 une lettre ouverte \u00e0 la ministre de la Culture afin de conna\u00eetre au plus vite le sort r\u00e9serv\u00e9 aux festivals cette ann\u00e9e, pr\u00e9cisant que son \u00e9quipe s\u2019\u00e9tait d\u00e9j\u00e0 remise au travail.\u00a0Les professionnels du secteur attendent aussi beaucoup des\u00a0<strong>fameux concerts-tests\u00a0<\/strong>qui doivent \u00eatre organis\u00e9s notamment \u00e0\u00a0Marseille. Le <strong>PRODISS<\/strong> travaille actuellement avec la ville de Paris et l\u2019APHP afin de mettre en place\u00a0ce genre de concert\u00a0\u00e0 l\u2019image de\u00a0l\u2019exp\u00e9rience men\u00e9e \u00e0 Barcelone.<\/p>\n\n\n\n<p>Enjoy &amp; Stay Tuned. <\/p>\n","protected":false},"excerpt":{"rendered":"<p>Roselyne Bachelot (actuelle ministre de la Culture), a dialogu\u00e9 le 29 janvier dernier avec diff\u00e9rents festivals afin de discuter d&#8217;une \u00e9ventuelle possibilit\u00e9 d&#8217;une reprise de leurs activit\u00e9s d&#8217;ici cet \u00e9t\u00e9. La ministre s&#8217;est donn\u00e9e deux semaines pour leur proposer un plan d&#8217;action. Le vendredi 29 janvier dernier, notre ministre de la Culture a d\u00e9cid\u00e9 de &#8230; <a title=\"Des festival cet \u00e9t\u00e9 ?\" class=\"read-more\" href=\"https:\/\/startitkbs.org\/index.php\/2021\/02\/08\/des-festival-cet-ete\/\">Lire la suite <span class=\"screen-reader-text\">Des festival cet \u00e9t\u00e9 ?<\/span><\/a><\/p>\n","protected":false},"author":1,"featured_media":9326,"comment_status":"open","ping_status":"open","sticky":false,"template":"","format":"standard","meta":{"_mi_skip_tracking":false,"cybocfi_hide_featured_image":""},"categories":[829],"tags":[],"yoast_head":"<!-- This site is optimized with the Yoast SEO plugin v18.0 - https:\/\/yoast.com\/wordpress\/plugins\/seo\/ -->\n<title>Des festival cet \u00e9t\u00e9 ? - Start It<\/title>\n<meta name=\"robots\" content=\"index, follow, max-snippet:-1, max-image-preview:large, max-video-preview:-1\" \/>\n<link rel=\"canonical\" href=\"https:\/\/startitkbs.org\/index.php\/2021\/02\/08\/des-festival-cet-ete\/\" \/>\n<meta property=\"og:locale\" content=\"fr_FR\" \/>\n<meta property=\"og:type\" content=\"article\" \/>\n<meta property=\"og:title\" content=\"Des festival cet \u00e9t\u00e9 ? - Start It\" \/>\n<meta property=\"og:description\" content=\"Roselyne Bachelot (actuelle ministre de la Culture), a dialogu\u00e9 le 29 janvier dernier avec diff\u00e9rents festivals afin de discuter d&#8217;une \u00e9ventuelle possibilit\u00e9 d&#8217;une reprise de leurs activit\u00e9s d&#8217;ici cet \u00e9t\u00e9. La ministre s&#8217;est donn\u00e9e deux semaines pour leur proposer un plan d&#8217;action. Le vendredi 29 janvier dernier, notre ministre de la Culture a d\u00e9cid\u00e9 de ... Lire la suite Des festival cet \u00e9t\u00e9 ?\" \/>\n<meta property=\"og:url\" content=\"https:\/\/startitkbs.org\/index.php\/2021\/02\/08\/des-festival-cet-ete\/\" \/>\n<meta property=\"og:site_name\" content=\"Start It\" \/>\n<meta property=\"article:publisher\" content=\"https:\/\/www.facebook.com\/startitkedgebs\/?ref=br_rs\" \/>\n<meta property=\"article:published_time\" content=\"2021-02-08T15:12:38+00:00\" \/>\n<meta property=\"article:modified_time\" content=\"2021-02-08T15:12:39+00:00\" \/>\n<meta property=\"og:image\" content=\"https:\/\/startitkbs.org\/wp-content\/uploads\/2021\/02\/roselyne-bachelot-hier.jpg\" \/>\n\t<meta property=\"og:image:width\" content=\"1000\" \/>\n\t<meta property=\"og:image:height\" content=\"625\" \/>\n\t<meta property=\"og:image:type\" content=\"image\/jpeg\" \/>\n<meta name=\"twitter:card\" content=\"summary_large_image\" \/>\n<meta name=\"twitter:label1\" content=\"\u00c9crit par\" \/>\n\t<meta name=\"twitter:data1\" content=\"admin2897\" \/>\n\t<meta name=\"twitter:label2\" content=\"Dur\u00e9e de lecture estim\u00e9e\" \/>\n\t<meta name=\"twitter:data2\" content=\"2 minutes\" \/>\n<script type=\"application\/ld+json\" class=\"yoast-schema-graph\">{\"@context\":\"https:\/\/schema.org\",\"@graph\":[{\"@type\":\"WebSite\",\"@id\":\"https:\/\/startitkbs.org\/#website\",\"url\":\"https:\/\/startitkbs.org\/\",\"name\":\"Start It\",\"description\":\"Association musicale Bordelaise\",\"potentialAction\":[{\"@type\":\"SearchAction\",\"target\":{\"@type\":\"EntryPoint\",\"urlTemplate\":\"https:\/\/startitkbs.org\/?s={search_term_string}\"},\"query-input\":\"required name=search_term_string\"}],\"inLanguage\":\"fr-FR\"},{\"@type\":\"ImageObject\",\"@id\":\"https:\/\/startitkbs.org\/index.php\/2021\/02\/08\/des-festival-cet-ete\/#primaryimage\",\"inLanguage\":\"fr-FR\",\"url\":\"https:\/\/startitkbs.org\/wp-content\/uploads\/2021\/02\/roselyne-bachelot-hier.jpg\",\"contentUrl\":\"https:\/\/startitkbs.org\/wp-content\/uploads\/2021\/02\/roselyne-bachelot-hier.jpg\",\"width\":1000,\"height\":625},{\"@type\":\"WebPage\",\"@id\":\"https:\/\/startitkbs.org\/index.php\/2021\/02\/08\/des-festival-cet-ete\/#webpage\",\"url\":\"https:\/\/startitkbs.org\/index.php\/2021\/02\/08\/des-festival-cet-ete\/\",\"name\":\"Des festival cet \u00e9t\u00e9 ? - Start It\",\"isPartOf\":{\"@id\":\"https:\/\/startitkbs.org\/#website\"},\"primaryImageOfPage\":{\"@id\":\"https:\/\/startitkbs.org\/index.php\/2021\/02\/08\/des-festival-cet-ete\/#primaryimage\"},\"datePublished\":\"2021-02-08T15:12:38+00:00\",\"dateModified\":\"2021-02-08T15:12:39+00:00\",\"author\":{\"@id\":\"https:\/\/startitkbs.org\/#\/schema\/person\/8c88adfb2a5b438d677c5af9c9a39911\"},\"breadcrumb\":{\"@id\":\"https:\/\/startitkbs.org\/index.php\/2021\/02\/08\/des-festival-cet-ete\/#breadcrumb\"},\"inLanguage\":\"fr-FR\",\"potentialAction\":[{\"@type\":\"ReadAction\",\"target\":[\"https:\/\/startitkbs.org\/index.php\/2021\/02\/08\/des-festival-cet-ete\/\"]}]},{\"@type\":\"BreadcrumbList\",\"@id\":\"https:\/\/startitkbs.org\/index.php\/2021\/02\/08\/des-festival-cet-ete\/#breadcrumb\",\"itemListElement\":[{\"@type\":\"ListItem\",\"position\":1,\"name\":\"Home\",\"item\":\"https:\/\/startitkbs.org\/\"},{\"@type\":\"ListItem\",\"position\":2,\"name\":\"Des festival cet \u00e9t\u00e9 ?\"}]},{\"@type\":\"Person\",\"@id\":\"https:\/\/startitkbs.org\/#\/schema\/person\/8c88adfb2a5b438d677c5af9c9a39911\",\"name\":\"admin2897\",\"image\":{\"@type\":\"ImageObject\",\"@id\":\"https:\/\/startitkbs.org\/#personlogo\",\"inLanguage\":\"fr-FR\",\"url\":\"https:\/\/secure.gravatar.com\/avatar\/d10c7dbba691436d15270e320ee1de0d?s=96&d=mm&r=g\",\"contentUrl\":\"https:\/\/secure.gravatar.com\/avatar\/d10c7dbba691436d15270e320ee1de0d?s=96&d=mm&r=g\",\"caption\":\"admin2897\"},\"url\":\"https:\/\/startitkbs.org\/index.php\/author\/admin2897\/\"}]}<\/script>\n<!-- \/ Yoast SEO plugin. -->","yoast_head_json":{"title":"Des festival cet \u00e9t\u00e9 ? - Start It","robots":{"index":"index","follow":"follow","max-snippet":"max-snippet:-1","max-image-preview":"max-image-preview:large","max-video-preview":"max-video-preview:-1"},"canonical":"https:\/\/startitkbs.org\/index.php\/2021\/02\/08\/des-festival-cet-ete\/","og_locale":"fr_FR","og_type":"article","og_title":"Des festival cet \u00e9t\u00e9 ? - Start It","og_description":"Roselyne Bachelot (actuelle ministre de la Culture), a dialogu\u00e9 le 29 janvier dernier avec diff\u00e9rents festivals afin de discuter d&#8217;une \u00e9ventuelle possibilit\u00e9 d&#8217;une reprise de leurs activit\u00e9s d&#8217;ici cet \u00e9t\u00e9. La ministre s&#8217;est donn\u00e9e deux semaines pour leur proposer un plan d&#8217;action. Le vendredi 29 janvier dernier, notre ministre de la Culture a d\u00e9cid\u00e9 de ... Lire la suite Des festival cet \u00e9t\u00e9 ?","og_url":"https:\/\/startitkbs.org\/index.php\/2021\/02\/08\/des-festival-cet-ete\/","og_site_name":"Start It","article_publisher":"https:\/\/www.facebook.com\/startitkedgebs\/?ref=br_rs","article_published_time":"2021-02-08T15:12:38+00:00","article_modified_time":"2021-02-08T15:12:39+00:00","og_image":[{"width":1000,"height":625,"url":"https:\/\/startitkbs.org\/wp-content\/uploads\/2021\/02\/roselyne-bachelot-hier.jpg","type":"image\/jpeg"}],"twitter_card":"summary_large_image","twitter_misc":{"\u00c9crit par":"admin2897","Dur\u00e9e de lecture estim\u00e9e":"2 minutes"},"schema":{"@context":"https:\/\/schema.org","@graph":[{"@type":"WebSite","@id":"https:\/\/startitkbs.org\/#website","url":"https:\/\/startitkbs.org\/","name":"Start It","description":"Association musicale Bordelaise","potentialAction":[{"@type":"SearchAction","target":{"@type":"EntryPoint","urlTemplate":"https:\/\/startitkbs.org\/?s={search_term_string}"},"query-input":"required name=search_term_string"}],"inLanguage":"fr-FR"},{"@type":"ImageObject","@id":"https:\/\/startitkbs.org\/index.php\/2021\/02\/08\/des-festival-cet-ete\/#primaryimage","inLanguage":"fr-FR","url":"https:\/\/startitkbs.org\/wp-content\/uploads\/2021\/02\/roselyne-bachelot-hier.jpg","contentUrl":"https:\/\/startitkbs.org\/wp-content\/uploads\/2021\/02\/roselyne-bachelot-hier.jpg","width":1000,"height":625},{"@type":"WebPage","@id":"https:\/\/startitkbs.org\/index.php\/2021\/02\/08\/des-festival-cet-ete\/#webpage","url":"https:\/\/startitkbs.org\/index.php\/2021\/02\/08\/des-festival-cet-ete\/","name":"Des festival cet \u00e9t\u00e9 ? - Start It","isPartOf":{"@id":"https:\/\/startitkbs.org\/#website"},"primaryImageOfPage":{"@id":"https:\/\/startitkbs.org\/index.php\/2021\/02\/08\/des-festival-cet-ete\/#primaryimage"},"datePublished":"2021-02-08T15:12:38+00:00","dateModified":"2021-02-08T15:12:39+00:00","author":{"@id":"https:\/\/startitkbs.org\/#\/schema\/person\/8c88adfb2a5b438d677c5af9c9a39911"},"breadcrumb":{"@id":"https:\/\/startitkbs.org\/index.php\/2021\/02\/08\/des-festival-cet-ete\/#breadcrumb"},"inLanguage":"fr-FR","potentialAction":[{"@type":"ReadAction","target":["https:\/\/startitkbs.org\/index.php\/2021\/02\/08\/des-festival-cet-ete\/"]}]},{"@type":"BreadcrumbList","@id":"https:\/\/startitkbs.org\/index.php\/2021\/02\/08\/des-festival-cet-ete\/#breadcrumb","itemListElement":[{"@type":"ListItem","position":1,"name":"Home","item":"https:\/\/startitkbs.org\/"},{"@type":"ListItem","position":2,"name":"Des festival cet \u00e9t\u00e9 ?"}]},{"@type":"Person","@id":"https:\/\/startitkbs.org\/#\/schema\/person\/8c88adfb2a5b438d677c5af9c9a39911","name":"admin2897","image":{"@type":"ImageObject","@id":"https:\/\/startitkbs.org\/#personlogo","inLanguage":"fr-FR","url":"https:\/\/secure.gravatar.com\/avatar\/d10c7dbba691436d15270e320ee1de0d?s=96&d=mm&r=g","contentUrl":"https:\/\/secure.gravatar.com\/avatar\/d10c7dbba691436d15270e320ee1de0d?s=96&d=mm&r=g","caption":"admin2897"},"url":"https:\/\/startitkbs.org\/index.php\/author\/admin2897\/"}]}},"_links":{"self":[{"href":"https:\/\/startitkbs.org\/index.php\/wp-json\/wp\/v2\/posts\/9325"}],"collection":[{"href":"https:\/\/startitkbs.org\/index.php\/wp-json\/wp\/v2\/posts"}],"about":[{"href":"https:\/\/startitkbs.org\/index.php\/wp-json\/wp\/v2\/types\/post"}],"author":[{"embeddable":true,"href":"https:\/\/startitkbs.org\/index.php\/wp-json\/wp\/v2\/users\/1"}],"replies":[{"embeddable":true,"href":"https:\/\/startitkbs.org\/index.php\/wp-json\/wp\/v2\/comments?post=9325"}],"version-history":[{"count":6,"href":"https:\/\/startitkbs.org\/index.php\/wp-json\/wp\/v2\/posts\/9325\/revisions"}],"predecessor-version":[{"id":9332,"href":"https:\/\/startitkbs.org\/index.php\/wp-json\/wp\/v2\/posts\/9325\/revisions\/9332"}],"wp:featuredmedia":[{"embeddable":true,"href":"https:\/\/startitkbs.org\/index.php\/wp-json\/wp\/v2\/media\/9326"}],"wp:attachment":[{"href":"https:\/\/startitkbs.org\/index.php\/wp-json\/wp\/v2\/media?parent=9325"}],"wp:term":[{"taxonomy":"category","embeddable":true,"href":"https:\/\/startitkbs.org\/index.php\/wp-json\/wp\/v2\/categories?post=9325"},{"taxonomy":"post_tag","embeddable":true,"href":"https:\/\/startitkbs.org\/index.php\/wp-json\/wp\/v2\/tags?post=9325"}],"curies":[{"name":"wp","href":"https:\/\/api.w.org\/{rel}","templated":true}]}}